{"id":35402,"date":"2023-01-31T10:40:55","date_gmt":"2023-01-31T13:40:55","guid":{"rendered":"http:\/\/www.rtvnoticias.com.ar\/?p=35402"},"modified":"2023-01-31T10:40:58","modified_gmt":"2023-01-31T13:40:58","slug":"ex-planta-calzar-calzatex-y-grupo-living-tomaron-posesion-del-inmueble","status":"publish","type":"post","link":"http:\/\/www.rtvnoticias.com.ar\/?p=35402","title":{"rendered":"Ex planta Calzar: Calzatex y Grupo Living tomaron posesi\u00f3n del inmueble"},"content":{"rendered":"\n<p>Se entregaron las tenencias con las que ambas empresas podr\u00e1n iniciar los trabajos necesarios para poner en producci\u00f3n el edificio emplazado en el Parque Industrial de Santa Rosa. \u00a0El Gobierno de La Pampa, a trav\u00e9s del Ministerio de la Producci\u00f3n, concret\u00f3 hoy la entrega de las tenencias precarias que permitir\u00e1n a las dos empresas seleccionadas \u00a0-Calzatex S.A y el grupo pampeano Living-, realizar las inversiones que permitan la puesta en marcha de las actividades proyectadas y avanzar en la compra definitiva de los inmuebles.<\/p>\n\n\n\n<p>Vale mencionar que hacia fines del mes de diciembre \u00a0de 2022, ambas empresas expusieron sus proyectos de negocios ante el gobernador Sergio Ziliotto y el equipo ministerial.<\/p>\n\n\n\n<p>Como parte del proceso de radicaci\u00f3n en el Parque Industrial, las empresas debieron cumplimentar la documentaci\u00f3n formal, tendiente a la aprobaci\u00f3n de la tenencia de los inmuebles.<\/p>\n\n\n\n<p>Las industrias seleccionadas son Grupo Living S.A.S., dedicada a la fabricaci\u00f3n de muebles en La Pampa, y Calzatex S.A., perteneciente a la industria textil de fabricaci\u00f3n de calzado, radicada actualmente en el Gran Buenos Aires.<br>En ese marco, y tal como lo anunciara el Gobernador, se firmaron y entregaron las tenencias provisorias, que permitir\u00e1n a las mencionadas empresas tomar posesi\u00f3n del inmueble y comenzar a realizar las inversiones que les permitan iniciar el proceso productivo.<\/p>\n\n\n\n<p><strong>Dise\u00f1o y f\u00e1brica de calzado<\/strong><br>La empresa Calzatex S.A. dedicada al dise\u00f1o y fabricaci\u00f3n de calzado, proyecta la relocalizaci\u00f3n e integraci\u00f3n de nuevos procesos productivos a su actividad, en las unidades funcionales de la ex planta Calzar identificadas como 1, 4, 5 y 6, que ocupan una superficie total de 9.200 metros cuadrados. En una primera etapa, incorporar\u00e1n 59 puestos de trabajo con una inversi\u00f3n estimada de\u00a0 $ 240.769.488,32, mientras que para su segunda etapa ampliar\u00e1 su capacidad de producci\u00f3n, y en la tercera sumar\u00e1 nuevas unidades de negocios.<\/p>\n\n\n\n<p>Gustavo Alberto Moreno confirm\u00f3 que ya se trabaja en el proyecto planificado por etapas y que contempla la incorporaci\u00f3n de\u00a0 los ex empleados de Calzar, a la vez que se reciben los curriculum de manera sistem\u00e1tica.<\/p>\n\n\n\n<p><strong>Muebles para el hogar, oficina y comercios<\/strong><br>Por su parte, la empresa pampeana Living &amp; Confort dedicada a la fabricaci\u00f3n de muebles para el hogar, oficina o comercios, recibi\u00f3 la adjudicaci\u00f3n de dos naves industriales, asign\u00e1ndosele las unidades funcionales 1 y 2 que totalizan una superficie de 3.300 metros cuadrados, lo que le permitir\u00e1 concretar su proyecto de expansi\u00f3n, con una inversi\u00f3n de $ 91.367.000 y la generaci\u00f3n de 40 puestos de trabajo.<\/p>\n\n\n\n<p>\u201cComenzaremos con la radicaci\u00f3n de la planta, luego fabricaremos goma espuma, que es nuestro principal insumo, esto nos ocupar\u00e1 todo el 2023; y luego fabricaremos una l\u00ednea de colchones\u201d, precis\u00f3 Juan Pablo Azc\u00e1rate, propietario del Grupo, a la Agencia Provincial de Noticias.<\/p>\n\n\n\n<p>Participaron de esta reuni\u00f3n la ministra de Producci\u00f3n, Fernanda Gonz\u00e1lez, la subsecretaria de Industria, Comercio y Pymes, Vanina Fern\u00e1ndez; \u00a0el director de Desarrollo Industrial, \u00a0Alex Rodrigo; las empresas estuvieron representadas por Gustavo Moreno, por Calzatex SA\u00a0 y Juan Pablo Azcarate por el Grupo Living SAS.<\/p>\n\n\n\n<p><strong>Proceso de pre-selecci\u00f3n<\/strong><br>Cabe recordar que se presentaron 14 propuestas de inversi\u00f3n, 12 correspondientes a empresas pampeanas, para lo cual se constituy\u00f3 un \u201cComit\u00e9 de preselecci\u00f3n y clasificaci\u00f3n\u201d, conformado por representantes del Ministerio de la Producci\u00f3n, del Ministerio de Hacienda y Finanzas, de la Agencia La Pampa de Inversiones y Comercio Exterior (I-COMEX) y de la Uni\u00f3n Industrial de La Pampa (UNILPa).<\/p>\n\n\n\n<p>Las empresas que no resultaron seleccionadas fueron convocadas desde el Ministerio de la Producci\u00f3n para trabajar en un plan de acci\u00f3n que permita concretar los proyectos propuestos, a trav\u00e9s de la radicaci\u00f3n en Parques y Zonas industriales de la Provincia y el acompa\u00f1amiento financiero del Ministerio de la Producci\u00f3n.<\/p>\n<div class=\"sharedaddy sd-sharing-enabled\"><div class=\"robots-nocontent sd-block sd-social sd-social-icon sd-sharing\"><h3 class=\"sd-title\">Comparte esto:<\/h3><div class=\"sd-content\"><ul><li class=\"share-twitter\"><a rel=\"nofollow noopener noreferrer\" data-shared=\"sharing-twitter-35402\" class=\"share-twitter sd-button share-icon no-text\" href=\"http:\/\/www.rtvnoticias.com.ar\/?p=35402&amp;share=twitter\" target=\"_blank\" title=\"Haz clic para compartir en Twitter\"><span><\/span><span class=\"sharing-screen-reader-text\">Haz clic para compartir en Twitter (Se abre en una ventana nueva)<\/span><\/a><\/li><li class=\"share-facebook\"><a rel=\"nofollow noopener noreferrer\" data-shared=\"sharing-facebook-35402\" class=\"share-facebook sd-button share-icon no-text\" href=\"http:\/\/www.rtvnoticias.com.ar\/?p=35402&amp;share=facebook\" target=\"_blank\" title=\"Haz clic para compartir en Facebook\"><span><\/span><span class=\"sharing-screen-reader-text\">Haz clic para compartir en Facebook (Se abre en una ventana nueva)<\/span><\/a><\/li><li class=\"share-jetpack-whatsapp\"><a rel=\"nofollow noopener noreferrer\" data-shared=\"\" class=\"share-jetpack-whatsapp sd-button share-icon no-text\" href=\"http:\/\/www.rtvnoticias.com.ar\/?p=35402&amp;share=jetpack-whatsapp\" target=\"_blank\" title=\"Haz clic para compartir en WhatsApp\"><span><\/span><span class=\"sharing-screen-reader-text\">Haz clic para compartir en WhatsApp (Se abre en una ventana nueva)<\/span><\/a><\/li><li class=\"share-telegram\"><a rel=\"nofollow noopener noreferrer\" data-shared=\"\" class=\"share-telegram sd-button share-icon no-text\" href=\"http:\/\/www.rtvnoticias.com.ar\/?p=35402&amp;share=telegram\" target=\"_blank\" title=\"Haz clic para compartir en Telegram\"><span><\/span><span class=\"sharing-screen-reader-text\">Haz clic para compartir en Telegram (Se abre en una ventana nueva)<\/span><\/a><\/li><li class=\"share-end\"><\/li><\/ul><\/div><\/div><\/div>","protected":false},"excerpt":{"rendered":"<p>Se entregaron las tenencias con las que ambas empresas podr\u00e1n iniciar los trabajos necesarios para poner en producci\u00f3n el edificio emplazado en el Parque Industrial<\/p>\n<div class=\"sharedaddy sd-sharing-enabled\"><div class=\"robots-nocontent sd-block sd-social sd-social-icon sd-sharing\"><h3 class=\"sd-title\">Comparte esto:<\/h3><div class=\"sd-content\"><ul><li class=\"share-twitter\"><a rel=\"nofollow noopener noreferrer\" data-shared=\"sharing-twitter-35402\" class=\"share-twitter sd-button share-icon no-text\" href=\"http:\/\/www.rtvnoticias.com.ar\/?p=35402&amp;share=twitter\" target=\"_blank\" title=\"Haz clic para compartir en Twitter\"><span><\/span><span class=\"sharing-screen-reader-text\">Haz clic para compartir en Twitter (Se abre en una ventana nueva)<\/span><\/a><\/li><li class=\"share-facebook\"><a rel=\"nofollow noopener noreferrer\" data-shared=\"sharing-facebook-35402\" class=\"share-facebook sd-button share-icon no-text\" href=\"http:\/\/www.rtvnoticias.com.ar\/?p=35402&amp;share=facebook\" target=\"_blank\" title=\"Haz clic para compartir en Facebook\"><span><\/span><span class=\"sharing-screen-reader-text\">Haz clic para compartir en Facebook (Se abre en una ventana nueva)<\/span><\/a><\/li><li class=\"share-jetpack-whatsapp\"><a rel=\"nofollow noopener noreferrer\" data-shared=\"\" class=\"share-jetpack-whatsapp sd-button share-icon no-text\" href=\"http:\/\/www.rtvnoticias.com.ar\/?p=35402&amp;share=jetpack-whatsapp\" target=\"_blank\" title=\"Haz clic para compartir en WhatsApp\"><span><\/span><span class=\"sharing-screen-reader-text\">Haz clic para compartir en WhatsApp (Se abre en una ventana nueva)<\/span><\/a><\/li><li class=\"share-telegram\"><a rel=\"nofollow noopener noreferrer\" data-shared=\"\" class=\"share-telegram sd-button share-icon no-text\" href=\"http:\/\/www.rtvnoticias.com.ar\/?p=35402&amp;share=telegram\" target=\"_blank\" title=\"Haz clic para compartir en Telegram\"><span><\/span><span class=\"sharing-screen-reader-text\">Haz clic para compartir en Telegram (Se abre en una ventana nueva)<\/span><\/a><\/li><li class=\"share-end\"><\/li><\/ul><\/div><\/div><\/div>","protected":false},"author":7,"featured_media":35403,"comment_status":"closed","ping_status":"closed","sticky":false,"template":"","format":"standard","meta":{"spay_email":"","jetpack_publicize_message":"","jetpack_is_tweetstorm":false,"jetpack_publicize_feature_enabled":true},"categories":[4],"tags":[],"jetpack_featured_media_url":"http:\/\/www.rtvnoticias.com.ar\/wp-content\/uploads\/2023\/01\/calzatex.jpeg","jetpack_publicize_connections":[],"jetpack_sharing_enabled":true,"_links":{"self":[{"href":"http:\/\/www.rtvnoticias.com.ar\/index.php?rest_route=\/wp\/v2\/posts\/35402"}],"collection":[{"href":"http:\/\/www.rtvnoticias.com.ar\/index.php?rest_route=\/wp\/v2\/posts"}],"about":[{"href":"http:\/\/www.rtvnoticias.com.ar\/index.php?rest_route=\/wp\/v2\/types\/post"}],"author":[{"embeddable":true,"href":"http:\/\/www.rtvnoticias.com.ar\/index.php?rest_route=\/wp\/v2\/users\/7"}],"replies":[{"embeddable":true,"href":"http:\/\/www.rtvnoticias.com.ar\/index.php?rest_route=%2Fwp%2Fv2%2Fcomments&post=35402"}],"version-history":[{"count":1,"href":"http:\/\/www.rtvnoticias.com.ar\/index.php?rest_route=\/wp\/v2\/posts\/35402\/revisions"}],"predecessor-version":[{"id":35404,"href":"http:\/\/www.rtvnoticias.com.ar\/index.php?rest_route=\/wp\/v2\/posts\/35402\/revisions\/35404"}],"wp:featuredmedia":[{"embeddable":true,"href":"http:\/\/www.rtvnoticias.com.ar\/index.php?rest_route=\/wp\/v2\/media\/35403"}],"wp:attachment":[{"href":"http:\/\/www.rtvnoticias.com.ar\/index.php?rest_route=%2Fwp%2Fv2%2Fmedia&parent=35402"}],"wp:term":[{"taxonomy":"category","embeddable":true,"href":"http:\/\/www.rtvnoticias.com.ar\/index.php?rest_route=%2Fwp%2Fv2%2Fcategories&post=35402"},{"taxonomy":"post_tag","embeddable":true,"href":"http:\/\/www.rtvnoticias.com.ar\/index.php?rest_route=%2Fwp%2Fv2%2Ftags&post=35402"}],"curies":[{"name":"wp","href":"https:\/\/api.w.org\/{rel}","templated":true}]}}