{"id":35411,"date":"2023-01-31T19:23:01","date_gmt":"2023-01-31T22:23:01","guid":{"rendered":"http:\/\/www.rtvnoticias.com.ar\/?p=35411"},"modified":"2023-01-31T19:23:04","modified_gmt":"2023-01-31T22:23:04","slug":"trasladan-a-santa-rosa-a-un-bebe-de-13-meses-victima-de-maltratro-y-detienen-al-padre","status":"publish","type":"post","link":"http:\/\/www.rtvnoticias.com.ar\/?p=35411","title":{"rendered":"Trasladan a Santa Rosa a un beb\u00e9 de 13 meses, v\u00edctima de maltratro y detienen al padre"},"content":{"rendered":"\n<p>Tras haber ingresado el domingo por la noche una criatura de 13 meses con evidentes signos de maltrato, se decidi\u00f3 su traslado a Santa Rosa tras seguirse el protocolo correspondiente para estos tipos de casos.<\/p>\n\n\n\n<p>Seg\u00fan se supo, el menor que estaba al cuidado de su padre, presentaba lesiones que no se correspond\u00edan con una \u201cca\u00edda\u201d y tras su diagn\u00f3stico, se confirm\u00f3 que presentaba traumatismo de t\u00f3rax y abdomen, fractura de varias costillas, un edema pulmonar y perforaci\u00f3n de h\u00edgado. Por el momento se encuentra internado en terapia intensiva infantil y su condici\u00f3n es estable.<\/p>\n\n\n\n<p>Luego de la evaluaci\u00f3n del caso y con el seguimiento de rigor de la Subsecretar\u00eda de Ni\u00f1ez, Adolescencia y Familia, el fiscal Guillermo Komarofky confirm\u00f3 que actu\u00f3 de oficio la Comisar\u00eda Cuarta y detuvo al padre.<\/p>\n\n\n\n<p>En el caso tambi\u00e9n est\u00e1 involucrada una hermana del detenido.&nbsp;Este mediod\u00eda, la jueza Nora G\u00f3mez dict\u00f3 la prisi\u00f3n preventiva por 60 d\u00edas para el padre y la t\u00eda del menor, en una audiencia en la que participaron el fiscal Guillermo Komarofky y el defensor oficial Mauro Fern\u00e1ndez. El hombre qued\u00f3 detenido y la mujer con domiciliaria.<\/p>\n\n\n\n<p>El menor se encontraba al ciudado del padre porque en diciembre pasado hab\u00eda denunciado que su ex pareja y madre del beb\u00e9 \u201cse drogaba durante el embarazo y luego de que naci\u00f3, mismo tiempo en que se separaron, empez\u00f3 a notar los maltratos hacia su hijo. Intent\u00f3 acceder a los servicios brindados por los organismos encargados de ni\u00f1ez, pero no obtuvo ninguna respuesta e incluso dijo que \u2018lo ten\u00edan a las vueltas y minimizaban la situaci\u00f3n&#8217;\u201d, seg\u00fan relat\u00f3 a un medio de prensa local.<\/p>\n\n\n\n<p>En ese entonces, el hombre hab\u00eda indicado que \u201ctras unos estudios que se le realizaron por un problema de salud, se le habr\u00eda detectado en su organismo, sustancias t\u00f3xicas\u201d, por lo que el fiscal que interven\u00eda en esa causa orden\u00f3 la tenencia provisoria a \u00e9l e impuso una medida de restricci\u00f3n de acercamiento.<\/p>\n\n\n\n<p>Ahora, la madre del ni\u00f1o reclama por el accionar de la Justicia, ya que seg\u00fan sus palabras toda esta situaci\u00f3n se debi\u00f3 a falsas denuncias en su contra. Como todav\u00eda se mantiene la restricci\u00f3n de acercamiento de ella hacia su hijo, es su padre (el abuelo del beb\u00e9) quien se est\u00e1 haci\u00e9ndose cargo.<\/p>\n<div class=\"sharedaddy sd-sharing-enabled\"><div class=\"robots-nocontent sd-block sd-social sd-social-icon sd-sharing\"><h3 class=\"sd-title\">Comparte esto:<\/h3><div class=\"sd-content\"><ul><li class=\"share-twitter\"><a rel=\"nofollow noopener noreferrer\" data-shared=\"sharing-twitter-35411\" class=\"share-twitter sd-button share-icon no-text\" href=\"http:\/\/www.rtvnoticias.com.ar\/?p=35411&amp;share=twitter\" target=\"_blank\" title=\"Haz clic para compartir en Twitter\"><span><\/span><span class=\"sharing-screen-reader-text\">Haz clic para compartir en Twitter (Se abre en una ventana nueva)<\/span><\/a><\/li><li class=\"share-facebook\"><a rel=\"nofollow noopener noreferrer\" data-shared=\"sharing-facebook-35411\" class=\"share-facebook sd-button share-icon no-text\" href=\"http:\/\/www.rtvnoticias.com.ar\/?p=35411&amp;share=facebook\" target=\"_blank\" title=\"Haz clic para compartir en Facebook\"><span><\/span><span class=\"sharing-screen-reader-text\">Haz clic para compartir en Facebook (Se abre en una ventana nueva)<\/span><\/a><\/li><li class=\"share-jetpack-whatsapp\"><a rel=\"nofollow noopener noreferrer\" data-shared=\"\" class=\"share-jetpack-whatsapp sd-button share-icon no-text\" href=\"http:\/\/www.rtvnoticias.com.ar\/?p=35411&amp;share=jetpack-whatsapp\" target=\"_blank\" title=\"Haz clic para compartir en WhatsApp\"><span><\/span><span class=\"sharing-screen-reader-text\">Haz clic para compartir en WhatsApp (Se abre en una ventana nueva)<\/span><\/a><\/li><li class=\"share-telegram\"><a rel=\"nofollow noopener noreferrer\" data-shared=\"\" class=\"share-telegram sd-button share-icon no-text\" href=\"http:\/\/www.rtvnoticias.com.ar\/?p=35411&amp;share=telegram\" target=\"_blank\" title=\"Haz clic para compartir en Telegram\"><span><\/span><span class=\"sharing-screen-reader-text\">Haz clic para compartir en Telegram (Se abre en una ventana nueva)<\/span><\/a><\/li><li class=\"share-end\"><\/li><\/ul><\/div><\/div><\/div>","protected":false},"excerpt":{"rendered":"<p>Tras haber ingresado el domingo por la noche una criatura de 13 meses con evidentes signos de maltrato, se decidi\u00f3 su traslado a Santa Rosa<\/p>\n<div class=\"sharedaddy sd-sharing-enabled\"><div class=\"robots-nocontent sd-block sd-social sd-social-icon sd-sharing\"><h3 class=\"sd-title\">Comparte esto:<\/h3><div class=\"sd-content\"><ul><li class=\"share-twitter\"><a rel=\"nofollow noopener noreferrer\" data-shared=\"sharing-twitter-35411\" class=\"share-twitter sd-button share-icon no-text\" href=\"http:\/\/www.rtvnoticias.com.ar\/?p=35411&amp;share=twitter\" target=\"_blank\" title=\"Haz clic para compartir en Twitter\"><span><\/span><span class=\"sharing-screen-reader-text\">Haz clic para compartir en Twitter (Se abre en una ventana nueva)<\/span><\/a><\/li><li class=\"share-facebook\"><a rel=\"nofollow noopener noreferrer\" data-shared=\"sharing-facebook-35411\" class=\"share-facebook sd-button share-icon no-text\" href=\"http:\/\/www.rtvnoticias.com.ar\/?p=35411&amp;share=facebook\" target=\"_blank\" title=\"Haz clic para compartir en Facebook\"><span><\/span><span class=\"sharing-screen-reader-text\">Haz clic para compartir en Facebook (Se abre en una ventana nueva)<\/span><\/a><\/li><li class=\"share-jetpack-whatsapp\"><a rel=\"nofollow noopener noreferrer\" data-shared=\"\" class=\"share-jetpack-whatsapp sd-button share-icon no-text\" href=\"http:\/\/www.rtvnoticias.com.ar\/?p=35411&amp;share=jetpack-whatsapp\" target=\"_blank\" title=\"Haz clic para compartir en WhatsApp\"><span><\/span><span class=\"sharing-screen-reader-text\">Haz clic para compartir en WhatsApp (Se abre en una ventana nueva)<\/span><\/a><\/li><li class=\"share-telegram\"><a rel=\"nofollow noopener noreferrer\" data-shared=\"\" class=\"share-telegram sd-button share-icon no-text\" href=\"http:\/\/www.rtvnoticias.com.ar\/?p=35411&amp;share=telegram\" target=\"_blank\" title=\"Haz clic para compartir en Telegram\"><span><\/span><span class=\"sharing-screen-reader-text\">Haz clic para compartir en Telegram (Se abre en una ventana nueva)<\/span><\/a><\/li><li class=\"share-end\"><\/li><\/ul><\/div><\/div><\/div>","protected":false},"author":7,"featured_media":15379,"comment_status":"closed","ping_status":"closed","sticky":false,"template":"","format":"standard","meta":{"spay_email":"","jetpack_publicize_message":"","jetpack_is_tweetstorm":false,"jetpack_publicize_feature_enabled":true},"categories":[3],"tags":[],"jetpack_featured_media_url":"http:\/\/www.rtvnoticias.com.ar\/wp-content\/uploads\/2019\/09\/tribunales-edificio.jpg","jetpack_publicize_connections":[],"jetpack_sharing_enabled":true,"_links":{"self":[{"href":"http:\/\/www.rtvnoticias.com.ar\/index.php?rest_route=\/wp\/v2\/posts\/35411"}],"collection":[{"href":"http:\/\/www.rtvnoticias.com.ar\/index.php?rest_route=\/wp\/v2\/posts"}],"about":[{"href":"http:\/\/www.rtvnoticias.com.ar\/index.php?rest_route=\/wp\/v2\/types\/post"}],"author":[{"embeddable":true,"href":"http:\/\/www.rtvnoticias.com.ar\/index.php?rest_route=\/wp\/v2\/users\/7"}],"replies":[{"embeddable":true,"href":"http:\/\/www.rtvnoticias.com.ar\/index.php?rest_route=%2Fwp%2Fv2%2Fcomments&post=35411"}],"version-history":[{"count":1,"href":"http:\/\/www.rtvnoticias.com.ar\/index.php?rest_route=\/wp\/v2\/posts\/35411\/revisions"}],"predecessor-version":[{"id":35423,"href":"http:\/\/www.rtvnoticias.com.ar\/index.php?rest_route=\/wp\/v2\/posts\/35411\/revisions\/35423"}],"wp:featuredmedia":[{"embeddable":true,"href":"http:\/\/www.rtvnoticias.com.ar\/index.php?rest_route=\/wp\/v2\/media\/15379"}],"wp:attachment":[{"href":"http:\/\/www.rtvnoticias.com.ar\/index.php?rest_route=%2Fwp%2Fv2%2Fmedia&parent=35411"}],"wp:term":[{"taxonomy":"category","embeddable":true,"href":"http:\/\/www.rtvnoticias.com.ar\/index.php?rest_route=%2Fwp%2Fv2%2Fcategories&post=35411"},{"taxonomy":"post_tag","embeddable":true,"href":"http:\/\/www.rtvnoticias.com.ar\/index.php?rest_route=%2Fwp%2Fv2%2Ftags&post=35411"}],"curies":[{"name":"wp","href":"https:\/\/api.w.org\/{rel}","templated":true}]}}