{"id":35412,"date":"2023-01-31T17:30:08","date_gmt":"2023-01-31T20:30:08","guid":{"rendered":"http:\/\/www.rtvnoticias.com.ar\/?p=35412"},"modified":"2023-01-31T17:30:11","modified_gmt":"2023-01-31T20:30:11","slug":"co-denuncio-personas-ligadas-al-gobierno-provincial-por-ataque-a-integrantes-de-su-lista","status":"publish","type":"post","link":"http:\/\/www.rtvnoticias.com.ar\/?p=35412","title":{"rendered":"CO denunci\u00f3 personas ligadas al gobierno provincial por \u00abataque a integrantes de su lista\u00bb"},"content":{"rendered":"\n<p>Comunidad Organizada ha informado que ha radicado una denuncia en sede policial y en la Justicia Electoral contra un exintegrante de su partido por tener una actitud agresiva hacia otra integrante, a trav\u00e9s de un comunicado que expresa lo siguiente:<\/p>\n\n\n\n<p><em>En el d\u00eda de hoy se hicieron presentaciones judiciales respecto a la aparici\u00f3n en el domicilio de una mujer de General Pico -candidata a diputada provincial- de Mario Sappa que entre otras injurias, calumnias, mentiras y falseamientos dirigidos a distintas personas, le dijo que \u201cten\u00eda que bajarse de la lista, ten\u00eda que renunciar porque ella iba a recibir un cargo pol\u00edtico y \u00e9l iba a hacerla a hablar con Bensus\u00e1n, aludiendo a este individuo hoy como senador nacional que estar\u00eda en algunos cargos dentro de lo que queda del Partido Justicialista y tambi\u00e9n colocado como apoderado de dicho conglomerado.<\/em><\/p>\n\n\n\n<p><em>A todo efecto se recuerda que Sappa estuvo integrando la lista de candidatos a diputados provinciales de Comunidad Organizada de 2019, donde tambi\u00e9n estaba Juan Brindesi y que los dos participaron de la usurpaci\u00f3n del cargo de Comunidad Organizada en Pampetrol conjuntamente con el oficialismo y juntos por el petr\u00f3leo integrado tambi\u00e9n por el grupo Torroba y Ardohain \u2013 Mac Allister.<\/em><\/p>\n\n\n\n<p><em>Precisamente \u00e9se es el objetivo, tratar de evitar la presentaci\u00f3n ante la sociedad quienes ellos no pueden presionar, comprar ni desvirtuar con distintos ofrecimientos.<\/em><\/p>\n\n\n\n<p><em>Se ha hecho una presentaci\u00f3n tambi\u00e9n en la Justicia Electoral que si bien est\u00e1 vinculada al gobierno provincial, se les pide que los intime al Partido Justicialista en la persona que est\u00e1 colocado como Presidente, Sergio Ziliotto, para que se abstenga de producir hechos como el perpetrado por este individuo Mario Sappa y\/o Bensus\u00e1n y\/u otro individuo en los t\u00e9rminos de presionar a personas en ejercicio de sus derechos c\u00edvicos-pol\u00edticos y generando graves perjuicios psicol\u00f3gicos de orden personal e incluso familiar.<\/em><\/p>\n\n\n\n<p><em><br>A CONTINUACI\u00d3N SE TRANSCRIBE LA DENUNCIA:<br>FORMULA DENUNCIA<br>DERECHO.<br>En el marco de la ley nacional N\u00b0 26.845 ley de protecci\u00f3n integral para prevenir, sancionar y erradicar la violencia contra las mujeres en los \u00e1mbitos en que desarrollen sus relaciones interpersonales cuyo objeto principal en su art\u00edculo 2\u00b0 \u201cLa presente ley tiene por objeto promover y garantizar: a) La eliminaci\u00f3n de la discriminaci\u00f3n entre mujeres y varones en todos los \u00f3rdenes de la vida; f) El acceso a la justicia de las mujeres que padecen violencia; g) La asistencia integral a las mujeres que padecen violencia en las \u00e1reas estatales y privadas que realicen actividades program\u00e1ticas destinadas a las mujeres y\/o en los servicios especializados de violencia\u201d. Asimismo el art\u00edculo 5 en sus incisos 2 y 6 expresa: \u201cQuedan especialmente comprendidos en la definici\u00f3n del art\u00edculo precedente, los siguientes tipos de violencia contra la mujer: 2.- Psicol\u00f3gica: La que causa da\u00f1o emocional y disminuci\u00f3n de la autoestima o perjudica y perturba el pleno desarrollo personal o que busca degradar o controlar sus acciones, comportamientos, creencias y decisiones, mediante amenaza, acoso, hostigamiento, restricci\u00f3n, humillaci\u00f3n, deshonra, descr\u00e9dito, manipulaci\u00f3n o aislamiento. Incluye tambi\u00e9n la culpabilizaci\u00f3n, vigilancia constante, exigencia de obediencia o sumisi\u00f3n, coerci\u00f3n verbal, persecuci\u00f3n, insulto, indiferencia, abandono, celos excesivos, chantaje, ridiculizaci\u00f3n, explotaci\u00f3n y limitaci\u00f3n del derecho de circulaci\u00f3n o cualquier otro medio que cause perjuicio a su salud psicol\u00f3gica y a la autodeterminaci\u00f3n; 6) Pol\u00edtica: La que se dirige a menoscabar, anular, impedir, obstaculizar o restringir la participaci\u00f3n pol\u00edtica de la mujer, vulnerando el derecho a una vida pol\u00edtica libre de violencia y\/o el derecho a participar en los asuntos p\u00fablicos y pol\u00edticos en condiciones de igualdad con los varones.<\/em><\/p>\n\n\n\n<p><em>Asimismo la norma citada, en su Art\u00edculo 6\u00ba expresa: \u201cA los efectos de esta ley se entiende por modalidades las formas en que se manifiestan los distintos tipos de violencia contra las mujeres en los diferentes \u00e1mbitos, quedando especialmente comprendidas las siguientes: b) Violencia institucional contra las mujeres: aquella realizada por las\/los funcionarias\/os, profesionales, personal y agentes pertenecientes a cualquier \u00f3rgano, ente o instituci\u00f3n p\u00fablica, que tenga como fin retardar, obstaculizar o impedir que las mujeres tengan acceso a las pol\u00edticas p\u00fablicas y ejerzan los derechos previstos en esta ley. Quedan comprendidas, adem\u00e1s, las que se ejercen en los partidos pol\u00edticos, sindicatos, organizaciones empresariales, deportivas y de la sociedad civil; h) Violencia p\u00fablica-pol\u00edtica contra las mujeres: aquella que, fundada en razones de g\u00e9nero, mediando intimidaci\u00f3n, hostigamiento, deshonra, descr\u00e9dito, persecuci\u00f3n, acoso y\/o amenazas, impida o limite el desarrollo propio de la vida pol\u00edtica o el acceso a derechos y deberes pol\u00edticos, atentando contra la normativa vigente en materia de representaci\u00f3n pol\u00edtica de las mujeres, y\/o desalentando o menoscabando el ejercicio pol\u00edtico o la actividad pol\u00edtica de las mujeres, pudiendo ocurrir en cualquier espacio de la vida p\u00fablica y pol\u00edtica, tales como instituciones estatales, recintos de votaci\u00f3n, partidos pol\u00edticos, organizaciones sociales, asociaciones sindicales, medios de comunicaci\u00f3n, entre otros;<\/em><\/p>\n\n\n\n<p><em>Que asimismo dentro de las medidas preventivas enunciadas en la normativa enunciada expresa en su art\u00edculo 26 como medidas preventivas urgentes: \u201ca) Durante cualquier etapa del proceso el\/la juez\/a interviniente podr\u00e1, de oficio o a petici\u00f3n de parte, ordenar una o m\u00e1s de las siguientes medidas preventivas de acuerdo a los tipos y modalidades de violencia contra las mujeres definidas en los art\u00edculos 5\u00ba y 6\u00ba de la presente ley: a. 1. Ordenar la prohibici\u00f3n de acercamiento del presunto agresor al lugar de residencia, trabajo, estudio, esparcimiento o a los lugares de habitual concurrencia de la mujer que padece violencia; a.2. Ordenar al presunto agresor que cese en los actos de perturbaci\u00f3n o intimidaci\u00f3n que, directa o indirectamente, realice hacia la mujer;\u201d.<\/em><\/p>\n\n\n\n<p><em>HECHOS:<br>Hace un tiempo aproximadamente el d\u00eda 15 de enero del a\u00f1o 2023 con posterioridad de la presentaci\u00f3n de la lista que integro como candidata a diputada provincial por el partido Comunidad Organizada, en mi domicilio particular situado en calle 409 bis N\u00b0 1.868 barrio Federal de la ciudad de General Pico se apersona Mario Sappa, a quien hacia muchos a\u00f1os ten\u00eda sin ver personalmente, que ya en el interior de mi vivienda me manifest\u00f3 verbalmente algunas de las siguientes frases: \u201cC\u00f3mo vas a estar con Juan Carlos Tierno es una Pyme familiar\u201d; \u201cYo estoy en el espacio de Comunidad Organizada\u201d; \u201cyo soy el asesor de Brindesi\u201d- refiri\u00e9ndose al actual diputado provincial Juan Pedro Brindesi-; \u201cTierno no va a ganar las elecciones\u201d, expres\u00e1ndome que yo no iba a entrar estando en el quinto lugar de candidata; \u201cbajate de la lista\u201d; \u201creuni\u00f3n privada a puertas cerradas con Bensusan\u201d \u2013 refiri\u00e9ndose al actual Senador Daniel Pablo Bensusan; \u201cTierno pincha los tel\u00e9fonos\u201d; que \u201cTierno no es buena persona\u201d, \u201clo hab\u00eda traicionado a \u00e9l y a Brindesi\u201d; y todo ello para seguir insisti\u00e9ndome en que me baje de la lista del partido Comunidad Organizada porque \u201csi yo me bajo de la lista todos se bajan de la lista\u201d.<\/em><\/p>\n\n\n\n<p><em>Que en el momento en que Sappa se procede a retirar de mi domicilio, ingresa en el mismo momento un amigo Miguel Serralta, que se saludan a la pasada con Mario Sappa.<\/em><\/p>\n\n\n\n<p><em>Posterior a esta reuni\u00f3n, Mario Sappa, me envi\u00f3 mensajes de audio y texto por medio de la aplicaci\u00f3n Whatsapp a mi tel\u00e9fono personal. En lo que transcribo en textos:<br>\u201c-Novedades el lunes fueron alguno all\u00e1?\u201d-<br>\u201cNo fueron a Santa Rosa\u201d<br>-\u201co ten\u00e9s alg\u00fan cambio, o te vas a descansar un poco despu\u00e9s de las elecciones\u201d-<\/em><\/p>\n\n\n\n<p><em>Que dejo constancia que soy empleada publica provincial en el Centro C\u00edvico de General Pico y que toda esta situaci\u00f3n me genera un serio desequilibrio a nivel psicol\u00f3gico habi\u00e9ndolo hablado en forma inmediata con mi esposo y otros amigos que me apoyan psicol\u00f3gicamente en forma permanente, teniendo incluso temor por la situaci\u00f3n laboral pero principalmente por la de mi situaci\u00f3n familiar y personal, por lo cual pido que se le avise a este se\u00f1or Sappa que no tenga m\u00e1s contacto de ninguna naturaleza conmigo ni con ning\u00fan familiar mio, as\u00ed como con las personas que el menciono como para que yo me re\u00fana en los t\u00e9rminos arriba explicados.<\/em><\/p>\n\n\n\n<p><em>Que la decisi\u00f3n de ejercer mis derechos c\u00edvicos y pol\u00edticos en la lista de Comunidad Organizada, es un convencimiento personal como as\u00ed tambi\u00e9n de un grupo de personas que yo \u00edntegro y que de ninguna manera he pensado ni pienso dejar de cumplir mis obligaciones y ejercicios de derechos como candidata, pero no obstante ello que tengo el temor respecto a toda esta situaci\u00f3n.<\/em><\/p>\n\n\n\n<p><em>Que dejo constancia tambi\u00e9n que de esta situaci\u00f3n la he puesto en conocimiento al presidente del partido Comunidad Organizada Juan Carlos Tierno, como as\u00ed tambi\u00e9n a otras personas que tambi\u00e9n integran la lista y que es muy probable que tambi\u00e9n hayan sido destinatarias de alguna maquinaci\u00f3n o acci\u00f3n con el mismo objetivo de renunciar a la lista.<\/em><\/p>\n\n\n\n<p><em>Que desde ese momento para mis movimientos en General Pico pido estar siempre acompa\u00f1ada por alg\u00fan amigo o allegado y reitero que pido seguridad para mi y mi familia tanto en mi domicilio particular como en mi lugar de trabajo.<\/em><\/p>\n\n\n\n<p><em>La presente se hace en el marco de la ley 26485 Ley de Protecci\u00f3n Integral para Prevenir, Sancionar y Erradicar la Violencia contra las mujeres en los \u00e1mbitos en que desarrollen sus relaciones interpersonales y de acuerdo a su art\u00edculo 21 esta presentaci\u00f3n se podr\u00e1 efectuar ante cualquier Juez\/jueza en cualquier fuero e instancia o ante el ministerio Publico.<\/em><\/p>\n\n\n\n<p><em>Tal desarrolle los hechos y sabiendo que al presente soy candidata a diputada provincial por el partido pol\u00edtico Comunidad Organizada estoy disminuyendo tambi\u00e9n mi salud f\u00edsica y mental, lesionando as\u00ed mis derechos humanos fundamentales como el derecho a vivir libre de violencia, al derecho constitucional de elegir y ser elegida para representar a los\/as ciudadanos\/as de la provincia de La Pampa consagrados en el art\u00edculo 75 inciso 22 de la Constituci\u00f3n Nacional.<\/em><\/p>\n\n\n\n<p><em>Estoy convencida de que los sucesos narrados constituyen actos de violencia institucional y pol\u00edtica de acuerdo a la Ley N\u00b0 26.485 de \u201cProtecci\u00f3n Integral para prevenir, sancionar y erradicar la violencia hacia las mujeres en los \u00e1mbitos en que desarrollan sus relaciones interpersonales.\u201d y por tal motivo solicito su pronta intervenci\u00f3n.<\/em><\/p>\n<div class=\"sharedaddy sd-sharing-enabled\"><div class=\"robots-nocontent sd-block sd-social sd-social-icon sd-sharing\"><h3 class=\"sd-title\">Comparte esto:<\/h3><div class=\"sd-content\"><ul><li class=\"share-twitter\"><a rel=\"nofollow noopener noreferrer\" data-shared=\"sharing-twitter-35412\" class=\"share-twitter sd-button share-icon no-text\" href=\"http:\/\/www.rtvnoticias.com.ar\/?p=35412&amp;share=twitter\" target=\"_blank\" title=\"Haz clic para compartir en Twitter\"><span><\/span><span class=\"sharing-screen-reader-text\">Haz clic para compartir en Twitter (Se abre en una ventana nueva)<\/span><\/a><\/li><li class=\"share-facebook\"><a rel=\"nofollow noopener noreferrer\" data-shared=\"sharing-facebook-35412\" class=\"share-facebook sd-button share-icon no-text\" href=\"http:\/\/www.rtvnoticias.com.ar\/?p=35412&amp;share=facebook\" target=\"_blank\" title=\"Haz clic para compartir en Facebook\"><span><\/span><span class=\"sharing-screen-reader-text\">Haz clic para compartir en Facebook (Se abre en una ventana nueva)<\/span><\/a><\/li><li class=\"share-jetpack-whatsapp\"><a rel=\"nofollow noopener noreferrer\" data-shared=\"\" class=\"share-jetpack-whatsapp sd-button share-icon no-text\" href=\"http:\/\/www.rtvnoticias.com.ar\/?p=35412&amp;share=jetpack-whatsapp\" target=\"_blank\" title=\"Haz clic para compartir en WhatsApp\"><span><\/span><span class=\"sharing-screen-reader-text\">Haz clic para compartir en WhatsApp (Se abre en una ventana nueva)<\/span><\/a><\/li><li class=\"share-telegram\"><a rel=\"nofollow noopener noreferrer\" data-shared=\"\" class=\"share-telegram sd-button share-icon no-text\" href=\"http:\/\/www.rtvnoticias.com.ar\/?p=35412&amp;share=telegram\" target=\"_blank\" title=\"Haz clic para compartir en Telegram\"><span><\/span><span class=\"sharing-screen-reader-text\">Haz clic para compartir en Telegram (Se abre en una ventana nueva)<\/span><\/a><\/li><li class=\"share-end\"><\/li><\/ul><\/div><\/div><\/div>","protected":false},"excerpt":{"rendered":"<p>Comunidad Organizada ha informado que ha radicado una denuncia en sede policial y en la Justicia Electoral contra un exintegrante de su partido por tener<\/p>\n<div class=\"sharedaddy sd-sharing-enabled\"><div class=\"robots-nocontent sd-block sd-social sd-social-icon sd-sharing\"><h3 class=\"sd-title\">Comparte esto:<\/h3><div class=\"sd-content\"><ul><li class=\"share-twitter\"><a rel=\"nofollow noopener noreferrer\" data-shared=\"sharing-twitter-35412\" class=\"share-twitter sd-button share-icon no-text\" href=\"http:\/\/www.rtvnoticias.com.ar\/?p=35412&amp;share=twitter\" target=\"_blank\" title=\"Haz clic para compartir en Twitter\"><span><\/span><span class=\"sharing-screen-reader-text\">Haz clic para compartir en Twitter (Se abre en una ventana nueva)<\/span><\/a><\/li><li class=\"share-facebook\"><a rel=\"nofollow noopener noreferrer\" data-shared=\"sharing-facebook-35412\" class=\"share-facebook sd-button share-icon no-text\" href=\"http:\/\/www.rtvnoticias.com.ar\/?p=35412&amp;share=facebook\" target=\"_blank\" title=\"Haz clic para compartir en Facebook\"><span><\/span><span class=\"sharing-screen-reader-text\">Haz clic para compartir en Facebook (Se abre en una ventana nueva)<\/span><\/a><\/li><li class=\"share-jetpack-whatsapp\"><a rel=\"nofollow noopener noreferrer\" data-shared=\"\" class=\"share-jetpack-whatsapp sd-button share-icon no-text\" href=\"http:\/\/www.rtvnoticias.com.ar\/?p=35412&amp;share=jetpack-whatsapp\" target=\"_blank\" title=\"Haz clic para compartir en WhatsApp\"><span><\/span><span class=\"sharing-screen-reader-text\">Haz clic para compartir en WhatsApp (Se abre en una ventana nueva)<\/span><\/a><\/li><li class=\"share-telegram\"><a rel=\"nofollow noopener noreferrer\" data-shared=\"\" class=\"share-telegram sd-button share-icon no-text\" href=\"http:\/\/www.rtvnoticias.com.ar\/?p=35412&amp;share=telegram\" target=\"_blank\" title=\"Haz clic para compartir en Telegram\"><span><\/span><span class=\"sharing-screen-reader-text\">Haz clic para compartir en Telegram (Se abre en una ventana nueva)<\/span><\/a><\/li><li class=\"share-end\"><\/li><\/ul><\/div><\/div><\/div>","protected":false},"author":7,"featured_media":35413,"comment_status":"closed","ping_status":"closed","sticky":false,"template":"","format":"standard","meta":{"spay_email":"","jetpack_publicize_message":"","jetpack_is_tweetstorm":false,"jetpack_publicize_feature_enabled":true},"categories":[4],"tags":[],"jetpack_featured_media_url":"http:\/\/www.rtvnoticias.com.ar\/wp-content\/uploads\/2023\/01\/CO-integrantes.jpg","jetpack_publicize_connections":[],"jetpack_sharing_enabled":true,"_links":{"self":[{"href":"http:\/\/www.rtvnoticias.com.ar\/index.php?rest_route=\/wp\/v2\/posts\/35412"}],"collection":[{"href":"http:\/\/www.rtvnoticias.com.ar\/index.php?rest_route=\/wp\/v2\/posts"}],"about":[{"href":"http:\/\/www.rtvnoticias.com.ar\/index.php?rest_route=\/wp\/v2\/types\/post"}],"author":[{"embeddable":true,"href":"http:\/\/www.rtvnoticias.com.ar\/index.php?rest_route=\/wp\/v2\/users\/7"}],"replies":[{"embeddable":true,"href":"http:\/\/www.rtvnoticias.com.ar\/index.php?rest_route=%2Fwp%2Fv2%2Fcomments&post=35412"}],"version-history":[{"count":1,"href":"http:\/\/www.rtvnoticias.com.ar\/index.php?rest_route=\/wp\/v2\/posts\/35412\/revisions"}],"predecessor-version":[{"id":35414,"href":"http:\/\/www.rtvnoticias.com.ar\/index.php?rest_route=\/wp\/v2\/posts\/35412\/revisions\/35414"}],"wp:featuredmedia":[{"embeddable":true,"href":"http:\/\/www.rtvnoticias.com.ar\/index.php?rest_route=\/wp\/v2\/media\/35413"}],"wp:attachment":[{"href":"http:\/\/www.rtvnoticias.com.ar\/index.php?rest_route=%2Fwp%2Fv2%2Fmedia&parent=35412"}],"wp:term":[{"taxonomy":"category","embeddable":true,"href":"http:\/\/www.rtvnoticias.com.ar\/index.php?rest_route=%2Fwp%2Fv2%2Fcategories&post=35412"},{"taxonomy":"post_tag","embeddable":true,"href":"http:\/\/www.rtvnoticias.com.ar\/index.php?rest_route=%2Fwp%2Fv2%2Ftags&post=35412"}],"curies":[{"name":"wp","href":"https:\/\/api.w.org\/{rel}","templated":true}]}}