{"id":35424,"date":"2023-01-31T19:38:46","date_gmt":"2023-01-31T22:38:46","guid":{"rendered":"http:\/\/www.rtvnoticias.com.ar\/?p=35424"},"modified":"2023-01-31T19:38:49","modified_gmt":"2023-01-31T22:38:49","slug":"hablo-el-tio-materno-lucio-magdalena-dejo-de-ser-mi-hermana","status":"publish","type":"post","link":"http:\/\/www.rtvnoticias.com.ar\/?p=35424","title":{"rendered":"Habl\u00f3 el t\u00edo materno Lucio: \u201cMagdalena dej\u00f3 de ser mi hermana\u201d"},"content":{"rendered":"\n<p class=\"has-text-align-center\"><strong>Maximiliano Esp\u00f3sito Valenti responde por primera vez a un medio, cuando faltan dos d\u00edas para la sentencia. Su dolor por el asesinato de su sobrino y la \u00faltima vez que habl\u00f3 con la acusada<\/strong><\/p>\n\n\n\n<p>Maximiliano Esp\u00f3sito Valenti guarda sus fotos con su sobrino, Lucio Abel Dupuy, como un tesoro invaluable. Tiene decenas de ellas y en distintos momentos. Se los puede ver jugando a la pelota, paseando en auto y hasta andando en cuatriciclo. Siente que lo hacen estar un poco m\u00e1s cerca de ese chiquito de 5 a\u00f1os que el 26 de noviembre del 2021 fue brutalmente asesinado, luego de un largo per\u00edodo de torturas. Una de las acusadas es su hermana Magdalena, la madre del nene, y la otra, la novia de ella, Abigail Pa\u00e9z.&nbsp;Aunque Maximiliano ya no la siente a \u201cMagui\u201d parte de su familia. \u201cDej\u00f3 de ser mi hermana. Lucio era el hijo que no tengo\u201d.<\/p>\n\n\n\n<p>El crimen de Lucio despert\u00f3 en la sociedad entera un rechazo pocas veces visto contra alg\u00fan o alguna acusada de un asesinato. Un pa\u00eds entero est\u00e1 pendiente del pedido de justicia por ese chiquito que fue asesinado. Sin embargo, la relaci\u00f3n de Maximiliano Esp\u00f3sito con su hermana, y madre del nene, se rompi\u00f3 mucho antes de aquel d\u00eda del homicidio.<\/p>\n\n\n\n<p>\u201cLa \u00faltima vez que la vi fue cuando dej\u00f3 a Lucio con Maxi (su t\u00edo paterno). Esa fue la \u00faltima vez que habl\u00e9. Ella dej\u00f3 de ser mi hermana\u201d,&nbsp;asegura. Se refiere al momento en que Magdalena tuvo que ceder la tenencia de Lucio a sus t\u00edos porque ella no ten\u00eda recursos para mantenerlo. Claro est\u00e1 que, alg\u00fan tiempo despu\u00e9s, volvi\u00f3 a reclamar la tenencia de Lucio y la consigui\u00f3.<\/p>\n\n\n\n<p>El hermano de Magdalena respondi\u00f3 tambi\u00e9n sobre lo que pasar\u00e1 el jueves, cuando se escuche el veredicto:&nbsp;\u201cCon respecto al juicio de nada sirve porque Lucio ya no est\u00e1 y todos sabemos lo que merecen. Lo que realmente me duele, y me doler\u00e1 toda mi vida, es Lucio\u201d, aclara y, aunque la comunicaci\u00f3n es a trav\u00e9s de mensajes, su melancol\u00eda por la falta de su sobrino comienza a notarse.<\/p>\n\n\n\n<p>\u201cQuiero recordar a mi sobrino pateando la pelota o dando vueltas y comiendo helado. Me quedo con eso. S\u00e9 que alg\u00fan d\u00eda lo encontrar\u00e9\u201d, cuenta Maximiliano.<\/p>\n\n\n\n<p>Con respecto a la familia Dupuy, Maximiliano Esp\u00f3sito cuenta que el t\u00edo paterno de Lucio, del mismo nombre, fue \u201cel \u00fanico familiar que siempre estuvo para \u00e9l. Voy a estar toda la vida agradecido con \u00e9l\u201d. Pero inmediatamente aclara, sin referirse a nadie en particular: \u201cHay muchos que ahora lo extra\u00f1an, pero cuando estaban no lo valoraron. Podr\u00eda contar infinidad de cosas sobre personas que hoy lo lloran, pero prefiero recordar a mi sobrino\u201d.<\/p>\n\n\n\n<p><em>Fuente: Infobae&nbsp;<\/em><\/p>\n<div class=\"sharedaddy sd-sharing-enabled\"><div class=\"robots-nocontent sd-block sd-social sd-social-icon sd-sharing\"><h3 class=\"sd-title\">Comparte esto:<\/h3><div class=\"sd-content\"><ul><li class=\"share-twitter\"><a rel=\"nofollow noopener noreferrer\" data-shared=\"sharing-twitter-35424\" class=\"share-twitter sd-button share-icon no-text\" href=\"http:\/\/www.rtvnoticias.com.ar\/?p=35424&amp;share=twitter\" target=\"_blank\" title=\"Haz clic para compartir en Twitter\"><span><\/span><span class=\"sharing-screen-reader-text\">Haz clic para compartir en Twitter (Se abre en una ventana nueva)<\/span><\/a><\/li><li class=\"share-facebook\"><a rel=\"nofollow noopener noreferrer\" data-shared=\"sharing-facebook-35424\" class=\"share-facebook sd-button share-icon no-text\" href=\"http:\/\/www.rtvnoticias.com.ar\/?p=35424&amp;share=facebook\" target=\"_blank\" title=\"Haz clic para compartir en Facebook\"><span><\/span><span class=\"sharing-screen-reader-text\">Haz clic para compartir en Facebook (Se abre en una ventana nueva)<\/span><\/a><\/li><li class=\"share-jetpack-whatsapp\"><a rel=\"nofollow noopener noreferrer\" data-shared=\"\" class=\"share-jetpack-whatsapp sd-button share-icon no-text\" href=\"http:\/\/www.rtvnoticias.com.ar\/?p=35424&amp;share=jetpack-whatsapp\" target=\"_blank\" title=\"Haz clic para compartir en WhatsApp\"><span><\/span><span class=\"sharing-screen-reader-text\">Haz clic para compartir en WhatsApp (Se abre en una ventana nueva)<\/span><\/a><\/li><li class=\"share-telegram\"><a rel=\"nofollow noopener noreferrer\" data-shared=\"\" class=\"share-telegram sd-button share-icon no-text\" href=\"http:\/\/www.rtvnoticias.com.ar\/?p=35424&amp;share=telegram\" target=\"_blank\" title=\"Haz clic para compartir en Telegram\"><span><\/span><span class=\"sharing-screen-reader-text\">Haz clic para compartir en Telegram (Se abre en una ventana nueva)<\/span><\/a><\/li><li class=\"share-end\"><\/li><\/ul><\/div><\/div><\/div>","protected":false},"excerpt":{"rendered":"<p>Maximiliano Esp\u00f3sito Valenti responde por primera vez a un medio, cuando faltan dos d\u00edas para la sentencia. Su dolor por el asesinato de su sobrino<\/p>\n<div class=\"sharedaddy sd-sharing-enabled\"><div class=\"robots-nocontent sd-block sd-social sd-social-icon sd-sharing\"><h3 class=\"sd-title\">Comparte esto:<\/h3><div class=\"sd-content\"><ul><li class=\"share-twitter\"><a rel=\"nofollow noopener noreferrer\" data-shared=\"sharing-twitter-35424\" class=\"share-twitter sd-button share-icon no-text\" href=\"http:\/\/www.rtvnoticias.com.ar\/?p=35424&amp;share=twitter\" target=\"_blank\" title=\"Haz clic para compartir en Twitter\"><span><\/span><span class=\"sharing-screen-reader-text\">Haz clic para compartir en Twitter (Se abre en una ventana nueva)<\/span><\/a><\/li><li class=\"share-facebook\"><a rel=\"nofollow noopener noreferrer\" data-shared=\"sharing-facebook-35424\" class=\"share-facebook sd-button share-icon no-text\" href=\"http:\/\/www.rtvnoticias.com.ar\/?p=35424&amp;share=facebook\" target=\"_blank\" title=\"Haz clic para compartir en Facebook\"><span><\/span><span class=\"sharing-screen-reader-text\">Haz clic para compartir en Facebook (Se abre en una ventana nueva)<\/span><\/a><\/li><li class=\"share-jetpack-whatsapp\"><a rel=\"nofollow noopener noreferrer\" data-shared=\"\" class=\"share-jetpack-whatsapp sd-button share-icon no-text\" href=\"http:\/\/www.rtvnoticias.com.ar\/?p=35424&amp;share=jetpack-whatsapp\" target=\"_blank\" title=\"Haz clic para compartir en WhatsApp\"><span><\/span><span class=\"sharing-screen-reader-text\">Haz clic para compartir en WhatsApp (Se abre en una ventana nueva)<\/span><\/a><\/li><li class=\"share-telegram\"><a rel=\"nofollow noopener noreferrer\" data-shared=\"\" class=\"share-telegram sd-button share-icon no-text\" href=\"http:\/\/www.rtvnoticias.com.ar\/?p=35424&amp;share=telegram\" target=\"_blank\" title=\"Haz clic para compartir en Telegram\"><span><\/span><span class=\"sharing-screen-reader-text\">Haz clic para compartir en Telegram (Se abre en una ventana nueva)<\/span><\/a><\/li><li class=\"share-end\"><\/li><\/ul><\/div><\/div><\/div>","protected":false},"author":7,"featured_media":35425,"comment_status":"closed","ping_status":"closed","sticky":false,"template":"","format":"standard","meta":{"spay_email":"","jetpack_publicize_message":"","jetpack_is_tweetstorm":false,"jetpack_publicize_feature_enabled":true},"categories":[1],"tags":[],"jetpack_featured_media_url":"http:\/\/www.rtvnoticias.com.ar\/wp-content\/uploads\/2023\/01\/maximiliano-valenti.jpg","jetpack_publicize_connections":[],"jetpack_sharing_enabled":true,"_links":{"self":[{"href":"http:\/\/www.rtvnoticias.com.ar\/index.php?rest_route=\/wp\/v2\/posts\/35424"}],"collection":[{"href":"http:\/\/www.rtvnoticias.com.ar\/index.php?rest_route=\/wp\/v2\/posts"}],"about":[{"href":"http:\/\/www.rtvnoticias.com.ar\/index.php?rest_route=\/wp\/v2\/types\/post"}],"author":[{"embeddable":true,"href":"http:\/\/www.rtvnoticias.com.ar\/index.php?rest_route=\/wp\/v2\/users\/7"}],"replies":[{"embeddable":true,"href":"http:\/\/www.rtvnoticias.com.ar\/index.php?rest_route=%2Fwp%2Fv2%2Fcomments&post=35424"}],"version-history":[{"count":1,"href":"http:\/\/www.rtvnoticias.com.ar\/index.php?rest_route=\/wp\/v2\/posts\/35424\/revisions"}],"predecessor-version":[{"id":35426,"href":"http:\/\/www.rtvnoticias.com.ar\/index.php?rest_route=\/wp\/v2\/posts\/35424\/revisions\/35426"}],"wp:featuredmedia":[{"embeddable":true,"href":"http:\/\/www.rtvnoticias.com.ar\/index.php?rest_route=\/wp\/v2\/media\/35425"}],"wp:attachment":[{"href":"http:\/\/www.rtvnoticias.com.ar\/index.php?rest_route=%2Fwp%2Fv2%2Fmedia&parent=35424"}],"wp:term":[{"taxonomy":"category","embeddable":true,"href":"http:\/\/www.rtvnoticias.com.ar\/index.php?rest_route=%2Fwp%2Fv2%2Fcategories&post=35424"},{"taxonomy":"post_tag","embeddable":true,"href":"http:\/\/www.rtvnoticias.com.ar\/index.php?rest_route=%2Fwp%2Fv2%2Ftags&post=35424"}],"curies":[{"name":"wp","href":"https:\/\/api.w.org\/{rel}","templated":true}]}}