{"id":35429,"date":"2023-02-01T07:53:17","date_gmt":"2023-02-01T10:53:17","guid":{"rendered":"http:\/\/www.rtvnoticias.com.ar\/?p=35429"},"modified":"2023-02-01T07:53:20","modified_gmt":"2023-02-01T10:53:20","slug":"una-ong-de-derechos-humanos-denuncio-a-la-jueza-ana-clara-perez-ballester","status":"publish","type":"post","link":"http:\/\/www.rtvnoticias.com.ar\/?p=35429","title":{"rendered":"Una ONG de Derechos Humanos denunci\u00f3 a la jueza Ana Clara P\u00e9rez Ballester"},"content":{"rendered":"\n<p>Denunciaron a la jueza que le entreg\u00f3 la tenencia a la madre de Lucio Dupuy. Resulta que la Fundaci\u00f3n \u201cM\u00e1s Vida\u201d decret\u00f3 que Ana Clara P\u00e9rez Ballester no cumpli\u00f3 con los deberes de funcionario p\u00fablico.<br>As\u00ed, a menos de 48 horas de que se d\u00e9 a conocer el veredicto por el asesinato, desde la ONG defensora de los Derechos Humanos adem\u00e1s se advirti\u00f3 que \u201cno se sabe cu\u00e1ntos ni\u00f1os m\u00e1s se encuentran en peligro\u201d.<\/p>\n\n\n\n<p>As\u00ed, la denuncia penal fue ingresada por la Fundaci\u00f3n \u201cM\u00e1s Vida\u201d en la Unidad de Atenci\u00f3n Primaria, que depende del Ministerio P\u00fablico Fiscal (MPF) de la provincia de La Pampa.<\/p>\n\n\n\n<p>En 2020, la titular del Juzgado de Familia y del Menor N\u00b01 de La Pampa otorg\u00f3 la tenencia del menor a su madre, Magdalena Esp\u00f3sito Valenti, y a su pareja Abiga\u00edl P\u00e1ez, quienes est\u00e1n acusadas de torturar y abusar del ni\u00f1o de 5 a\u00f1os hasta matarlo en noviembre de 2021.<\/p>\n\n\n\n<p>\u201cUna vez que se inicie la investigaci\u00f3n formal podr\u00e1 determinarse la culpabilidad de la magistrada denunciada, junto al resto de los funcionarios intervinientes que, sin tomar los recaudos socioambientales del caso, entregaron a Lucio al hogar donde finalmente encontrar\u00eda la muerte\u201c, anunciaron en un comunicado.<\/p>\n\n\n\n<p>\u201cEstamos ante un evidente caso de mal desempe\u00f1o. Cuando la custodia de Lucio fue entregada a sus t\u00edos, los sometieron a todos los estudios ambientales posibles. Sin embargo, cuando se trat\u00f3 de entregarlo a la pareja responsable de su tortura y muerte, la jueza incumpli\u00f3 los controles, lo que deriv\u00f3 en la muerte evitable de Lucio. Si tan solo hubiera ordenado los controles del caso\u201d, lament\u00f3 el Ra\u00fal Magnasco, presidente de la fundaci\u00f3n denunciante.<\/p>\n<div class=\"sharedaddy sd-sharing-enabled\"><div class=\"robots-nocontent sd-block sd-social sd-social-icon sd-sharing\"><h3 class=\"sd-title\">Comparte esto:<\/h3><div class=\"sd-content\"><ul><li class=\"share-twitter\"><a rel=\"nofollow noopener noreferrer\" data-shared=\"sharing-twitter-35429\" class=\"share-twitter sd-button share-icon no-text\" href=\"http:\/\/www.rtvnoticias.com.ar\/?p=35429&amp;share=twitter\" target=\"_blank\" title=\"Haz clic para compartir en Twitter\"><span><\/span><span class=\"sharing-screen-reader-text\">Haz clic para compartir en Twitter (Se abre en una ventana nueva)<\/span><\/a><\/li><li class=\"share-facebook\"><a rel=\"nofollow noopener noreferrer\" data-shared=\"sharing-facebook-35429\" class=\"share-facebook sd-button share-icon no-text\" href=\"http:\/\/www.rtvnoticias.com.ar\/?p=35429&amp;share=facebook\" target=\"_blank\" title=\"Haz clic para compartir en Facebook\"><span><\/span><span class=\"sharing-screen-reader-text\">Haz clic para compartir en Facebook (Se abre en una ventana nueva)<\/span><\/a><\/li><li class=\"share-jetpack-whatsapp\"><a rel=\"nofollow noopener noreferrer\" data-shared=\"\" class=\"share-jetpack-whatsapp sd-button share-icon no-text\" href=\"http:\/\/www.rtvnoticias.com.ar\/?p=35429&amp;share=jetpack-whatsapp\" target=\"_blank\" title=\"Haz clic para compartir en WhatsApp\"><span><\/span><span class=\"sharing-screen-reader-text\">Haz clic para compartir en WhatsApp (Se abre en una ventana nueva)<\/span><\/a><\/li><li class=\"share-telegram\"><a rel=\"nofollow noopener noreferrer\" data-shared=\"\" class=\"share-telegram sd-button share-icon no-text\" href=\"http:\/\/www.rtvnoticias.com.ar\/?p=35429&amp;share=telegram\" target=\"_blank\" title=\"Haz clic para compartir en Telegram\"><span><\/span><span class=\"sharing-screen-reader-text\">Haz clic para compartir en Telegram (Se abre en una ventana nueva)<\/span><\/a><\/li><li class=\"share-end\"><\/li><\/ul><\/div><\/div><\/div>","protected":false},"excerpt":{"rendered":"<p>Denunciaron a la jueza que le entreg\u00f3 la tenencia a la madre de Lucio Dupuy. Resulta que la Fundaci\u00f3n \u201cM\u00e1s Vida\u201d decret\u00f3 que Ana Clara<\/p>\n<div class=\"sharedaddy sd-sharing-enabled\"><div class=\"robots-nocontent sd-block sd-social sd-social-icon sd-sharing\"><h3 class=\"sd-title\">Comparte esto:<\/h3><div class=\"sd-content\"><ul><li class=\"share-twitter\"><a rel=\"nofollow noopener noreferrer\" data-shared=\"sharing-twitter-35429\" class=\"share-twitter sd-button share-icon no-text\" href=\"http:\/\/www.rtvnoticias.com.ar\/?p=35429&amp;share=twitter\" target=\"_blank\" title=\"Haz clic para compartir en Twitter\"><span><\/span><span class=\"sharing-screen-reader-text\">Haz clic para compartir en Twitter (Se abre en una ventana nueva)<\/span><\/a><\/li><li class=\"share-facebook\"><a rel=\"nofollow noopener noreferrer\" data-shared=\"sharing-facebook-35429\" class=\"share-facebook sd-button share-icon no-text\" href=\"http:\/\/www.rtvnoticias.com.ar\/?p=35429&amp;share=facebook\" target=\"_blank\" title=\"Haz clic para compartir en Facebook\"><span><\/span><span class=\"sharing-screen-reader-text\">Haz clic para compartir en Facebook (Se abre en una ventana nueva)<\/span><\/a><\/li><li class=\"share-jetpack-whatsapp\"><a rel=\"nofollow noopener noreferrer\" data-shared=\"\" class=\"share-jetpack-whatsapp sd-button share-icon no-text\" href=\"http:\/\/www.rtvnoticias.com.ar\/?p=35429&amp;share=jetpack-whatsapp\" target=\"_blank\" title=\"Haz clic para compartir en WhatsApp\"><span><\/span><span class=\"sharing-screen-reader-text\">Haz clic para compartir en WhatsApp (Se abre en una ventana nueva)<\/span><\/a><\/li><li class=\"share-telegram\"><a rel=\"nofollow noopener noreferrer\" data-shared=\"\" class=\"share-telegram sd-button share-icon no-text\" href=\"http:\/\/www.rtvnoticias.com.ar\/?p=35429&amp;share=telegram\" target=\"_blank\" title=\"Haz clic para compartir en Telegram\"><span><\/span><span class=\"sharing-screen-reader-text\">Haz clic para compartir en Telegram (Se abre en una ventana nueva)<\/span><\/a><\/li><li class=\"share-end\"><\/li><\/ul><\/div><\/div><\/div>","protected":false},"author":7,"featured_media":34480,"comment_status":"closed","ping_status":"closed","sticky":false,"template":"","format":"standard","meta":{"spay_email":"","jetpack_publicize_message":"","jetpack_is_tweetstorm":false,"jetpack_publicize_feature_enabled":true},"categories":[5],"tags":[],"jetpack_featured_media_url":"http:\/\/www.rtvnoticias.com.ar\/wp-content\/uploads\/2022\/11\/perez-ballester.jpg","jetpack_publicize_connections":[],"jetpack_sharing_enabled":true,"_links":{"self":[{"href":"http:\/\/www.rtvnoticias.com.ar\/index.php?rest_route=\/wp\/v2\/posts\/35429"}],"collection":[{"href":"http:\/\/www.rtvnoticias.com.ar\/index.php?rest_route=\/wp\/v2\/posts"}],"about":[{"href":"http:\/\/www.rtvnoticias.com.ar\/index.php?rest_route=\/wp\/v2\/types\/post"}],"author":[{"embeddable":true,"href":"http:\/\/www.rtvnoticias.com.ar\/index.php?rest_route=\/wp\/v2\/users\/7"}],"replies":[{"embeddable":true,"href":"http:\/\/www.rtvnoticias.com.ar\/index.php?rest_route=%2Fwp%2Fv2%2Fcomments&post=35429"}],"version-history":[{"count":1,"href":"http:\/\/www.rtvnoticias.com.ar\/index.php?rest_route=\/wp\/v2\/posts\/35429\/revisions"}],"predecessor-version":[{"id":35430,"href":"http:\/\/www.rtvnoticias.com.ar\/index.php?rest_route=\/wp\/v2\/posts\/35429\/revisions\/35430"}],"wp:featuredmedia":[{"embeddable":true,"href":"http:\/\/www.rtvnoticias.com.ar\/index.php?rest_route=\/wp\/v2\/media\/34480"}],"wp:attachment":[{"href":"http:\/\/www.rtvnoticias.com.ar\/index.php?rest_route=%2Fwp%2Fv2%2Fmedia&parent=35429"}],"wp:term":[{"taxonomy":"category","embeddable":true,"href":"http:\/\/www.rtvnoticias.com.ar\/index.php?rest_route=%2Fwp%2Fv2%2Fcategories&post=35429"},{"taxonomy":"post_tag","embeddable":true,"href":"http:\/\/www.rtvnoticias.com.ar\/index.php?rest_route=%2Fwp%2Fv2%2Ftags&post=35429"}],"curies":[{"name":"wp","href":"https:\/\/api.w.org\/{rel}","templated":true}]}}