{"id":35431,"date":"2023-02-01T08:09:04","date_gmt":"2023-02-01T11:09:04","guid":{"rendered":"http:\/\/www.rtvnoticias.com.ar\/?p=35431"},"modified":"2023-02-01T08:09:07","modified_gmt":"2023-02-01T11:09:07","slug":"dictaminan-a-favor-de-que-adolescentes-de-16-y-17-anos-puedan-cobrar-por-si-mismos-la-auh","status":"publish","type":"post","link":"http:\/\/www.rtvnoticias.com.ar\/?p=35431","title":{"rendered":"Dictaminan a favor de que adolescentes de 16 y 17 a\u00f1os puedan cobrar por s\u00ed mismos la AUH"},"content":{"rendered":"\n<p>Es en el marco de un amparo presentado por la Asociaci\u00f3n Civil por la Igualdad y la Justicia (ACIJ) ante el juzgado en lo Contencioso Administrativo federal n\u00famero siete.<\/p>\n\n\n\n<p>Se trata de un caso de una adolescente que fue echada de su casa por su madre.<\/p>\n\n\n\n<p>Un defensor p\u00fablico oficial se pronunci\u00f3 a favor de una acci\u00f3n de amparo iniciada por una ONG relacionada con la Justicia para que adolescentes de 16 y 17 a\u00f1os puedan cobrar y administrar su propia Asignaci\u00f3n Universal por Hijo (AUH).<\/p>\n\n\n\n<p>Mariano La Rosa, defensor oficial ante los Juzgados Federales de Ejecuciones Fiscales Tributarias, recomend\u00f3 hacer lugar al amparo presentado por la Asociaci\u00f3n Civil por la Igualdad y la Justicia (ACIJ) ante el juzgado en lo Contencioso Administrativo federal n\u00famero siete, a cargo del juez subrogante Edgardo Lara Correa.<\/p>\n\n\n\n<p>La ACIJ bas\u00f3 su pedido en el decreto 840\/20, que sostiene que las y los adolescentes de 16 y 17 a\u00f1os cuentan con la autonom\u00eda suficiente para administrar por s\u00ed mismos la prestaci\u00f3n que el Estado destina para garantizar su alimentaci\u00f3n y educaci\u00f3n.<\/p>\n\n\n\n<p>Sin embargo, adujo la ONG, \u201cla misma normativa les niega en la pr\u00e1ctica la posibilidad de ejercer este derecho al requerir la conformidad parental para el cambio de titularidad del cobro\u201d.<\/p>\n\n\n\n<p>\u201cEso conlleva una vulneraci\u00f3n a su autonom\u00eda y -para quienes se encuentran distanciadas\/os de sus familias- una total desprotecci\u00f3n de sus derechos\u201d, a\u00f1adi\u00f3 la ACIJ.<\/p>\n\n\n\n<p>Justamente sobre un caso de esa naturaleza se pronunci\u00f3 el defensor oficial La Rosa: una adolescente que \u201cse encuentra actualmente viviendo fuera del \u00e1mbito de su familia de origen desde el mes de agosto debido a que su madre decidi\u00f3 echarla y dejar de pagar la habitaci\u00f3n que funcionaba como su lugar de vivienda, prohibi\u00e9ndole regresar al hogar, coloc\u00e1ndola en situaci\u00f3n de gran vulnerabilidad\u201d.<\/p>\n\n\n\n<p>\u201cSu progenitora percibir\u00eda el beneficio social de la AUH. El Estado est\u00e1 obligado a prestar dicha asistencia a quien ejerza efectivamente los deberes de protecci\u00f3n, desarrollo y formaci\u00f3n integral de los ni\u00f1os, ni\u00f1as y adolescentes, y en el caso particular actualmente no son ejercidos por persona alguna\u201d, destac\u00f3 el defensor oficial.<\/p>\n\n\n\n<p>\u201cLa joven manifiesta tener la capacidad suficiente para recibir y administrar sus bienes. Respecto de su condici\u00f3n de persona capaz, considerando que los ingresos que sean percibidos en virtud del beneficio pueden ser v\u00e1lida y eficientemente administrados por la adolescente en ejercicio de sus derechos, se entiende que deben estar garantizados por el respeto de su capacidad progresiva, su edad y grado de madurez y la progresi\u00f3n de su autonom\u00eda personal\u201d, a\u00f1adi\u00f3 el dictamen.<\/p>\n\n\n\n<p>\u201cDicha soluci\u00f3n, es la m\u00e1s respetuosa de la personalidad de la adolescente de autos y la que m\u00e1s se condice con su inter\u00e9s superior y de su consideraci\u00f3n como sujeto de derechos, es que resulta imperativo el cambio de titularidad de la asignaci\u00f3n universal por hijo que ostenta actualmente la madre a favor de su hija\u201d, evalu\u00f3.<\/p>\n\n\n\n<p>El expediente, identificado con el n\u00famero 69037\/2022, es en rigor un amparo colectivo para que la ANSES implemente de forma urgente un mecanismo para que este grupo de adolescentes en condici\u00f3n de desprotecci\u00f3n pueda comenzar a cobrar su propia AUH.<\/p>\n\n\n\n<p>En tales casos, la prestaci\u00f3n la suelen cobrar personas adultas que no tienen v\u00ednculo con las y los adolescentes, impidiendo que puedan hacer uso de esos ingresos para cubrir sus necesidades, advirti\u00f3 la ACIJ.<\/p>\n<div class=\"sharedaddy sd-sharing-enabled\"><div class=\"robots-nocontent sd-block sd-social sd-social-icon sd-sharing\"><h3 class=\"sd-title\">Comparte esto:<\/h3><div class=\"sd-content\"><ul><li class=\"share-twitter\"><a rel=\"nofollow noopener noreferrer\" data-shared=\"sharing-twitter-35431\" class=\"share-twitter sd-button share-icon no-text\" href=\"http:\/\/www.rtvnoticias.com.ar\/?p=35431&amp;share=twitter\" target=\"_blank\" title=\"Haz clic para compartir en Twitter\"><span><\/span><span class=\"sharing-screen-reader-text\">Haz clic para compartir en Twitter (Se abre en una ventana nueva)<\/span><\/a><\/li><li class=\"share-facebook\"><a rel=\"nofollow noopener noreferrer\" data-shared=\"sharing-facebook-35431\" class=\"share-facebook sd-button share-icon no-text\" href=\"http:\/\/www.rtvnoticias.com.ar\/?p=35431&amp;share=facebook\" target=\"_blank\" title=\"Haz clic para compartir en Facebook\"><span><\/span><span class=\"sharing-screen-reader-text\">Haz clic para compartir en Facebook (Se abre en una ventana nueva)<\/span><\/a><\/li><li class=\"share-jetpack-whatsapp\"><a rel=\"nofollow noopener noreferrer\" data-shared=\"\" class=\"share-jetpack-whatsapp sd-button share-icon no-text\" href=\"http:\/\/www.rtvnoticias.com.ar\/?p=35431&amp;share=jetpack-whatsapp\" target=\"_blank\" title=\"Haz clic para compartir en WhatsApp\"><span><\/span><span class=\"sharing-screen-reader-text\">Haz clic para compartir en WhatsApp (Se abre en una ventana nueva)<\/span><\/a><\/li><li class=\"share-telegram\"><a rel=\"nofollow noopener noreferrer\" data-shared=\"\" class=\"share-telegram sd-button share-icon no-text\" href=\"http:\/\/www.rtvnoticias.com.ar\/?p=35431&amp;share=telegram\" target=\"_blank\" title=\"Haz clic para compartir en Telegram\"><span><\/span><span class=\"sharing-screen-reader-text\">Haz clic para compartir en Telegram (Se abre en una ventana nueva)<\/span><\/a><\/li><li class=\"share-end\"><\/li><\/ul><\/div><\/div><\/div>","protected":false},"excerpt":{"rendered":"<p>Es en el marco de un amparo presentado por la Asociaci\u00f3n Civil por la Igualdad y la Justicia (ACIJ) ante el juzgado en lo Contencioso<\/p>\n<div class=\"sharedaddy sd-sharing-enabled\"><div class=\"robots-nocontent sd-block sd-social sd-social-icon sd-sharing\"><h3 class=\"sd-title\">Comparte esto:<\/h3><div class=\"sd-content\"><ul><li class=\"share-twitter\"><a rel=\"nofollow noopener noreferrer\" data-shared=\"sharing-twitter-35431\" class=\"share-twitter sd-button share-icon no-text\" href=\"http:\/\/www.rtvnoticias.com.ar\/?p=35431&amp;share=twitter\" target=\"_blank\" title=\"Haz clic para compartir en Twitter\"><span><\/span><span class=\"sharing-screen-reader-text\">Haz clic para compartir en Twitter (Se abre en una ventana nueva)<\/span><\/a><\/li><li class=\"share-facebook\"><a rel=\"nofollow noopener noreferrer\" data-shared=\"sharing-facebook-35431\" class=\"share-facebook sd-button share-icon no-text\" href=\"http:\/\/www.rtvnoticias.com.ar\/?p=35431&amp;share=facebook\" target=\"_blank\" title=\"Haz clic para compartir en Facebook\"><span><\/span><span class=\"sharing-screen-reader-text\">Haz clic para compartir en Facebook (Se abre en una ventana nueva)<\/span><\/a><\/li><li class=\"share-jetpack-whatsapp\"><a rel=\"nofollow noopener noreferrer\" data-shared=\"\" class=\"share-jetpack-whatsapp sd-button share-icon no-text\" href=\"http:\/\/www.rtvnoticias.com.ar\/?p=35431&amp;share=jetpack-whatsapp\" target=\"_blank\" title=\"Haz clic para compartir en WhatsApp\"><span><\/span><span class=\"sharing-screen-reader-text\">Haz clic para compartir en WhatsApp (Se abre en una ventana nueva)<\/span><\/a><\/li><li class=\"share-telegram\"><a rel=\"nofollow noopener noreferrer\" data-shared=\"\" class=\"share-telegram sd-button share-icon no-text\" href=\"http:\/\/www.rtvnoticias.com.ar\/?p=35431&amp;share=telegram\" target=\"_blank\" title=\"Haz clic para compartir en Telegram\"><span><\/span><span class=\"sharing-screen-reader-text\">Haz clic para compartir en Telegram (Se abre en una ventana nueva)<\/span><\/a><\/li><li class=\"share-end\"><\/li><\/ul><\/div><\/div><\/div>","protected":false},"author":7,"featured_media":35432,"comment_status":"closed","ping_status":"closed","sticky":false,"template":"","format":"standard","meta":{"spay_email":"","jetpack_publicize_message":"","jetpack_is_tweetstorm":false,"jetpack_publicize_feature_enabled":true},"categories":[5],"tags":[],"jetpack_featured_media_url":"http:\/\/www.rtvnoticias.com.ar\/wp-content\/uploads\/2023\/02\/anses-e1690584901706.jpg","jetpack_publicize_connections":[],"jetpack_sharing_enabled":true,"_links":{"self":[{"href":"http:\/\/www.rtvnoticias.com.ar\/index.php?rest_route=\/wp\/v2\/posts\/35431"}],"collection":[{"href":"http:\/\/www.rtvnoticias.com.ar\/index.php?rest_route=\/wp\/v2\/posts"}],"about":[{"href":"http:\/\/www.rtvnoticias.com.ar\/index.php?rest_route=\/wp\/v2\/types\/post"}],"author":[{"embeddable":true,"href":"http:\/\/www.rtvnoticias.com.ar\/index.php?rest_route=\/wp\/v2\/users\/7"}],"replies":[{"embeddable":true,"href":"http:\/\/www.rtvnoticias.com.ar\/index.php?rest_route=%2Fwp%2Fv2%2Fcomments&post=35431"}],"version-history":[{"count":1,"href":"http:\/\/www.rtvnoticias.com.ar\/index.php?rest_route=\/wp\/v2\/posts\/35431\/revisions"}],"predecessor-version":[{"id":35433,"href":"http:\/\/www.rtvnoticias.com.ar\/index.php?rest_route=\/wp\/v2\/posts\/35431\/revisions\/35433"}],"wp:featuredmedia":[{"embeddable":true,"href":"http:\/\/www.rtvnoticias.com.ar\/index.php?rest_route=\/wp\/v2\/media\/35432"}],"wp:attachment":[{"href":"http:\/\/www.rtvnoticias.com.ar\/index.php?rest_route=%2Fwp%2Fv2%2Fmedia&parent=35431"}],"wp:term":[{"taxonomy":"category","embeddable":true,"href":"http:\/\/www.rtvnoticias.com.ar\/index.php?rest_route=%2Fwp%2Fv2%2Fcategories&post=35431"},{"taxonomy":"post_tag","embeddable":true,"href":"http:\/\/www.rtvnoticias.com.ar\/index.php?rest_route=%2Fwp%2Fv2%2Ftags&post=35431"}],"curies":[{"name":"wp","href":"https:\/\/api.w.org\/{rel}","templated":true}]}}