{"id":35474,"date":"2023-02-04T08:01:00","date_gmt":"2023-02-04T11:01:00","guid":{"rendered":"http:\/\/www.rtvnoticias.com.ar\/?p=35474"},"modified":"2023-02-03T22:07:00","modified_gmt":"2023-02-04T01:07:00","slug":"canticuentico-se-presentara-el-domingo-en-el-parador","status":"publish","type":"post","link":"http:\/\/www.rtvnoticias.com.ar\/?p=35474","title":{"rendered":"\u00abCanticu\u00e9ntico\u00bb se presentar\u00e1 el domingo en \u00abEl Parador\u00bb"},"content":{"rendered":"\n<p>Con el objetivo de cerrar el ciclo del Plan PRO VIDA Verano y dar inicio a la Colonia Cultural, la Municipalidad de General Pico llevar\u00e1 a cabo este domingo a partir de las 20:00 horas la presentaci\u00f3n de Canticu\u00e9nticos, el reconocido grupo musical que hace bailar y cantar a las y los m\u00e1s chicos de todo el pa\u00eds. La cita ser\u00e1 en El Parador, con ingreso por Avenida San Mart\u00edn entre calles 19 y 21.<\/p>\n\n\n\n<p>De esta manera, y con el fin de garantizar el acceso a espect\u00e1culos de primer nivel, de manera libre y gratuita, el municipio cerrar\u00e1 el fin de semana para todas las familias piquenses y visitantes con los cl\u00e1sicos \u201cLa cumbia del monstruo\u201d, \u201cQuiero para m\u00ed\u201d, \u201cEl mamboret\u00e1\u201d, y muchos m\u00e1s.&nbsp;Adem\u00e1s se presentar\u00e1n La Risotada, At\u00edpica Pampa y en el predio estar\u00e1n presentes Zircaos, Les Cachivaches y Daiana Darricau.<\/p>\n\n\n\n<p>El reconocido grupo que ser\u00e1 parte del ciclo Disfrut\u00e1 Pico busca, a trav\u00e9s de su m\u00fasica, acercar a las ni\u00f1eces al patrimonio cultural argentino con tonada provinciana y canciones originales vinculadas fuertemente al folklore argentino y latinoamericano. La banda cuenta con cinco \u00e1lbumes editados y con la colecci\u00f3n de libros \u201cCanticu\u00e9nticos en papel\u201d.<\/p>\n\n\n\n<p><strong>Transporte gratuito &nbsp;<\/strong><\/p>\n\n\n\n<p>Para aqu\u00e9llas personas que deseen acercarse a El Parador y no cuenten con movilidad propia, se ofrecer\u00e1 un servicio de transporte urbano de pasajeros sin cargo. Las y los ni\u00f1os deber\u00e1n viajar con un adulto o adulta responsable.&nbsp;<\/p>\n\n\n\n<p>Los colectivos pasar\u00e1n cada media hora, aproximadamente, y se dividir\u00e1n en dos l\u00edneas. La frecuencia de los recorridos estar\u00e1 sujeta a la cantidad de p\u00fablico que asista. El horario de ida ser\u00e1 de 19:00 a 21:00 horas y las familias podr\u00e1n esperar al transporte en esa franja horaria en los puntos que se detallan a continuaci\u00f3n:<\/p>\n\n\n\n<p><strong>L\u00ednea 1<\/strong><\/p>\n\n\n\n<p>&#8211;&nbsp;&nbsp;&nbsp;&nbsp;&nbsp;&nbsp;&nbsp;SSB Rucci, calle 329 N\u00b0 134<\/p>\n\n\n\n<p>&#8211;&nbsp;&nbsp;&nbsp;&nbsp;&nbsp;&nbsp;&nbsp;SSB Roca\/Malvinas\/San Etelvino, calle 116 N\u00b0 124<\/p>\n\n\n\n<p>&#8211;&nbsp;&nbsp;&nbsp;&nbsp;&nbsp;&nbsp;&nbsp;SSB El Molino, calle 25 entre 102 y 104<\/p>\n\n\n\n<p>&#8211;&nbsp;&nbsp;&nbsp;&nbsp;&nbsp;&nbsp;&nbsp;Albergue municipal, calle 40 N\u00b0 1885<\/p>\n\n\n\n<p><strong>L\u00ednea 2<\/strong><\/p>\n\n\n\n<p>&#8211;&nbsp;&nbsp;&nbsp;&nbsp;&nbsp;&nbsp;&nbsp;SSB Carlos Berg, calle 48 N\u00b0 559<\/p>\n\n\n\n<p>&#8211;&nbsp;&nbsp;&nbsp;&nbsp;&nbsp;&nbsp;&nbsp;SSB Federal, calle 440 entre 407 y 409<\/p>\n\n\n\n<p>&#8211;&nbsp;&nbsp;&nbsp;&nbsp;&nbsp;&nbsp;&nbsp;SSB Don Bosco y Frank Allan, calle 30 N\u00b0 657<\/p>\n\n\n\n<p>Cabe mencionar que el horario de regreso ser\u00e1 de 23:00 a 00:30 horas, los colectivos saldr\u00e1n desde El Parador y llevar\u00e1n nuevamente a las familias a los puntos mencionados.<\/p>\n<div class=\"sharedaddy sd-sharing-enabled\"><div class=\"robots-nocontent sd-block sd-social sd-social-icon sd-sharing\"><h3 class=\"sd-title\">Comparte esto:<\/h3><div class=\"sd-content\"><ul><li class=\"share-twitter\"><a rel=\"nofollow noopener noreferrer\" data-shared=\"sharing-twitter-35474\" class=\"share-twitter sd-button share-icon no-text\" href=\"http:\/\/www.rtvnoticias.com.ar\/?p=35474&amp;share=twitter\" target=\"_blank\" title=\"Haz clic para compartir en Twitter\"><span><\/span><span class=\"sharing-screen-reader-text\">Haz clic para compartir en Twitter (Se abre en una ventana nueva)<\/span><\/a><\/li><li class=\"share-facebook\"><a rel=\"nofollow noopener noreferrer\" data-shared=\"sharing-facebook-35474\" class=\"share-facebook sd-button share-icon no-text\" href=\"http:\/\/www.rtvnoticias.com.ar\/?p=35474&amp;share=facebook\" target=\"_blank\" title=\"Haz clic para compartir en Facebook\"><span><\/span><span class=\"sharing-screen-reader-text\">Haz clic para compartir en Facebook (Se abre en una ventana nueva)<\/span><\/a><\/li><li class=\"share-jetpack-whatsapp\"><a rel=\"nofollow noopener noreferrer\" data-shared=\"\" class=\"share-jetpack-whatsapp sd-button share-icon no-text\" href=\"http:\/\/www.rtvnoticias.com.ar\/?p=35474&amp;share=jetpack-whatsapp\" target=\"_blank\" title=\"Haz clic para compartir en WhatsApp\"><span><\/span><span class=\"sharing-screen-reader-text\">Haz clic para compartir en WhatsApp (Se abre en una ventana nueva)<\/span><\/a><\/li><li class=\"share-telegram\"><a rel=\"nofollow noopener noreferrer\" data-shared=\"\" class=\"share-telegram sd-button share-icon no-text\" href=\"http:\/\/www.rtvnoticias.com.ar\/?p=35474&amp;share=telegram\" target=\"_blank\" title=\"Haz clic para compartir en Telegram\"><span><\/span><span class=\"sharing-screen-reader-text\">Haz clic para compartir en Telegram (Se abre en una ventana nueva)<\/span><\/a><\/li><li class=\"share-end\"><\/li><\/ul><\/div><\/div><\/div>","protected":false},"excerpt":{"rendered":"<p>Con el objetivo de cerrar el ciclo del Plan PRO VIDA Verano y dar inicio a la Colonia Cultural, la Municipalidad de General Pico llevar\u00e1<\/p>\n<div class=\"sharedaddy sd-sharing-enabled\"><div class=\"robots-nocontent sd-block sd-social sd-social-icon sd-sharing\"><h3 class=\"sd-title\">Comparte esto:<\/h3><div class=\"sd-content\"><ul><li class=\"share-twitter\"><a rel=\"nofollow noopener noreferrer\" data-shared=\"sharing-twitter-35474\" class=\"share-twitter sd-button share-icon no-text\" href=\"http:\/\/www.rtvnoticias.com.ar\/?p=35474&amp;share=twitter\" target=\"_blank\" title=\"Haz clic para compartir en Twitter\"><span><\/span><span class=\"sharing-screen-reader-text\">Haz clic para compartir en Twitter (Se abre en una ventana nueva)<\/span><\/a><\/li><li class=\"share-facebook\"><a rel=\"nofollow noopener noreferrer\" data-shared=\"sharing-facebook-35474\" class=\"share-facebook sd-button share-icon no-text\" href=\"http:\/\/www.rtvnoticias.com.ar\/?p=35474&amp;share=facebook\" target=\"_blank\" title=\"Haz clic para compartir en Facebook\"><span><\/span><span class=\"sharing-screen-reader-text\">Haz clic para compartir en Facebook (Se abre en una ventana nueva)<\/span><\/a><\/li><li class=\"share-jetpack-whatsapp\"><a rel=\"nofollow noopener noreferrer\" data-shared=\"\" class=\"share-jetpack-whatsapp sd-button share-icon no-text\" href=\"http:\/\/www.rtvnoticias.com.ar\/?p=35474&amp;share=jetpack-whatsapp\" target=\"_blank\" title=\"Haz clic para compartir en WhatsApp\"><span><\/span><span class=\"sharing-screen-reader-text\">Haz clic para compartir en WhatsApp (Se abre en una ventana nueva)<\/span><\/a><\/li><li class=\"share-telegram\"><a rel=\"nofollow noopener noreferrer\" data-shared=\"\" class=\"share-telegram sd-button share-icon no-text\" href=\"http:\/\/www.rtvnoticias.com.ar\/?p=35474&amp;share=telegram\" target=\"_blank\" title=\"Haz clic para compartir en Telegram\"><span><\/span><span class=\"sharing-screen-reader-text\">Haz clic para compartir en Telegram (Se abre en una ventana nueva)<\/span><\/a><\/li><li class=\"share-end\"><\/li><\/ul><\/div><\/div><\/div>","protected":false},"author":7,"featured_media":0,"comment_status":"closed","ping_status":"closed","sticky":false,"template":"","format":"standard","meta":{"spay_email":"","jetpack_publicize_message":"","jetpack_is_tweetstorm":false,"jetpack_publicize_feature_enabled":true},"categories":[1],"tags":[],"jetpack_featured_media_url":"","jetpack_publicize_connections":[],"jetpack_sharing_enabled":true,"_links":{"self":[{"href":"http:\/\/www.rtvnoticias.com.ar\/index.php?rest_route=\/wp\/v2\/posts\/35474"}],"collection":[{"href":"http:\/\/www.rtvnoticias.com.ar\/index.php?rest_route=\/wp\/v2\/posts"}],"about":[{"href":"http:\/\/www.rtvnoticias.com.ar\/index.php?rest_route=\/wp\/v2\/types\/post"}],"author":[{"embeddable":true,"href":"http:\/\/www.rtvnoticias.com.ar\/index.php?rest_route=\/wp\/v2\/users\/7"}],"replies":[{"embeddable":true,"href":"http:\/\/www.rtvnoticias.com.ar\/index.php?rest_route=%2Fwp%2Fv2%2Fcomments&post=35474"}],"version-history":[{"count":1,"href":"http:\/\/www.rtvnoticias.com.ar\/index.php?rest_route=\/wp\/v2\/posts\/35474\/revisions"}],"predecessor-version":[{"id":35475,"href":"http:\/\/www.rtvnoticias.com.ar\/index.php?rest_route=\/wp\/v2\/posts\/35474\/revisions\/35475"}],"wp:attachment":[{"href":"http:\/\/www.rtvnoticias.com.ar\/index.php?rest_route=%2Fwp%2Fv2%2Fmedia&parent=35474"}],"wp:term":[{"taxonomy":"category","embeddable":true,"href":"http:\/\/www.rtvnoticias.com.ar\/index.php?rest_route=%2Fwp%2Fv2%2Fcategories&post=35474"},{"taxonomy":"post_tag","embeddable":true,"href":"http:\/\/www.rtvnoticias.com.ar\/index.php?rest_route=%2Fwp%2Fv2%2Ftags&post=35474"}],"curies":[{"name":"wp","href":"https:\/\/api.w.org\/{rel}","templated":true}]}}