{"id":35476,"date":"2023-02-04T00:05:53","date_gmt":"2023-02-04T03:05:53","guid":{"rendered":"http:\/\/www.rtvnoticias.com.ar\/?p=35476"},"modified":"2023-02-04T00:05:56","modified_gmt":"2023-02-04T03:05:56","slug":"massa-relanzo-precios-justos-la-inflacion-es-el-principal-problema-de-los-argentinos","status":"publish","type":"post","link":"http:\/\/www.rtvnoticias.com.ar\/?p=35476","title":{"rendered":"Massa relanz\u00f3 Precios Justos: \u00abLa inflaci\u00f3n es el principal problema de los argentinos\u00bb"},"content":{"rendered":"\n<p class=\"has-text-align-center\"><strong>El ministro de Econom\u00eda, Sergio Massa, lanz\u00f3 oficialmente la renovaci\u00f3n del programa Precios Justos, que ahora se extender\u00e1 hasta el 30 de junio, y consider\u00f3 que la iniciativa permitir\u00e1 \u00abenfrentar el mayor problema de los argentinos, que es la inflaci\u00f3n\u00bb.<\/strong><\/p>\n\n\n\n<p>Adem\u00e1s, destac\u00f3 que el acuerdo incluye tambi\u00e9n los productos de la canasta escolar y el precio \u00abde todas las escuelas privadas de la Argentina\u00bb.<\/p>\n\n\n\n<p>El funcionario justific\u00f3 que se haya decidido adelantar la renovaci\u00f3n de ese programa, para extenderlo\u00a0hasta el 30 de junio pr\u00f3ximo, con una pauta de aumento del 3,2% mensual.<\/p>\n\n\n\n<p>\u00abEse es un objetivo que nos puede permitir enfrentar el mayor de los problemas que tienen los argentinos, que es la inflaci\u00f3n\u00bb, enfatiz\u00f3 Massa, en un acto que se realiz\u00f3 en el Centro CCK.<\/p>\n\n\n\n<p>Ante funcionarios, empresarios y sindicalistas, el jefe del Palacio de Hacienda remarc\u00f3 que Precios Justos \u00abpretende que el 86% de los productos que consumen los argentinos tengan dos certezas: que hay casi 50.000\u00a0art\u00edculos que desde el 1 de febrero al 30 de junio van a aumentar solo 3,2% mensual\u00bb.<\/p>\n\n\n\n<p>\u00abLa otra certeza es que hay 2.000 productos que van a seguir teniendo precios fijos, porque eso le permite al consumidor cuidar un poco m\u00e1s su ingreso a la hora de elegir en la g\u00f3ndola del supermercado\u00bb, a\u00f1adi\u00f3.<\/p>\n\n\n\n<p>Adem\u00e1s, el ministro indic\u00f3 que esta segunda etapa del programa \u00abtiene m\u00e1s premios y m\u00e1s castigos\u00bb y, en el caso de los premios, dijo que \u00abgran parte de la cadena de valor de la industria de alimentaci\u00f3n y del complejo de higiene y limpieza van a tener un programa de cr\u00e9dito para la producci\u00f3n de bienes de capital, con financiamiento a tasa subsidiada\u00bb.<\/p>\n\n\n\n<p>Y para \u00abevitar picard\u00edas\u00bb, coment\u00f3 que algunas empresas \u00ablimitaban el abastecimiento del producto en g\u00f3ndola y despu\u00e9s planteaban que el problema era que no ten\u00edan abastecimiento en la cadena de valor\u00bb,\u00a0por lo cual anticip\u00f3 que esas pr\u00e1cticas ser\u00e1n sancionadas.<\/p>\n\n\n\n<p>Para el secretario de Comercio, Mat\u00edas Tombolini, la pauta del 3,2% mensual \u00abbusca moderar las expectativas de inflaci\u00f3n para mejorar el poder de compra\u00bb.<\/p>\n\n\n\n<p>El funcionario explic\u00f3 que se trata de un \u00abacuerdo voluntario donde participan m\u00e1s de 480 empresas\u00bb, y subray\u00f3 que con Arsat y Amazon \u00abnos pusimos a dise\u00f1ar un mecanismo de control, que procesar\u00e1 15 millones de datos por d\u00eda y nos permite conocer cual es el precio de un producto en cualquier lugar del pa\u00eds\u00bb.<\/p>\n\n\n\n<p>Por su parte, uno de los secretarios generales de la CGT, H\u00e9ctor Daer, celebr\u00f3 la ampliaci\u00f3n del programa y\u00a0destac\u00f3 que este tipo de medidas \u00abcambian la mirada sobre el contexto social. Esta iniciativa deja de lado la teor\u00eda de que s\u00f3lo podemos ir en contra de la inflaci\u00f3n sin entrar en la teor\u00eda de la devaluaci\u00f3n y el ajuste que empobrece a la sociedad argentina\u00bb.<\/p>\n\n\n\n<p>\u00abAcompa\u00f1amos claramente una pol\u00edtica para que a inflaci\u00f3n descienda definitivamente\u00bb, enfatiz\u00f3 el dirigente, quien a la vez reinvindic\u00f3&nbsp; \u00abla libertad de las paritarias\u00bb.<\/p>\n\n\n\n<p>En tanto, el presidente de la Uni\u00f3n Industrial Argentina (UIA) Daniel Funes de Rioja sostuvo que el sector productivo \u00abquiere estabilidad y previsibilidad\u00bb,\u00a0pero consider\u00f3 que \u00abhay factores distorsivos, que no son los industriales. Tenemos que discernir los reales problemas, por ejemplo la presi\u00f3n fiscal\u00bb.<\/p>\n\n\n\n<p>Seg\u00fan el empresario,\u00a0\u00abnos une la voluntad de encontrar caminos de soluci\u00f3n, bajando expectativas. Este es un esfuerzo entre todos. Conf\u00edo en que nos vamos a sentar y habr\u00e1 raspones pero no enfrenamientos tribales. Buscamos acuerdos\u00bb.<\/p>\n\n\n\n<p>\u00abSi miran los precios de salida de f\u00e1brica est\u00e1n por debajo de la inflaci\u00f3n, en enero pareciera lo mismo, pero frutas, verduras y carnes van a influir, pero esto no obstaculiza el compromiso de las empresa\u00bb, a\u00f1adi\u00f3.&nbsp;<\/p>\n<div class=\"sharedaddy sd-sharing-enabled\"><div class=\"robots-nocontent sd-block sd-social sd-social-icon sd-sharing\"><h3 class=\"sd-title\">Comparte esto:<\/h3><div class=\"sd-content\"><ul><li class=\"share-twitter\"><a rel=\"nofollow noopener noreferrer\" data-shared=\"sharing-twitter-35476\" class=\"share-twitter sd-button share-icon no-text\" href=\"http:\/\/www.rtvnoticias.com.ar\/?p=35476&amp;share=twitter\" target=\"_blank\" title=\"Haz clic para compartir en Twitter\"><span><\/span><span class=\"sharing-screen-reader-text\">Haz clic para compartir en Twitter (Se abre en una ventana nueva)<\/span><\/a><\/li><li class=\"share-facebook\"><a rel=\"nofollow noopener noreferrer\" data-shared=\"sharing-facebook-35476\" class=\"share-facebook sd-button share-icon no-text\" href=\"http:\/\/www.rtvnoticias.com.ar\/?p=35476&amp;share=facebook\" target=\"_blank\" title=\"Haz clic para compartir en Facebook\"><span><\/span><span class=\"sharing-screen-reader-text\">Haz clic para compartir en Facebook (Se abre en una ventana nueva)<\/span><\/a><\/li><li class=\"share-jetpack-whatsapp\"><a rel=\"nofollow noopener noreferrer\" data-shared=\"\" class=\"share-jetpack-whatsapp sd-button share-icon no-text\" href=\"http:\/\/www.rtvnoticias.com.ar\/?p=35476&amp;share=jetpack-whatsapp\" target=\"_blank\" title=\"Haz clic para compartir en WhatsApp\"><span><\/span><span class=\"sharing-screen-reader-text\">Haz clic para compartir en WhatsApp (Se abre en una ventana nueva)<\/span><\/a><\/li><li class=\"share-telegram\"><a rel=\"nofollow noopener noreferrer\" data-shared=\"\" class=\"share-telegram sd-button share-icon no-text\" href=\"http:\/\/www.rtvnoticias.com.ar\/?p=35476&amp;share=telegram\" target=\"_blank\" title=\"Haz clic para compartir en Telegram\"><span><\/span><span class=\"sharing-screen-reader-text\">Haz clic para compartir en Telegram (Se abre en una ventana nueva)<\/span><\/a><\/li><li class=\"share-end\"><\/li><\/ul><\/div><\/div><\/div>","protected":false},"excerpt":{"rendered":"<p>El ministro de Econom\u00eda, Sergio Massa, lanz\u00f3 oficialmente la renovaci\u00f3n del programa Precios Justos, que ahora se extender\u00e1 hasta el 30 de junio, y consider\u00f3<\/p>\n<div class=\"sharedaddy sd-sharing-enabled\"><div class=\"robots-nocontent sd-block sd-social sd-social-icon sd-sharing\"><h3 class=\"sd-title\">Comparte esto:<\/h3><div class=\"sd-content\"><ul><li class=\"share-twitter\"><a rel=\"nofollow noopener noreferrer\" data-shared=\"sharing-twitter-35476\" class=\"share-twitter sd-button share-icon no-text\" href=\"http:\/\/www.rtvnoticias.com.ar\/?p=35476&amp;share=twitter\" target=\"_blank\" title=\"Haz clic para compartir en Twitter\"><span><\/span><span class=\"sharing-screen-reader-text\">Haz clic para compartir en Twitter (Se abre en una ventana nueva)<\/span><\/a><\/li><li class=\"share-facebook\"><a rel=\"nofollow noopener noreferrer\" data-shared=\"sharing-facebook-35476\" class=\"share-facebook sd-button share-icon no-text\" href=\"http:\/\/www.rtvnoticias.com.ar\/?p=35476&amp;share=facebook\" target=\"_blank\" title=\"Haz clic para compartir en Facebook\"><span><\/span><span class=\"sharing-screen-reader-text\">Haz clic para compartir en Facebook (Se abre en una ventana nueva)<\/span><\/a><\/li><li class=\"share-jetpack-whatsapp\"><a rel=\"nofollow noopener noreferrer\" data-shared=\"\" class=\"share-jetpack-whatsapp sd-button share-icon no-text\" href=\"http:\/\/www.rtvnoticias.com.ar\/?p=35476&amp;share=jetpack-whatsapp\" target=\"_blank\" title=\"Haz clic para compartir en WhatsApp\"><span><\/span><span class=\"sharing-screen-reader-text\">Haz clic para compartir en WhatsApp (Se abre en una ventana nueva)<\/span><\/a><\/li><li class=\"share-telegram\"><a rel=\"nofollow noopener noreferrer\" data-shared=\"\" class=\"share-telegram sd-button share-icon no-text\" href=\"http:\/\/www.rtvnoticias.com.ar\/?p=35476&amp;share=telegram\" target=\"_blank\" title=\"Haz clic para compartir en Telegram\"><span><\/span><span class=\"sharing-screen-reader-text\">Haz clic para compartir en Telegram (Se abre en una ventana nueva)<\/span><\/a><\/li><li class=\"share-end\"><\/li><\/ul><\/div><\/div><\/div>","protected":false},"author":7,"featured_media":35477,"comment_status":"closed","ping_status":"closed","sticky":false,"template":"","format":"standard","meta":{"spay_email":"","jetpack_publicize_message":"","jetpack_is_tweetstorm":false,"jetpack_publicize_feature_enabled":true},"categories":[5],"tags":[],"jetpack_featured_media_url":"http:\/\/www.rtvnoticias.com.ar\/wp-content\/uploads\/2023\/02\/descarga-3.jpeg","jetpack_publicize_connections":[],"jetpack_sharing_enabled":true,"_links":{"self":[{"href":"http:\/\/www.rtvnoticias.com.ar\/index.php?rest_route=\/wp\/v2\/posts\/35476"}],"collection":[{"href":"http:\/\/www.rtvnoticias.com.ar\/index.php?rest_route=\/wp\/v2\/posts"}],"about":[{"href":"http:\/\/www.rtvnoticias.com.ar\/index.php?rest_route=\/wp\/v2\/types\/post"}],"author":[{"embeddable":true,"href":"http:\/\/www.rtvnoticias.com.ar\/index.php?rest_route=\/wp\/v2\/users\/7"}],"replies":[{"embeddable":true,"href":"http:\/\/www.rtvnoticias.com.ar\/index.php?rest_route=%2Fwp%2Fv2%2Fcomments&post=35476"}],"version-history":[{"count":1,"href":"http:\/\/www.rtvnoticias.com.ar\/index.php?rest_route=\/wp\/v2\/posts\/35476\/revisions"}],"predecessor-version":[{"id":35478,"href":"http:\/\/www.rtvnoticias.com.ar\/index.php?rest_route=\/wp\/v2\/posts\/35476\/revisions\/35478"}],"wp:featuredmedia":[{"embeddable":true,"href":"http:\/\/www.rtvnoticias.com.ar\/index.php?rest_route=\/wp\/v2\/media\/35477"}],"wp:attachment":[{"href":"http:\/\/www.rtvnoticias.com.ar\/index.php?rest_route=%2Fwp%2Fv2%2Fmedia&parent=35476"}],"wp:term":[{"taxonomy":"category","embeddable":true,"href":"http:\/\/www.rtvnoticias.com.ar\/index.php?rest_route=%2Fwp%2Fv2%2Fcategories&post=35476"},{"taxonomy":"post_tag","embeddable":true,"href":"http:\/\/www.rtvnoticias.com.ar\/index.php?rest_route=%2Fwp%2Fv2%2Ftags&post=35476"}],"curies":[{"name":"wp","href":"https:\/\/api.w.org\/{rel}","templated":true}]}}