{"id":35489,"date":"2023-02-05T01:03:58","date_gmt":"2023-02-05T04:03:58","guid":{"rendered":"http:\/\/www.rtvnoticias.com.ar\/?p=35489"},"modified":"2023-02-05T01:04:01","modified_gmt":"2023-02-05T04:04:01","slug":"macri-pidio-a-los-pampeanos-que-apuesten-a-un-cambio-profundo","status":"publish","type":"post","link":"http:\/\/www.rtvnoticias.com.ar\/?p=35489","title":{"rendered":"Macri pidi\u00f3 a los pampeanos que \u201capuesten a un cambio profundo\u201d"},"content":{"rendered":"\n<p>El expresidente Mauricio Macri vino este s\u00e1bado a Santa Rosa para apoyar al precandidato a gobernador por el PRO, Mart\u00edn Maquieyra. Le pidi\u00f3 a los pampeanos que el 12 de febrero \u201capuesten a un cambio profundo\u201d y anunci\u00f3 que \u201cse viene un cambio de era\u201d en el pa\u00eds.<\/p>\n\n\n\n<p>Macri estuvo a las 11 en la plaza San Mart\u00edn, luego visit\u00f3 algunos comercios y a las 12 brind\u00f3 una charla en el local partidario del PRO en Luro 145.<\/p>\n\n\n\n<p>Previamente brind\u00f3 una entrevista en Radio Mitre Santa Rosa. \u201cNo somos una alternancia de este gobierno, somos el cambio o no somos nada\u201d, dijo.<\/p>\n\n\n\n<p>\u201cEstamos gobernados por la peor versi\u00f3n del peronismo de la historia, por el ej\u00e9rcito de demolici\u00f3n\u201d, sostuvo.<\/p>\n\n\n\n<p><strong>Macri camin\u00f3 con Maquieyra y se tom\u00f3 un helado.<br><\/strong>\u201cSe viene un cambio de era, de espiritualidad. Hay que apostar y creer en el amor, en la familia, los amigos, la patria. Eso que transmiti\u00f3 la selecci\u00f3n en el mundial. No queremos m\u00e1s delirios mesi\u00e1nicos, queremos gente trabajando en conjunto, privilegiando el equipo. No se puede vivir de arriba, sin trabajar. Todo eso est\u00e1 cayendo. Por eso le pedimos a los pampeanos que apuesten a un cambio profundo\u201d, pidi\u00f3.<\/p>\n\n\n\n<p>En principio el exmandatario iba a venir el 2 de febrero, d\u00eda de la sentencia del caso Lucio Dupuy. Pero decidi\u00f3 postergar su arribo a la provincia.<\/p>\n\n\n\n<p>Macri vino a darle un espaldarazo al precandidato a gobernador del PRO Mart\u00edn Maquieyra, que el 12 de agosto competir\u00e1 en internas con el radical Mart\u00edn Berhongaray.<\/p>\n\n\n\n<p>El martes pr\u00f3ximo llegar\u00e1 a la provincia otra dirigenta del PRO, Patricia Bullrich. Tambi\u00e9n est\u00e1 previsto que llegue Mar\u00eda Eugenia Vidal para apuntalar la candidatura de Maquieyra.<\/p>\n<div class=\"sharedaddy sd-sharing-enabled\"><div class=\"robots-nocontent sd-block sd-social sd-social-icon sd-sharing\"><h3 class=\"sd-title\">Comparte esto:<\/h3><div class=\"sd-content\"><ul><li class=\"share-twitter\"><a rel=\"nofollow noopener noreferrer\" data-shared=\"sharing-twitter-35489\" class=\"share-twitter sd-button share-icon no-text\" href=\"http:\/\/www.rtvnoticias.com.ar\/?p=35489&amp;share=twitter\" target=\"_blank\" title=\"Haz clic para compartir en Twitter\"><span><\/span><span class=\"sharing-screen-reader-text\">Haz clic para compartir en Twitter (Se abre en una ventana nueva)<\/span><\/a><\/li><li class=\"share-facebook\"><a rel=\"nofollow noopener noreferrer\" data-shared=\"sharing-facebook-35489\" class=\"share-facebook sd-button share-icon no-text\" href=\"http:\/\/www.rtvnoticias.com.ar\/?p=35489&amp;share=facebook\" target=\"_blank\" title=\"Haz clic para compartir en Facebook\"><span><\/span><span class=\"sharing-screen-reader-text\">Haz clic para compartir en Facebook (Se abre en una ventana nueva)<\/span><\/a><\/li><li class=\"share-jetpack-whatsapp\"><a rel=\"nofollow noopener noreferrer\" data-shared=\"\" class=\"share-jetpack-whatsapp sd-button share-icon no-text\" href=\"http:\/\/www.rtvnoticias.com.ar\/?p=35489&amp;share=jetpack-whatsapp\" target=\"_blank\" title=\"Haz clic para compartir en WhatsApp\"><span><\/span><span class=\"sharing-screen-reader-text\">Haz clic para compartir en WhatsApp (Se abre en una ventana nueva)<\/span><\/a><\/li><li class=\"share-telegram\"><a rel=\"nofollow noopener noreferrer\" data-shared=\"\" class=\"share-telegram sd-button share-icon no-text\" href=\"http:\/\/www.rtvnoticias.com.ar\/?p=35489&amp;share=telegram\" target=\"_blank\" title=\"Haz clic para compartir en Telegram\"><span><\/span><span class=\"sharing-screen-reader-text\">Haz clic para compartir en Telegram (Se abre en una ventana nueva)<\/span><\/a><\/li><li class=\"share-end\"><\/li><\/ul><\/div><\/div><\/div>","protected":false},"excerpt":{"rendered":"<p>El expresidente Mauricio Macri vino este s\u00e1bado a Santa Rosa para apoyar al precandidato a gobernador por el PRO, Mart\u00edn Maquieyra. Le pidi\u00f3 a los<\/p>\n<div class=\"sharedaddy sd-sharing-enabled\"><div class=\"robots-nocontent sd-block sd-social sd-social-icon sd-sharing\"><h3 class=\"sd-title\">Comparte esto:<\/h3><div class=\"sd-content\"><ul><li class=\"share-twitter\"><a rel=\"nofollow noopener noreferrer\" data-shared=\"sharing-twitter-35489\" class=\"share-twitter sd-button share-icon no-text\" href=\"http:\/\/www.rtvnoticias.com.ar\/?p=35489&amp;share=twitter\" target=\"_blank\" title=\"Haz clic para compartir en Twitter\"><span><\/span><span class=\"sharing-screen-reader-text\">Haz clic para compartir en Twitter (Se abre en una ventana nueva)<\/span><\/a><\/li><li class=\"share-facebook\"><a rel=\"nofollow noopener noreferrer\" data-shared=\"sharing-facebook-35489\" class=\"share-facebook sd-button share-icon no-text\" href=\"http:\/\/www.rtvnoticias.com.ar\/?p=35489&amp;share=facebook\" target=\"_blank\" title=\"Haz clic para compartir en Facebook\"><span><\/span><span class=\"sharing-screen-reader-text\">Haz clic para compartir en Facebook (Se abre en una ventana nueva)<\/span><\/a><\/li><li class=\"share-jetpack-whatsapp\"><a rel=\"nofollow noopener noreferrer\" data-shared=\"\" class=\"share-jetpack-whatsapp sd-button share-icon no-text\" href=\"http:\/\/www.rtvnoticias.com.ar\/?p=35489&amp;share=jetpack-whatsapp\" target=\"_blank\" title=\"Haz clic para compartir en WhatsApp\"><span><\/span><span class=\"sharing-screen-reader-text\">Haz clic para compartir en WhatsApp (Se abre en una ventana nueva)<\/span><\/a><\/li><li class=\"share-telegram\"><a rel=\"nofollow noopener noreferrer\" data-shared=\"\" class=\"share-telegram sd-button share-icon no-text\" href=\"http:\/\/www.rtvnoticias.com.ar\/?p=35489&amp;share=telegram\" target=\"_blank\" title=\"Haz clic para compartir en Telegram\"><span><\/span><span class=\"sharing-screen-reader-text\">Haz clic para compartir en Telegram (Se abre en una ventana nueva)<\/span><\/a><\/li><li class=\"share-end\"><\/li><\/ul><\/div><\/div><\/div>","protected":false},"author":7,"featured_media":35490,"comment_status":"closed","ping_status":"closed","sticky":false,"template":"","format":"standard","meta":{"spay_email":"","jetpack_publicize_message":"","jetpack_is_tweetstorm":false,"jetpack_publicize_feature_enabled":true},"categories":[4],"tags":[],"jetpack_featured_media_url":"http:\/\/www.rtvnoticias.com.ar\/wp-content\/uploads\/2023\/02\/macri.jpg","jetpack_publicize_connections":[],"jetpack_sharing_enabled":true,"_links":{"self":[{"href":"http:\/\/www.rtvnoticias.com.ar\/index.php?rest_route=\/wp\/v2\/posts\/35489"}],"collection":[{"href":"http:\/\/www.rtvnoticias.com.ar\/index.php?rest_route=\/wp\/v2\/posts"}],"about":[{"href":"http:\/\/www.rtvnoticias.com.ar\/index.php?rest_route=\/wp\/v2\/types\/post"}],"author":[{"embeddable":true,"href":"http:\/\/www.rtvnoticias.com.ar\/index.php?rest_route=\/wp\/v2\/users\/7"}],"replies":[{"embeddable":true,"href":"http:\/\/www.rtvnoticias.com.ar\/index.php?rest_route=%2Fwp%2Fv2%2Fcomments&post=35489"}],"version-history":[{"count":1,"href":"http:\/\/www.rtvnoticias.com.ar\/index.php?rest_route=\/wp\/v2\/posts\/35489\/revisions"}],"predecessor-version":[{"id":35491,"href":"http:\/\/www.rtvnoticias.com.ar\/index.php?rest_route=\/wp\/v2\/posts\/35489\/revisions\/35491"}],"wp:featuredmedia":[{"embeddable":true,"href":"http:\/\/www.rtvnoticias.com.ar\/index.php?rest_route=\/wp\/v2\/media\/35490"}],"wp:attachment":[{"href":"http:\/\/www.rtvnoticias.com.ar\/index.php?rest_route=%2Fwp%2Fv2%2Fmedia&parent=35489"}],"wp:term":[{"taxonomy":"category","embeddable":true,"href":"http:\/\/www.rtvnoticias.com.ar\/index.php?rest_route=%2Fwp%2Fv2%2Fcategories&post=35489"},{"taxonomy":"post_tag","embeddable":true,"href":"http:\/\/www.rtvnoticias.com.ar\/index.php?rest_route=%2Fwp%2Fv2%2Ftags&post=35489"}],"curies":[{"name":"wp","href":"https:\/\/api.w.org\/{rel}","templated":true}]}}