{"id":35503,"date":"2023-02-06T11:17:10","date_gmt":"2023-02-06T14:17:10","guid":{"rendered":"http:\/\/www.rtvnoticias.com.ar\/?p=35503"},"modified":"2023-02-06T11:17:12","modified_gmt":"2023-02-06T14:17:12","slug":"el-colegio-agropecuario-de-realico-dependera-de-la-unlpam","status":"publish","type":"post","link":"http:\/\/www.rtvnoticias.com.ar\/?p=35503","title":{"rendered":"El Colegio Agropecuario de Realic\u00f3 depender\u00e1 de la UNLPam"},"content":{"rendered":"\n<p>El ministro de Educaci\u00f3n de la Naci\u00f3n, Jaime Perczyk, anunci\u00f3 que el Gobierno nacional financiar\u00e1 el traspaso del Colegio Agropecuario de Realic\u00f3 a la \u00f3rbita de la Universidad Nacional de La Pampa (UNLPam) para que se convierta en un establecimiento educativo de gesti\u00f3n estatal y no arancelado para potenciar el desarrollo agr\u00edcola de la zona.<\/p>\n\n\n\n<p>Perczyk particip\u00f3 hoy del acuerdo que firm\u00f3 el presidente de la Sociedad Rural Argentina, Nicol\u00e1s Pino, con la rectora de la Universidad Nacional de La Pampa (UNLPam), Mar\u00eda Ema Mart\u00edn, durante un acto en el que estuvieron presentes tambi\u00e9n el secretario de Pol\u00edticas Universitarias, Oscar Alpa, y autoridades de la entidad agraria.<\/p>\n\n\n\n<p>El convenio establece que la Sociedad Rural cede a la UNLPam el Colegio Agropecuario ubicado en la localidad de Realic\u00f3. De ahora en adelante se convertir\u00e1 en el Colegio Preuniversitario Agropecuario de la Universidad Nacional de La Pampa (UNLPam).<\/p>\n\n\n\n<p><strong>Potenciar el desarrollo local<br><\/strong>El ministro Percyk destac\u00f3 la importancia de que un colegio t\u00e9cnico privado con m\u00e1s de cincuenta a\u00f1os de historia haya sido donado por la SRA para pasar a ser un establecimiento educativo dependiente de la Universidad, sin aranceles. Esto facilitar\u00e1 desarrollo agrario de la zona.<\/p>\n\n\n\n<p>Aclar\u00f3 tambi\u00e9n que el traspaso de la instituci\u00f3n tiene lugar manteniendo los derechos de sus trabajadoras y trabajadores no docentes y docentes.<\/p>\n\n\n\n<p>Por su parte, la vicerrectora de la UNLPam, Mar\u00eda Ema Martin, explic\u00f3 que \u201cpara la Universidad Nacional de la Pampa este convenio es muy importante por lo que significa tener un segundo colegio preuniversitario cuya titulaci\u00f3n ser\u00e1 T\u00e9cnico Agropecuario con lo que implica para la provincia: recursos humanos, que puedan insertarse en toda la actividad profesional de La Pampa y sus alrededores\u00ab.<\/p>\n\n\n\n<p>En tanto, Alpa sostuvo que \u201cacompa\u00f1amos la firma del convenio entre la Universidad Nacional de La Pampa y la Sociedad Rural Argentina que implica el traspaso de un colegio privado a un colegio secundario preuniversitario, y muestra el crecimiento sostenido de nuestro sistema universitario\u201d.<\/p>\n\n\n\n<p>\u201cEste establecimiento, con m\u00e1s de cincuenta a\u00f1os de trayectoria, podr\u00e1 aportar a la regi\u00f3n desde la formaci\u00f3n de recursos humanos para su desarrollo\u201d, concluy\u00f3.<\/p>\n<div class=\"sharedaddy sd-sharing-enabled\"><div class=\"robots-nocontent sd-block sd-social sd-social-icon sd-sharing\"><h3 class=\"sd-title\">Comparte esto:<\/h3><div class=\"sd-content\"><ul><li class=\"share-twitter\"><a rel=\"nofollow noopener noreferrer\" data-shared=\"sharing-twitter-35503\" class=\"share-twitter sd-button share-icon no-text\" href=\"http:\/\/www.rtvnoticias.com.ar\/?p=35503&amp;share=twitter\" target=\"_blank\" title=\"Haz clic para compartir en Twitter\"><span><\/span><span class=\"sharing-screen-reader-text\">Haz clic para compartir en Twitter (Se abre en una ventana nueva)<\/span><\/a><\/li><li class=\"share-facebook\"><a rel=\"nofollow noopener noreferrer\" data-shared=\"sharing-facebook-35503\" class=\"share-facebook sd-button share-icon no-text\" href=\"http:\/\/www.rtvnoticias.com.ar\/?p=35503&amp;share=facebook\" target=\"_blank\" title=\"Haz clic para compartir en Facebook\"><span><\/span><span class=\"sharing-screen-reader-text\">Haz clic para compartir en Facebook (Se abre en una ventana nueva)<\/span><\/a><\/li><li class=\"share-jetpack-whatsapp\"><a rel=\"nofollow noopener noreferrer\" data-shared=\"\" class=\"share-jetpack-whatsapp sd-button share-icon no-text\" href=\"http:\/\/www.rtvnoticias.com.ar\/?p=35503&amp;share=jetpack-whatsapp\" target=\"_blank\" title=\"Haz clic para compartir en WhatsApp\"><span><\/span><span class=\"sharing-screen-reader-text\">Haz clic para compartir en WhatsApp (Se abre en una ventana nueva)<\/span><\/a><\/li><li class=\"share-telegram\"><a rel=\"nofollow noopener noreferrer\" data-shared=\"\" class=\"share-telegram sd-button share-icon no-text\" href=\"http:\/\/www.rtvnoticias.com.ar\/?p=35503&amp;share=telegram\" target=\"_blank\" title=\"Haz clic para compartir en Telegram\"><span><\/span><span class=\"sharing-screen-reader-text\">Haz clic para compartir en Telegram (Se abre en una ventana nueva)<\/span><\/a><\/li><li class=\"share-end\"><\/li><\/ul><\/div><\/div><\/div>","protected":false},"excerpt":{"rendered":"<p>El ministro de Educaci\u00f3n de la Naci\u00f3n, Jaime Perczyk, anunci\u00f3 que el Gobierno nacional financiar\u00e1 el traspaso del Colegio Agropecuario de Realic\u00f3 a la \u00f3rbita<\/p>\n<div class=\"sharedaddy sd-sharing-enabled\"><div class=\"robots-nocontent sd-block sd-social sd-social-icon sd-sharing\"><h3 class=\"sd-title\">Comparte esto:<\/h3><div class=\"sd-content\"><ul><li class=\"share-twitter\"><a rel=\"nofollow noopener noreferrer\" data-shared=\"sharing-twitter-35503\" class=\"share-twitter sd-button share-icon no-text\" href=\"http:\/\/www.rtvnoticias.com.ar\/?p=35503&amp;share=twitter\" target=\"_blank\" title=\"Haz clic para compartir en Twitter\"><span><\/span><span class=\"sharing-screen-reader-text\">Haz clic para compartir en Twitter (Se abre en una ventana nueva)<\/span><\/a><\/li><li class=\"share-facebook\"><a rel=\"nofollow noopener noreferrer\" data-shared=\"sharing-facebook-35503\" class=\"share-facebook sd-button share-icon no-text\" href=\"http:\/\/www.rtvnoticias.com.ar\/?p=35503&amp;share=facebook\" target=\"_blank\" title=\"Haz clic para compartir en Facebook\"><span><\/span><span class=\"sharing-screen-reader-text\">Haz clic para compartir en Facebook (Se abre en una ventana nueva)<\/span><\/a><\/li><li class=\"share-jetpack-whatsapp\"><a rel=\"nofollow noopener noreferrer\" data-shared=\"\" class=\"share-jetpack-whatsapp sd-button share-icon no-text\" href=\"http:\/\/www.rtvnoticias.com.ar\/?p=35503&amp;share=jetpack-whatsapp\" target=\"_blank\" title=\"Haz clic para compartir en WhatsApp\"><span><\/span><span class=\"sharing-screen-reader-text\">Haz clic para compartir en WhatsApp (Se abre en una ventana nueva)<\/span><\/a><\/li><li class=\"share-telegram\"><a rel=\"nofollow noopener noreferrer\" data-shared=\"\" class=\"share-telegram sd-button share-icon no-text\" href=\"http:\/\/www.rtvnoticias.com.ar\/?p=35503&amp;share=telegram\" target=\"_blank\" title=\"Haz clic para compartir en Telegram\"><span><\/span><span class=\"sharing-screen-reader-text\">Haz clic para compartir en Telegram (Se abre en una ventana nueva)<\/span><\/a><\/li><li class=\"share-end\"><\/li><\/ul><\/div><\/div><\/div>","protected":false},"author":7,"featured_media":35504,"comment_status":"closed","ping_status":"closed","sticky":false,"template":"","format":"standard","meta":{"spay_email":"","jetpack_publicize_message":"","jetpack_is_tweetstorm":false,"jetpack_publicize_feature_enabled":true},"categories":[4],"tags":[],"jetpack_featured_media_url":"http:\/\/www.rtvnoticias.com.ar\/wp-content\/uploads\/2023\/02\/colegio-agropeccuario-realico.jpg","jetpack_publicize_connections":[],"jetpack_sharing_enabled":true,"_links":{"self":[{"href":"http:\/\/www.rtvnoticias.com.ar\/index.php?rest_route=\/wp\/v2\/posts\/35503"}],"collection":[{"href":"http:\/\/www.rtvnoticias.com.ar\/index.php?rest_route=\/wp\/v2\/posts"}],"about":[{"href":"http:\/\/www.rtvnoticias.com.ar\/index.php?rest_route=\/wp\/v2\/types\/post"}],"author":[{"embeddable":true,"href":"http:\/\/www.rtvnoticias.com.ar\/index.php?rest_route=\/wp\/v2\/users\/7"}],"replies":[{"embeddable":true,"href":"http:\/\/www.rtvnoticias.com.ar\/index.php?rest_route=%2Fwp%2Fv2%2Fcomments&post=35503"}],"version-history":[{"count":1,"href":"http:\/\/www.rtvnoticias.com.ar\/index.php?rest_route=\/wp\/v2\/posts\/35503\/revisions"}],"predecessor-version":[{"id":35505,"href":"http:\/\/www.rtvnoticias.com.ar\/index.php?rest_route=\/wp\/v2\/posts\/35503\/revisions\/35505"}],"wp:featuredmedia":[{"embeddable":true,"href":"http:\/\/www.rtvnoticias.com.ar\/index.php?rest_route=\/wp\/v2\/media\/35504"}],"wp:attachment":[{"href":"http:\/\/www.rtvnoticias.com.ar\/index.php?rest_route=%2Fwp%2Fv2%2Fmedia&parent=35503"}],"wp:term":[{"taxonomy":"category","embeddable":true,"href":"http:\/\/www.rtvnoticias.com.ar\/index.php?rest_route=%2Fwp%2Fv2%2Fcategories&post=35503"},{"taxonomy":"post_tag","embeddable":true,"href":"http:\/\/www.rtvnoticias.com.ar\/index.php?rest_route=%2Fwp%2Fv2%2Ftags&post=35503"}],"curies":[{"name":"wp","href":"https:\/\/api.w.org\/{rel}","templated":true}]}}