{"id":35507,"date":"2023-02-06T14:46:40","date_gmt":"2023-02-06T17:46:40","guid":{"rendered":"http:\/\/www.rtvnoticias.com.ar\/?p=35507"},"modified":"2023-02-06T14:46:43","modified_gmt":"2023-02-06T17:46:43","slug":"crimen-de-fernando-baez-sosa-perpetua-para-cinco-de-los-rugbiers","status":"publish","type":"post","link":"http:\/\/www.rtvnoticias.com.ar\/?p=35507","title":{"rendered":"Crimen de Fernando B\u00e1ez Sosa: perpetua para cinco de los rugbiers"},"content":{"rendered":"\n<p>El Tribunal Oral en lo Criminal 1 de la ciudad de Dolores conden\u00f3 este lunes a la\u00a0pena de prisi\u00f3n perpetua a cinco de los ocho rugbiers\u00a0acusados de matar a golpes a\u00a0<strong>Fernando B\u00e1ez Sosa<\/strong>, en la madrugada del 18 de enero de 2020 en la localidad balnearia de Villa Gesell, mientras que a los otros tres los consider\u00f3 part\u00edcipes secundarios.<\/p>\n\n\n\n<p>Los jueces Mar\u00eda Claudia Castro, Emiliano Lazzari y Christian Rabaia entendieron por unanimidad que&nbsp;<strong>M\u00e1ximo Thomsen<\/strong>&nbsp;(23),&nbsp;<strong>Ciro Pertossi<\/strong>&nbsp;(22),&nbsp;<strong>Enzo Comelli<\/strong>&nbsp;(22),&nbsp;<strong>Mat\u00edas Benicelli<\/strong>&nbsp;(23) y&nbsp;<strong>Luciano Pertossi<\/strong>&nbsp;(21) fueron coautores del delito de \u00abhomicidio doblemente agravado por el concurso premeditado por dos o m\u00e1s personas y por alevos\u00eda en concurso ideal de lesiones leves\u00bb, recayendo en ellos la prisi\u00f3n perpetua; mientras que&nbsp;<strong>Blas Cinalli<\/strong>&nbsp;(21),&nbsp;<strong>Ayrton Viollaz<\/strong>&nbsp;(23) y&nbsp;<strong>Lucas Pertossi<\/strong>&nbsp;(23) fueron considerados part\u00edcipes secundarios del mismo delito a una&nbsp;<strong>pena de 15 a\u00f1os de prisi\u00f3n<\/strong>.<\/p>\n\n\n\n<p>Una vez que leyeron la pena, M\u00e1ximo Thomsen, quien fue el m\u00e1s apuntado durante todo el juicio,&nbsp;<strong>se descompens\u00f3<\/strong>&nbsp;y debi\u00f3 ser asistido por un m\u00e9dico.<\/p>\n\n\n\n<p>En efecto, el Tribunal Oral en lo Criminal n\u00famero 1 de la ciudad de Dolores\u00a0rechaz\u00f3 por unanimidad el planteo de nulidad\u00a0hecho por el abogado de los acusados, Hugo Tomei, y acto seguido ley\u00f3 el veredicto condenatorio.<\/p>\n\n\n\n<p><\/p>\n<div class=\"sharedaddy sd-sharing-enabled\"><div class=\"robots-nocontent sd-block sd-social sd-social-icon sd-sharing\"><h3 class=\"sd-title\">Comparte esto:<\/h3><div class=\"sd-content\"><ul><li class=\"share-twitter\"><a rel=\"nofollow noopener noreferrer\" data-shared=\"sharing-twitter-35507\" class=\"share-twitter sd-button share-icon no-text\" href=\"http:\/\/www.rtvnoticias.com.ar\/?p=35507&amp;share=twitter\" target=\"_blank\" title=\"Haz clic para compartir en Twitter\"><span><\/span><span class=\"sharing-screen-reader-text\">Haz clic para compartir en Twitter (Se abre en una ventana nueva)<\/span><\/a><\/li><li class=\"share-facebook\"><a rel=\"nofollow noopener noreferrer\" data-shared=\"sharing-facebook-35507\" class=\"share-facebook sd-button share-icon no-text\" href=\"http:\/\/www.rtvnoticias.com.ar\/?p=35507&amp;share=facebook\" target=\"_blank\" title=\"Haz clic para compartir en Facebook\"><span><\/span><span class=\"sharing-screen-reader-text\">Haz clic para compartir en Facebook (Se abre en una ventana nueva)<\/span><\/a><\/li><li class=\"share-jetpack-whatsapp\"><a rel=\"nofollow noopener noreferrer\" data-shared=\"\" class=\"share-jetpack-whatsapp sd-button share-icon no-text\" href=\"http:\/\/www.rtvnoticias.com.ar\/?p=35507&amp;share=jetpack-whatsapp\" target=\"_blank\" title=\"Haz clic para compartir en WhatsApp\"><span><\/span><span class=\"sharing-screen-reader-text\">Haz clic para compartir en WhatsApp (Se abre en una ventana nueva)<\/span><\/a><\/li><li class=\"share-telegram\"><a rel=\"nofollow noopener noreferrer\" data-shared=\"\" class=\"share-telegram sd-button share-icon no-text\" href=\"http:\/\/www.rtvnoticias.com.ar\/?p=35507&amp;share=telegram\" target=\"_blank\" title=\"Haz clic para compartir en Telegram\"><span><\/span><span class=\"sharing-screen-reader-text\">Haz clic para compartir en Telegram (Se abre en una ventana nueva)<\/span><\/a><\/li><li class=\"share-end\"><\/li><\/ul><\/div><\/div><\/div>","protected":false},"excerpt":{"rendered":"<p>El Tribunal Oral en lo Criminal 1 de la ciudad de Dolores conden\u00f3 este lunes a la\u00a0pena de prisi\u00f3n perpetua a cinco de los ocho<\/p>\n<div class=\"sharedaddy sd-sharing-enabled\"><div class=\"robots-nocontent sd-block sd-social sd-social-icon sd-sharing\"><h3 class=\"sd-title\">Comparte esto:<\/h3><div class=\"sd-content\"><ul><li class=\"share-twitter\"><a rel=\"nofollow noopener noreferrer\" data-shared=\"sharing-twitter-35507\" class=\"share-twitter sd-button share-icon no-text\" href=\"http:\/\/www.rtvnoticias.com.ar\/?p=35507&amp;share=twitter\" target=\"_blank\" title=\"Haz clic para compartir en Twitter\"><span><\/span><span class=\"sharing-screen-reader-text\">Haz clic para compartir en Twitter (Se abre en una ventana nueva)<\/span><\/a><\/li><li class=\"share-facebook\"><a rel=\"nofollow noopener noreferrer\" data-shared=\"sharing-facebook-35507\" class=\"share-facebook sd-button share-icon no-text\" href=\"http:\/\/www.rtvnoticias.com.ar\/?p=35507&amp;share=facebook\" target=\"_blank\" title=\"Haz clic para compartir en Facebook\"><span><\/span><span class=\"sharing-screen-reader-text\">Haz clic para compartir en Facebook (Se abre en una ventana nueva)<\/span><\/a><\/li><li class=\"share-jetpack-whatsapp\"><a rel=\"nofollow noopener noreferrer\" data-shared=\"\" class=\"share-jetpack-whatsapp sd-button share-icon no-text\" href=\"http:\/\/www.rtvnoticias.com.ar\/?p=35507&amp;share=jetpack-whatsapp\" target=\"_blank\" title=\"Haz clic para compartir en WhatsApp\"><span><\/span><span class=\"sharing-screen-reader-text\">Haz clic para compartir en WhatsApp (Se abre en una ventana nueva)<\/span><\/a><\/li><li class=\"share-telegram\"><a rel=\"nofollow noopener noreferrer\" data-shared=\"\" class=\"share-telegram sd-button share-icon no-text\" href=\"http:\/\/www.rtvnoticias.com.ar\/?p=35507&amp;share=telegram\" target=\"_blank\" title=\"Haz clic para compartir en Telegram\"><span><\/span><span class=\"sharing-screen-reader-text\">Haz clic para compartir en Telegram (Se abre en una ventana nueva)<\/span><\/a><\/li><li class=\"share-end\"><\/li><\/ul><\/div><\/div><\/div>","protected":false},"author":7,"featured_media":29317,"comment_status":"closed","ping_status":"closed","sticky":false,"template":"","format":"standard","meta":{"spay_email":"","jetpack_publicize_message":"","jetpack_is_tweetstorm":false,"jetpack_publicize_feature_enabled":true},"categories":[5],"tags":[],"jetpack_featured_media_url":"http:\/\/www.rtvnoticias.com.ar\/wp-content\/uploads\/2021\/10\/baez-sosa-1.jpg","jetpack_publicize_connections":[],"jetpack_sharing_enabled":true,"_links":{"self":[{"href":"http:\/\/www.rtvnoticias.com.ar\/index.php?rest_route=\/wp\/v2\/posts\/35507"}],"collection":[{"href":"http:\/\/www.rtvnoticias.com.ar\/index.php?rest_route=\/wp\/v2\/posts"}],"about":[{"href":"http:\/\/www.rtvnoticias.com.ar\/index.php?rest_route=\/wp\/v2\/types\/post"}],"author":[{"embeddable":true,"href":"http:\/\/www.rtvnoticias.com.ar\/index.php?rest_route=\/wp\/v2\/users\/7"}],"replies":[{"embeddable":true,"href":"http:\/\/www.rtvnoticias.com.ar\/index.php?rest_route=%2Fwp%2Fv2%2Fcomments&post=35507"}],"version-history":[{"count":1,"href":"http:\/\/www.rtvnoticias.com.ar\/index.php?rest_route=\/wp\/v2\/posts\/35507\/revisions"}],"predecessor-version":[{"id":35509,"href":"http:\/\/www.rtvnoticias.com.ar\/index.php?rest_route=\/wp\/v2\/posts\/35507\/revisions\/35509"}],"wp:featuredmedia":[{"embeddable":true,"href":"http:\/\/www.rtvnoticias.com.ar\/index.php?rest_route=\/wp\/v2\/media\/29317"}],"wp:attachment":[{"href":"http:\/\/www.rtvnoticias.com.ar\/index.php?rest_route=%2Fwp%2Fv2%2Fmedia&parent=35507"}],"wp:term":[{"taxonomy":"category","embeddable":true,"href":"http:\/\/www.rtvnoticias.com.ar\/index.php?rest_route=%2Fwp%2Fv2%2Fcategories&post=35507"},{"taxonomy":"post_tag","embeddable":true,"href":"http:\/\/www.rtvnoticias.com.ar\/index.php?rest_route=%2Fwp%2Fv2%2Ftags&post=35507"}],"curies":[{"name":"wp","href":"https:\/\/api.w.org\/{rel}","templated":true}]}}