{"id":35510,"date":"2023-02-07T10:27:53","date_gmt":"2023-02-07T13:27:53","guid":{"rendered":"http:\/\/www.rtvnoticias.com.ar\/?p=35510"},"modified":"2023-02-07T10:27:57","modified_gmt":"2023-02-07T13:27:57","slug":"ya-son-mas-de-5-000-los-muertos-por-el-terremoto-en-turquia-y-siria","status":"publish","type":"post","link":"http:\/\/www.rtvnoticias.com.ar\/?p=35510","title":{"rendered":"Ya son m\u00e1s de 5.000 los muertos por el terremoto en Turqu\u00eda y Siria"},"content":{"rendered":"\n<p>El vicepresidente turco Fuat Oktay declar\u00f3 el martes que el n\u00famero de muertos por los terremotos centrados en el sureste de Turqu\u00eda ascend\u00eda a 3.419, con lo que el total, incluidos los fallecidos en Siria, supera los 5.000.<\/p>\n\n\n\n<p>En declaraciones a la prensa, el funcionario precis\u00f3 que las duras condiciones meteorol\u00f3gicas dificultaban la llegada de ayuda a las regiones afectadas y la realizaci\u00f3n de rescates. Afirm\u00f3 que solo se permit\u00eda entrar o salir de Hatay, Kahramanmaras y Adiyaman, tres de las provincias m\u00e1s afectadas, a los veh\u00edculos de rescate y ayuda.<\/p>\n\n\n\n<p>Las operaciones de rescate se est\u00e1n centrando en esas tres provincias y en Malatya, a\u00f1adi\u00f3 Oktay.<\/p>\n\n\n\n<p>LEE: El relato de una argentina en Turqu\u00eda: \u201cLa experiencia de los equipos de rescate es muy buena y act\u00faan r\u00e1pido\u201d<\/p>\n\n\n\n<p>El presidente Alberto Fern\u00e1ndez expres\u00f3 su solidaridad con Turqu\u00eda y Siria. A trav\u00e9s de un mensaje publicado en sus redes sociales, el mandatario asegur\u00f3 que las embajadas argentinas en dichos pa\u00edses se encuentran a disposici\u00f3n.<\/p>\n\n\n\n<p>\u00abLa Argentina se solidariza con los pueblos y Gobiernos de #T\u00fcrkiye y #Siria tras el terremoto que ocasion\u00f3 una tr\u00e1gica cantidad de v\u00edctimas. Nuestras embajadas est\u00e1n a disposici\u00f3n\u00bb, tuite\u00f3 Fern\u00e1ndez, en cita a la publicaci\u00f3n inicial del canciller Santiago Cafiero.<\/p>\n\n\n\n<p>Por el mismo canal, Cafiero asegur\u00f3 que la embajadas se encuentran monitoreando la situaci\u00f3n de los argentinos en las tierras afectadas, e hizo p\u00fablicos los contactos para recibir y brindar informaci\u00f3n.<\/p>\n\n\n\n<p>\u00abArgentina expresa sus condolencias y su solidaridad por las v\u00edctimas y los da\u00f1os ocasionados por el terremoto en T\u00fcrkiye y Siria. Nuestras embajadas se encuentran verificando la situaci\u00f3n de los argentinos y las argentinas\u00bb, expres\u00f3 el canciller, y sum\u00f3 los n\u00fameros telef\u00f3nicos.<\/p>\n\n\n\n<p>(Con informaci\u00f3n de Reuters)<\/p>\n<div class=\"sharedaddy sd-sharing-enabled\"><div class=\"robots-nocontent sd-block sd-social sd-social-icon sd-sharing\"><h3 class=\"sd-title\">Comparte esto:<\/h3><div class=\"sd-content\"><ul><li class=\"share-twitter\"><a rel=\"nofollow noopener noreferrer\" data-shared=\"sharing-twitter-35510\" class=\"share-twitter sd-button share-icon no-text\" href=\"http:\/\/www.rtvnoticias.com.ar\/?p=35510&amp;share=twitter\" target=\"_blank\" title=\"Haz clic para compartir en Twitter\"><span><\/span><span class=\"sharing-screen-reader-text\">Haz clic para compartir en Twitter (Se abre en una ventana nueva)<\/span><\/a><\/li><li class=\"share-facebook\"><a rel=\"nofollow noopener noreferrer\" data-shared=\"sharing-facebook-35510\" class=\"share-facebook sd-button share-icon no-text\" href=\"http:\/\/www.rtvnoticias.com.ar\/?p=35510&amp;share=facebook\" target=\"_blank\" title=\"Haz clic para compartir en Facebook\"><span><\/span><span class=\"sharing-screen-reader-text\">Haz clic para compartir en Facebook (Se abre en una ventana nueva)<\/span><\/a><\/li><li class=\"share-jetpack-whatsapp\"><a rel=\"nofollow noopener noreferrer\" data-shared=\"\" class=\"share-jetpack-whatsapp sd-button share-icon no-text\" href=\"http:\/\/www.rtvnoticias.com.ar\/?p=35510&amp;share=jetpack-whatsapp\" target=\"_blank\" title=\"Haz clic para compartir en WhatsApp\"><span><\/span><span class=\"sharing-screen-reader-text\">Haz clic para compartir en WhatsApp (Se abre en una ventana nueva)<\/span><\/a><\/li><li class=\"share-telegram\"><a rel=\"nofollow noopener noreferrer\" data-shared=\"\" class=\"share-telegram sd-button share-icon no-text\" href=\"http:\/\/www.rtvnoticias.com.ar\/?p=35510&amp;share=telegram\" target=\"_blank\" title=\"Haz clic para compartir en Telegram\"><span><\/span><span class=\"sharing-screen-reader-text\">Haz clic para compartir en Telegram (Se abre en una ventana nueva)<\/span><\/a><\/li><li class=\"share-end\"><\/li><\/ul><\/div><\/div><\/div>","protected":false},"excerpt":{"rendered":"<p>El vicepresidente turco Fuat Oktay declar\u00f3 el martes que el n\u00famero de muertos por los terremotos centrados en el sureste de Turqu\u00eda ascend\u00eda a 3.419,<\/p>\n<div class=\"sharedaddy sd-sharing-enabled\"><div class=\"robots-nocontent sd-block sd-social sd-social-icon sd-sharing\"><h3 class=\"sd-title\">Comparte esto:<\/h3><div class=\"sd-content\"><ul><li class=\"share-twitter\"><a rel=\"nofollow noopener noreferrer\" data-shared=\"sharing-twitter-35510\" class=\"share-twitter sd-button share-icon no-text\" href=\"http:\/\/www.rtvnoticias.com.ar\/?p=35510&amp;share=twitter\" target=\"_blank\" title=\"Haz clic para compartir en Twitter\"><span><\/span><span class=\"sharing-screen-reader-text\">Haz clic para compartir en Twitter (Se abre en una ventana nueva)<\/span><\/a><\/li><li class=\"share-facebook\"><a rel=\"nofollow noopener noreferrer\" data-shared=\"sharing-facebook-35510\" class=\"share-facebook sd-button share-icon no-text\" href=\"http:\/\/www.rtvnoticias.com.ar\/?p=35510&amp;share=facebook\" target=\"_blank\" title=\"Haz clic para compartir en Facebook\"><span><\/span><span class=\"sharing-screen-reader-text\">Haz clic para compartir en Facebook (Se abre en una ventana nueva)<\/span><\/a><\/li><li class=\"share-jetpack-whatsapp\"><a rel=\"nofollow noopener noreferrer\" data-shared=\"\" class=\"share-jetpack-whatsapp sd-button share-icon no-text\" href=\"http:\/\/www.rtvnoticias.com.ar\/?p=35510&amp;share=jetpack-whatsapp\" target=\"_blank\" title=\"Haz clic para compartir en WhatsApp\"><span><\/span><span class=\"sharing-screen-reader-text\">Haz clic para compartir en WhatsApp (Se abre en una ventana nueva)<\/span><\/a><\/li><li class=\"share-telegram\"><a rel=\"nofollow noopener noreferrer\" data-shared=\"\" class=\"share-telegram sd-button share-icon no-text\" href=\"http:\/\/www.rtvnoticias.com.ar\/?p=35510&amp;share=telegram\" target=\"_blank\" title=\"Haz clic para compartir en Telegram\"><span><\/span><span class=\"sharing-screen-reader-text\">Haz clic para compartir en Telegram (Se abre en una ventana nueva)<\/span><\/a><\/li><li class=\"share-end\"><\/li><\/ul><\/div><\/div><\/div>","protected":false},"author":7,"featured_media":35511,"comment_status":"closed","ping_status":"closed","sticky":false,"template":"","format":"standard","meta":{"spay_email":"","jetpack_publicize_message":"","jetpack_is_tweetstorm":false,"jetpack_publicize_feature_enabled":true},"categories":[7],"tags":[],"jetpack_featured_media_url":"http:\/\/www.rtvnoticias.com.ar\/wp-content\/uploads\/2023\/02\/turquia.jpg","jetpack_publicize_connections":[],"jetpack_sharing_enabled":true,"_links":{"self":[{"href":"http:\/\/www.rtvnoticias.com.ar\/index.php?rest_route=\/wp\/v2\/posts\/35510"}],"collection":[{"href":"http:\/\/www.rtvnoticias.com.ar\/index.php?rest_route=\/wp\/v2\/posts"}],"about":[{"href":"http:\/\/www.rtvnoticias.com.ar\/index.php?rest_route=\/wp\/v2\/types\/post"}],"author":[{"embeddable":true,"href":"http:\/\/www.rtvnoticias.com.ar\/index.php?rest_route=\/wp\/v2\/users\/7"}],"replies":[{"embeddable":true,"href":"http:\/\/www.rtvnoticias.com.ar\/index.php?rest_route=%2Fwp%2Fv2%2Fcomments&post=35510"}],"version-history":[{"count":1,"href":"http:\/\/www.rtvnoticias.com.ar\/index.php?rest_route=\/wp\/v2\/posts\/35510\/revisions"}],"predecessor-version":[{"id":35512,"href":"http:\/\/www.rtvnoticias.com.ar\/index.php?rest_route=\/wp\/v2\/posts\/35510\/revisions\/35512"}],"wp:featuredmedia":[{"embeddable":true,"href":"http:\/\/www.rtvnoticias.com.ar\/index.php?rest_route=\/wp\/v2\/media\/35511"}],"wp:attachment":[{"href":"http:\/\/www.rtvnoticias.com.ar\/index.php?rest_route=%2Fwp%2Fv2%2Fmedia&parent=35510"}],"wp:term":[{"taxonomy":"category","embeddable":true,"href":"http:\/\/www.rtvnoticias.com.ar\/index.php?rest_route=%2Fwp%2Fv2%2Fcategories&post=35510"},{"taxonomy":"post_tag","embeddable":true,"href":"http:\/\/www.rtvnoticias.com.ar\/index.php?rest_route=%2Fwp%2Fv2%2Ftags&post=35510"}],"curies":[{"name":"wp","href":"https:\/\/api.w.org\/{rel}","templated":true}]}}