{"id":35526,"date":"2023-02-09T12:28:09","date_gmt":"2023-02-09T15:28:09","guid":{"rendered":"http:\/\/www.rtvnoticias.com.ar\/?p=35526"},"modified":"2023-02-09T12:28:12","modified_gmt":"2023-02-09T15:28:12","slug":"burlando-confirmo-su-candidatura-a-gobernador-bonaerense","status":"publish","type":"post","link":"http:\/\/www.rtvnoticias.com.ar\/?p=35526","title":{"rendered":"Burlando confirm\u00f3 su candidatura a gobernador bonaerense"},"content":{"rendered":"\n<p>\u201cVoy a ser candidato\u00bb. Con esa frase, Fernando Burlando asegur\u00f3 que se presentar\u00e1 a las pr\u00f3ximas elecciones como candidato a gobernador de la provincia de Buenos Aires. El abogado, que mantuvo un alto perfil durante la sentencia del juicio por el crimen de Fernando B\u00e1ez Sosa como el defensor de la familia de la v\u00edctima, afirm\u00f3 que ir\u00e1 por fuera de los partidos tradicionales y critic\u00f3 a los pol\u00edticos que gobernaron desde la vuelta de la democracia.<\/p>\n\n\n\n<p>La pol\u00edtica desaprob\u00f3 en materia salud, educaci\u00f3n, seguridad\u2026 no aprobamos una sola materia\u201d, manifest\u00f3 Burlando, que sostuvo lo que hab\u00eda anunciado en diciembre de 2022 cuando present\u00f3 su partido pol\u00edtico: Movimiento de Integraci\u00f3n Federal. \u201cVoy a ser candidato a gobernador seguramente porque soy parte de un partido que no tiene nada que ver con todos los que desaprobaron las materias del 83 hasta hoy\u201d, a\u00f1adi\u00f3.<\/p>\n\n\n\n<p>Respecto a su incursi\u00f3n en la pol\u00edtica, lo cual se convirti\u00f3 en una posibilidad concreta en el \u00faltimo tiempo, el abogado medi\u00e1tico explic\u00f3 que su intenci\u00f3n \u00abes generar un grupo donde se pueda incluir en la pol\u00edtica a aquellos a los que se le cierra la puerta: el pueblo\u201d. Adem\u00e1s, carg\u00f3 contra \u201clos dirigentes que piensan que la pol\u00edtica es un patrimonio personal\u201d e hizo hincapi\u00e9 en la provincia de Buenos Aires, a la que calific\u00f3 de \u00abagujero negro\u00bb.<\/p>\n\n\n\n<p>\u201cLa Provincia es una de las m\u00e1s castigadas, hace mucho tiempo uno pensaba que la pol\u00edtica era cosa ajena, de los dem\u00e1s, pero eso solo logr\u00f3 dejar pasar a gente que no ten\u00eda capacidades en lugares fundamentales para el pueblo argentino. Si no participamos los dejamos hacer lo que deseen y que la pol\u00edtica baje su nivel\u2033, explic\u00f3 Burlando, que buscar\u00e1 destronar en el territorio bonaerense al gobernador Axel Kicillof, cuya gesti\u00f3n reprob\u00f3.<\/p>\n\n\n\n<p>\u201cLa Provincia es un agujero negro. Muchas cosas quedan en el olvido. Soy de la Provincia, nac\u00ed en La Plata y mi profesi\u00f3n ha hecho que transite todos sus rincones. Es un gran desaf\u00edo, no lo veo imposible. Si veo quienes han pasado, no me veo lejos de poder llegar\u201d, sentenci\u00f3 en esa oportunidad. \u201cHay 10 temas para abordar. Pobreza, educaci\u00f3n, justicia y seguridad son claves. Estamos dirigiendo todo para tratar de solucionar temas urticantes\u201d, cerr\u00f3.<\/p>\n<div class=\"sharedaddy sd-sharing-enabled\"><div class=\"robots-nocontent sd-block sd-social sd-social-icon sd-sharing\"><h3 class=\"sd-title\">Comparte esto:<\/h3><div class=\"sd-content\"><ul><li class=\"share-twitter\"><a rel=\"nofollow noopener noreferrer\" data-shared=\"sharing-twitter-35526\" class=\"share-twitter sd-button share-icon no-text\" href=\"http:\/\/www.rtvnoticias.com.ar\/?p=35526&amp;share=twitter\" target=\"_blank\" title=\"Haz clic para compartir en Twitter\"><span><\/span><span class=\"sharing-screen-reader-text\">Haz clic para compartir en Twitter (Se abre en una ventana nueva)<\/span><\/a><\/li><li class=\"share-facebook\"><a rel=\"nofollow noopener noreferrer\" data-shared=\"sharing-facebook-35526\" class=\"share-facebook sd-button share-icon no-text\" href=\"http:\/\/www.rtvnoticias.com.ar\/?p=35526&amp;share=facebook\" target=\"_blank\" title=\"Haz clic para compartir en Facebook\"><span><\/span><span class=\"sharing-screen-reader-text\">Haz clic para compartir en Facebook (Se abre en una ventana nueva)<\/span><\/a><\/li><li class=\"share-jetpack-whatsapp\"><a rel=\"nofollow noopener noreferrer\" data-shared=\"\" class=\"share-jetpack-whatsapp sd-button share-icon no-text\" href=\"http:\/\/www.rtvnoticias.com.ar\/?p=35526&amp;share=jetpack-whatsapp\" target=\"_blank\" title=\"Haz clic para compartir en WhatsApp\"><span><\/span><span class=\"sharing-screen-reader-text\">Haz clic para compartir en WhatsApp (Se abre en una ventana nueva)<\/span><\/a><\/li><li class=\"share-telegram\"><a rel=\"nofollow noopener noreferrer\" data-shared=\"\" class=\"share-telegram sd-button share-icon no-text\" href=\"http:\/\/www.rtvnoticias.com.ar\/?p=35526&amp;share=telegram\" target=\"_blank\" title=\"Haz clic para compartir en Telegram\"><span><\/span><span class=\"sharing-screen-reader-text\">Haz clic para compartir en Telegram (Se abre en una ventana nueva)<\/span><\/a><\/li><li class=\"share-end\"><\/li><\/ul><\/div><\/div><\/div>","protected":false},"excerpt":{"rendered":"<p>\u201cVoy a ser candidato\u00bb. Con esa frase, Fernando Burlando asegur\u00f3 que se presentar\u00e1 a las pr\u00f3ximas elecciones como candidato a gobernador de la provincia de<\/p>\n<div class=\"sharedaddy sd-sharing-enabled\"><div class=\"robots-nocontent sd-block sd-social sd-social-icon sd-sharing\"><h3 class=\"sd-title\">Comparte esto:<\/h3><div class=\"sd-content\"><ul><li class=\"share-twitter\"><a rel=\"nofollow noopener noreferrer\" data-shared=\"sharing-twitter-35526\" class=\"share-twitter sd-button share-icon no-text\" href=\"http:\/\/www.rtvnoticias.com.ar\/?p=35526&amp;share=twitter\" target=\"_blank\" title=\"Haz clic para compartir en Twitter\"><span><\/span><span class=\"sharing-screen-reader-text\">Haz clic para compartir en Twitter (Se abre en una ventana nueva)<\/span><\/a><\/li><li class=\"share-facebook\"><a rel=\"nofollow noopener noreferrer\" data-shared=\"sharing-facebook-35526\" class=\"share-facebook sd-button share-icon no-text\" href=\"http:\/\/www.rtvnoticias.com.ar\/?p=35526&amp;share=facebook\" target=\"_blank\" title=\"Haz clic para compartir en Facebook\"><span><\/span><span class=\"sharing-screen-reader-text\">Haz clic para compartir en Facebook (Se abre en una ventana nueva)<\/span><\/a><\/li><li class=\"share-jetpack-whatsapp\"><a rel=\"nofollow noopener noreferrer\" data-shared=\"\" class=\"share-jetpack-whatsapp sd-button share-icon no-text\" href=\"http:\/\/www.rtvnoticias.com.ar\/?p=35526&amp;share=jetpack-whatsapp\" target=\"_blank\" title=\"Haz clic para compartir en WhatsApp\"><span><\/span><span class=\"sharing-screen-reader-text\">Haz clic para compartir en WhatsApp (Se abre en una ventana nueva)<\/span><\/a><\/li><li class=\"share-telegram\"><a rel=\"nofollow noopener noreferrer\" data-shared=\"\" class=\"share-telegram sd-button share-icon no-text\" href=\"http:\/\/www.rtvnoticias.com.ar\/?p=35526&amp;share=telegram\" target=\"_blank\" title=\"Haz clic para compartir en Telegram\"><span><\/span><span class=\"sharing-screen-reader-text\">Haz clic para compartir en Telegram (Se abre en una ventana nueva)<\/span><\/a><\/li><li class=\"share-end\"><\/li><\/ul><\/div><\/div><\/div>","protected":false},"author":7,"featured_media":35527,"comment_status":"closed","ping_status":"closed","sticky":false,"template":"","format":"standard","meta":{"spay_email":"","jetpack_publicize_message":"","jetpack_is_tweetstorm":false,"jetpack_publicize_feature_enabled":true},"categories":[5],"tags":[],"jetpack_featured_media_url":"http:\/\/www.rtvnoticias.com.ar\/wp-content\/uploads\/2023\/02\/burlando.jpg","jetpack_publicize_connections":[],"jetpack_sharing_enabled":true,"_links":{"self":[{"href":"http:\/\/www.rtvnoticias.com.ar\/index.php?rest_route=\/wp\/v2\/posts\/35526"}],"collection":[{"href":"http:\/\/www.rtvnoticias.com.ar\/index.php?rest_route=\/wp\/v2\/posts"}],"about":[{"href":"http:\/\/www.rtvnoticias.com.ar\/index.php?rest_route=\/wp\/v2\/types\/post"}],"author":[{"embeddable":true,"href":"http:\/\/www.rtvnoticias.com.ar\/index.php?rest_route=\/wp\/v2\/users\/7"}],"replies":[{"embeddable":true,"href":"http:\/\/www.rtvnoticias.com.ar\/index.php?rest_route=%2Fwp%2Fv2%2Fcomments&post=35526"}],"version-history":[{"count":1,"href":"http:\/\/www.rtvnoticias.com.ar\/index.php?rest_route=\/wp\/v2\/posts\/35526\/revisions"}],"predecessor-version":[{"id":35528,"href":"http:\/\/www.rtvnoticias.com.ar\/index.php?rest_route=\/wp\/v2\/posts\/35526\/revisions\/35528"}],"wp:featuredmedia":[{"embeddable":true,"href":"http:\/\/www.rtvnoticias.com.ar\/index.php?rest_route=\/wp\/v2\/media\/35527"}],"wp:attachment":[{"href":"http:\/\/www.rtvnoticias.com.ar\/index.php?rest_route=%2Fwp%2Fv2%2Fmedia&parent=35526"}],"wp:term":[{"taxonomy":"category","embeddable":true,"href":"http:\/\/www.rtvnoticias.com.ar\/index.php?rest_route=%2Fwp%2Fv2%2Fcategories&post=35526"},{"taxonomy":"post_tag","embeddable":true,"href":"http:\/\/www.rtvnoticias.com.ar\/index.php?rest_route=%2Fwp%2Fv2%2Ftags&post=35526"}],"curies":[{"name":"wp","href":"https:\/\/api.w.org\/{rel}","templated":true}]}}