{"id":35537,"date":"2023-02-11T11:20:05","date_gmt":"2023-02-11T14:20:05","guid":{"rendered":"http:\/\/www.rtvnoticias.com.ar\/?p=35537"},"modified":"2023-02-11T11:20:07","modified_gmt":"2023-02-11T14:20:07","slug":"agustin-rossi-asumira-como-nuevo-jefe-de-gabinete-en-lugar-de-juan-manzur","status":"publish","type":"post","link":"http:\/\/www.rtvnoticias.com.ar\/?p=35537","title":{"rendered":"Agust\u00edn Rossi asumir\u00e1 como nuevo jefe de Gabinete en lugar de Juan Manzur"},"content":{"rendered":"\n<p class=\"has-text-align-center\"><strong>El titular de la AFI tomar\u00e1 el nuevo cargo el pr\u00f3ximo mi\u00e9rcoles. Alberto Fern\u00e1ndez ahora debe definir al reemplazo. En tanto, el tucumano se dedicar\u00e1 a la campa\u00f1a electoral en su provincia.<\/strong><\/p>\n\n\n\n<p>El actual director de la Agencia Federal de Inteligencia (AFI), Agust\u00edn Rossi, asumir\u00e1 como nuevo jefe de Gabinete de Alberto Fern\u00e1ndez, el tercero desde el inicio de su gesti\u00f3n en diciembre de 2019. Lo har\u00e1 en reemplazo de Juan Manzur, quien lleg\u00f3 a la Casa Rosada tras la salida de Santiago Cafiero en 2021 y ahora dejar\u00e1 el cargo para dedicarse a la campa\u00f1a electoral en Tucum\u00e1n: competir\u00e1 por la vicegobernaci\u00f3n al lado de Osvaldo Jaldo.<\/p>\n\n\n\n<p>El exministro de Defensa durante 2013 y 2015 en la presidencia de Cristina Kirchner tomar\u00e1 la jefatura de Gabinete el pr\u00f3ximo mi\u00e9rcoles, seg\u00fan confirm\u00f3 Clar\u00edn.<\/p>\n\n\n\n<p>La llegada de Agust\u00edn Rossi se resolvi\u00f3 el \u00faltimo lunes, en un desayuno con el Presidente de la Naci\u00f3n, donde repasaron c\u00f3mo ser\u00eda el desembarco en esa dependencia, copada por gente de Manzur. Para ese rol, se hab\u00eda mencionado a Juan Manuel Olmos, actual vicejefe de Gabinete, y virtual encargado del \u00e1rea, pues Manzur se dedicaba tiempo completo a la campa\u00f1a pol\u00edtica en Tucum\u00e1n.<\/p>\n\n\n\n<p>Ahora, Alberto Fern\u00e1ndez debe definir qui\u00e9n ir\u00e1 en lugar de Rossi como titular de la AFI (\u201dSe\u00f1or 5\u2033). A Rossi all\u00ed lo secunda hasta hoy la licenciada Ana Clara Alberdi, quien fuera jefa de Gabinete en el Ministerio de Defensa entre 2013 y 2015. Alberdi cumple el rol de \u201cSe\u00f1or o Se\u00f1ora 8\u2033, como se llama al segundo de la AFI, y tiene altas chances de quedarse a cargo de ese organismo.<\/p>\n\n\n\n<p>Tambi\u00e9n se especula para suceder a Rossi con \u201cPepe\u201d Albistur, el hist\u00f3rico publicista del peronismo, amigo personal de Alberto Fern\u00e1ndez y esposo de Victoria Tolosa Paz, actual ministra de Desarrollo Social de la Naci\u00f3n y vocera de la Casa Rosada en la compulsa interna de Fern\u00e1ndez con el cristinismo.<\/p>\n\n\n\n<p>En tanto, Manzur se ocupar\u00e1 de la campa\u00f1a electoral, 90 d\u00edas antes de la elecci\u00f3n en Tucum\u00e1n, donde ir\u00e1 como candidato a vicegobernador de Osvaldo Jaldo por el Partido Justicialista.<\/p>\n<div class=\"sharedaddy sd-sharing-enabled\"><div class=\"robots-nocontent sd-block sd-social sd-social-icon sd-sharing\"><h3 class=\"sd-title\">Comparte esto:<\/h3><div class=\"sd-content\"><ul><li class=\"share-twitter\"><a rel=\"nofollow noopener noreferrer\" data-shared=\"sharing-twitter-35537\" class=\"share-twitter sd-button share-icon no-text\" href=\"http:\/\/www.rtvnoticias.com.ar\/?p=35537&amp;share=twitter\" target=\"_blank\" title=\"Haz clic para compartir en Twitter\"><span><\/span><span class=\"sharing-screen-reader-text\">Haz clic para compartir en Twitter (Se abre en una ventana nueva)<\/span><\/a><\/li><li class=\"share-facebook\"><a rel=\"nofollow noopener noreferrer\" data-shared=\"sharing-facebook-35537\" class=\"share-facebook sd-button share-icon no-text\" href=\"http:\/\/www.rtvnoticias.com.ar\/?p=35537&amp;share=facebook\" target=\"_blank\" title=\"Haz clic para compartir en Facebook\"><span><\/span><span class=\"sharing-screen-reader-text\">Haz clic para compartir en Facebook (Se abre en una ventana nueva)<\/span><\/a><\/li><li class=\"share-jetpack-whatsapp\"><a rel=\"nofollow noopener noreferrer\" data-shared=\"\" class=\"share-jetpack-whatsapp sd-button share-icon no-text\" href=\"http:\/\/www.rtvnoticias.com.ar\/?p=35537&amp;share=jetpack-whatsapp\" target=\"_blank\" title=\"Haz clic para compartir en WhatsApp\"><span><\/span><span class=\"sharing-screen-reader-text\">Haz clic para compartir en WhatsApp (Se abre en una ventana nueva)<\/span><\/a><\/li><li class=\"share-telegram\"><a rel=\"nofollow noopener noreferrer\" data-shared=\"\" class=\"share-telegram sd-button share-icon no-text\" href=\"http:\/\/www.rtvnoticias.com.ar\/?p=35537&amp;share=telegram\" target=\"_blank\" title=\"Haz clic para compartir en Telegram\"><span><\/span><span class=\"sharing-screen-reader-text\">Haz clic para compartir en Telegram (Se abre en una ventana nueva)<\/span><\/a><\/li><li class=\"share-end\"><\/li><\/ul><\/div><\/div><\/div>","protected":false},"excerpt":{"rendered":"<p>El titular de la AFI tomar\u00e1 el nuevo cargo el pr\u00f3ximo mi\u00e9rcoles. Alberto Fern\u00e1ndez ahora debe definir al reemplazo. En tanto, el tucumano se dedicar\u00e1<\/p>\n<div class=\"sharedaddy sd-sharing-enabled\"><div class=\"robots-nocontent sd-block sd-social sd-social-icon sd-sharing\"><h3 class=\"sd-title\">Comparte esto:<\/h3><div class=\"sd-content\"><ul><li class=\"share-twitter\"><a rel=\"nofollow noopener noreferrer\" data-shared=\"sharing-twitter-35537\" class=\"share-twitter sd-button share-icon no-text\" href=\"http:\/\/www.rtvnoticias.com.ar\/?p=35537&amp;share=twitter\" target=\"_blank\" title=\"Haz clic para compartir en Twitter\"><span><\/span><span class=\"sharing-screen-reader-text\">Haz clic para compartir en Twitter (Se abre en una ventana nueva)<\/span><\/a><\/li><li class=\"share-facebook\"><a rel=\"nofollow noopener noreferrer\" data-shared=\"sharing-facebook-35537\" class=\"share-facebook sd-button share-icon no-text\" href=\"http:\/\/www.rtvnoticias.com.ar\/?p=35537&amp;share=facebook\" target=\"_blank\" title=\"Haz clic para compartir en Facebook\"><span><\/span><span class=\"sharing-screen-reader-text\">Haz clic para compartir en Facebook (Se abre en una ventana nueva)<\/span><\/a><\/li><li class=\"share-jetpack-whatsapp\"><a rel=\"nofollow noopener noreferrer\" data-shared=\"\" class=\"share-jetpack-whatsapp sd-button share-icon no-text\" href=\"http:\/\/www.rtvnoticias.com.ar\/?p=35537&amp;share=jetpack-whatsapp\" target=\"_blank\" title=\"Haz clic para compartir en WhatsApp\"><span><\/span><span class=\"sharing-screen-reader-text\">Haz clic para compartir en WhatsApp (Se abre en una ventana nueva)<\/span><\/a><\/li><li class=\"share-telegram\"><a rel=\"nofollow noopener noreferrer\" data-shared=\"\" class=\"share-telegram sd-button share-icon no-text\" href=\"http:\/\/www.rtvnoticias.com.ar\/?p=35537&amp;share=telegram\" target=\"_blank\" title=\"Haz clic para compartir en Telegram\"><span><\/span><span class=\"sharing-screen-reader-text\">Haz clic para compartir en Telegram (Se abre en una ventana nueva)<\/span><\/a><\/li><li class=\"share-end\"><\/li><\/ul><\/div><\/div><\/div>","protected":false},"author":7,"featured_media":35538,"comment_status":"closed","ping_status":"closed","sticky":false,"template":"","format":"standard","meta":{"spay_email":"","jetpack_publicize_message":"","jetpack_is_tweetstorm":false,"jetpack_publicize_feature_enabled":true},"categories":[5],"tags":[],"jetpack_featured_media_url":"http:\/\/www.rtvnoticias.com.ar\/wp-content\/uploads\/2023\/02\/rossi_gabinete.jpg_1756841869.jpg","jetpack_publicize_connections":[],"jetpack_sharing_enabled":true,"_links":{"self":[{"href":"http:\/\/www.rtvnoticias.com.ar\/index.php?rest_route=\/wp\/v2\/posts\/35537"}],"collection":[{"href":"http:\/\/www.rtvnoticias.com.ar\/index.php?rest_route=\/wp\/v2\/posts"}],"about":[{"href":"http:\/\/www.rtvnoticias.com.ar\/index.php?rest_route=\/wp\/v2\/types\/post"}],"author":[{"embeddable":true,"href":"http:\/\/www.rtvnoticias.com.ar\/index.php?rest_route=\/wp\/v2\/users\/7"}],"replies":[{"embeddable":true,"href":"http:\/\/www.rtvnoticias.com.ar\/index.php?rest_route=%2Fwp%2Fv2%2Fcomments&post=35537"}],"version-history":[{"count":1,"href":"http:\/\/www.rtvnoticias.com.ar\/index.php?rest_route=\/wp\/v2\/posts\/35537\/revisions"}],"predecessor-version":[{"id":35539,"href":"http:\/\/www.rtvnoticias.com.ar\/index.php?rest_route=\/wp\/v2\/posts\/35537\/revisions\/35539"}],"wp:featuredmedia":[{"embeddable":true,"href":"http:\/\/www.rtvnoticias.com.ar\/index.php?rest_route=\/wp\/v2\/media\/35538"}],"wp:attachment":[{"href":"http:\/\/www.rtvnoticias.com.ar\/index.php?rest_route=%2Fwp%2Fv2%2Fmedia&parent=35537"}],"wp:term":[{"taxonomy":"category","embeddable":true,"href":"http:\/\/www.rtvnoticias.com.ar\/index.php?rest_route=%2Fwp%2Fv2%2Fcategories&post=35537"},{"taxonomy":"post_tag","embeddable":true,"href":"http:\/\/www.rtvnoticias.com.ar\/index.php?rest_route=%2Fwp%2Fv2%2Ftags&post=35537"}],"curies":[{"name":"wp","href":"https:\/\/api.w.org\/{rel}","templated":true}]}}