{"id":35540,"date":"2023-02-11T11:28:37","date_gmt":"2023-02-11T14:28:37","guid":{"rendered":"http:\/\/www.rtvnoticias.com.ar\/?p=35540"},"modified":"2023-02-11T11:28:40","modified_gmt":"2023-02-11T14:28:40","slug":"juicio-por-el-crimen-de-lucio-dupuy-por-que-este-lunes-no-se-sabra-la-sentencia-y-cuando-se-dara-a-conocer","status":"publish","type":"post","link":"http:\/\/www.rtvnoticias.com.ar\/?p=35540","title":{"rendered":"Juicio por el crimen de Lucio Dupuy: por qu\u00e9 este lunes no se sabr\u00e1 la sentencia y cu\u00e1ndo se dar\u00e1 a conocer"},"content":{"rendered":"\n<p>La lectura de la pena y los a\u00f1os de prisi\u00f3n que deber\u00e1n cumplir Magdalena Esp\u00f3sito Valenti y Abigail P\u00e1ez por el asesinato y abuso sexual contra Lucio Dupuy, un nene de 5 a\u00f1os, no se realizar\u00e1 este lunes 13 de febrero como estaba previsto.<\/p>\n\n\n\n<p>Este lunes a las 8 se escuchar\u00e1n las apelaciones de los fiscales, la querella particular y los defensores de las acusadas, por lo que todav\u00eda no se sabr\u00e1 cu\u00e1l es la sentencia que recibir\u00e1n las acusadas. Aunque todo hace suponer que ser\u00e1 la pena m\u00e1xima de prisi\u00f3n perpetua.<\/p>\n\n\n\n<p>Los jueces Alejandra Ongaro, Andr\u00e9s Oli\u00e9 y Daniel S\u00e1ez Zamora determinaron el pasado 2 de febrero que Esp\u00f3sito, la madre de Lucio, y su novia P\u00e1ez son culpables por el delito de homicidio agravado.<\/p>\n\n\n\n<p>Una de las pruebas m\u00e1s contundentes para que los jueces tomaran esta decisi\u00f3n fue el informe de la autopsia de Lucio, que determina c\u00f3mo muri\u00f3 el ni\u00f1o de 5 a\u00f1os el 26 de noviembre de 2021.<\/p>\n\n\n\n<p>Por los hechos ocurridos esa noche, las j\u00f3venes estaban imputadas por los delitos de \u00abhomicidio agravado con ensa\u00f1amiento y alevos\u00eda\u00bb y \u00ababuso sexual gravemente ultrajante\u00bb, entre otros condicionantes.<\/p>\n\n\n\n<p>La fiscal Ver\u00f3nica Ferrero y sus colegas Walter Martos y Marcos Sacco apelar\u00e1n este lunes 13 el fallo, y pedir\u00e1n que la madre tambi\u00e9n sea condenada por abuso sexual ultrajante. El abogado querellante, Jos\u00e9 Mario Aguerrido, tambi\u00e9n apelar\u00e1 esa absoluci\u00f3n.<\/p>\n\n\n\n<p>Otro elemento de la apelaci\u00f3n del querellante (quien representa al padre de Lucio, Christian Dupuy) es el asesinato del nene como crimen de odio, por su condici\u00f3n de var\u00f3n.<\/p>\n\n\n\n<p>La defensora oficial Silvina Blanco, quien representa a P\u00e1ez, insistir\u00e1 con sus argumentos defensivos de cuestionar parte de la autopsia del m\u00e9dico Juan Carlos Toulousse y encuadrar el hecho en un homicidio preterintencional, adem\u00e1s de pedir la absoluci\u00f3n del abuso sexual por la \u00abduda razonable\u00bb.<\/p>\n\n\n\n<p>El defensor Pablo de Biasi, por el lado de Esp\u00f3sito, pedir\u00e1 la absoluci\u00f3n de su clienta por el delito de homicidio agravado al sostener que no estuvo en el momento de la agresi\u00f3n que le produjo la muerte.<\/p>\n\n\n\n<p>Adem\u00e1s considera que el hecho debe encuadrarse en un caso de violencia de g\u00e9nero (f\u00edsica, psicol\u00f3gica y econ\u00f3mica) por la supuesta violencia del padre Christian Dupuy hacia la madre.<\/p>\n\n\n\n<p><\/p>\n<div class=\"sharedaddy sd-sharing-enabled\"><div class=\"robots-nocontent sd-block sd-social sd-social-icon sd-sharing\"><h3 class=\"sd-title\">Comparte esto:<\/h3><div class=\"sd-content\"><ul><li class=\"share-twitter\"><a rel=\"nofollow noopener noreferrer\" data-shared=\"sharing-twitter-35540\" class=\"share-twitter sd-button share-icon no-text\" href=\"http:\/\/www.rtvnoticias.com.ar\/?p=35540&amp;share=twitter\" target=\"_blank\" title=\"Haz clic para compartir en Twitter\"><span><\/span><span class=\"sharing-screen-reader-text\">Haz clic para compartir en Twitter (Se abre en una ventana nueva)<\/span><\/a><\/li><li class=\"share-facebook\"><a rel=\"nofollow noopener noreferrer\" data-shared=\"sharing-facebook-35540\" class=\"share-facebook sd-button share-icon no-text\" href=\"http:\/\/www.rtvnoticias.com.ar\/?p=35540&amp;share=facebook\" target=\"_blank\" title=\"Haz clic para compartir en Facebook\"><span><\/span><span class=\"sharing-screen-reader-text\">Haz clic para compartir en Facebook (Se abre en una ventana nueva)<\/span><\/a><\/li><li class=\"share-jetpack-whatsapp\"><a rel=\"nofollow noopener noreferrer\" data-shared=\"\" class=\"share-jetpack-whatsapp sd-button share-icon no-text\" href=\"http:\/\/www.rtvnoticias.com.ar\/?p=35540&amp;share=jetpack-whatsapp\" target=\"_blank\" title=\"Haz clic para compartir en WhatsApp\"><span><\/span><span class=\"sharing-screen-reader-text\">Haz clic para compartir en WhatsApp (Se abre en una ventana nueva)<\/span><\/a><\/li><li class=\"share-telegram\"><a rel=\"nofollow noopener noreferrer\" data-shared=\"\" class=\"share-telegram sd-button share-icon no-text\" href=\"http:\/\/www.rtvnoticias.com.ar\/?p=35540&amp;share=telegram\" target=\"_blank\" title=\"Haz clic para compartir en Telegram\"><span><\/span><span class=\"sharing-screen-reader-text\">Haz clic para compartir en Telegram (Se abre en una ventana nueva)<\/span><\/a><\/li><li class=\"share-end\"><\/li><\/ul><\/div><\/div><\/div>","protected":false},"excerpt":{"rendered":"<p>La lectura de la pena y los a\u00f1os de prisi\u00f3n que deber\u00e1n cumplir Magdalena Esp\u00f3sito Valenti y Abigail P\u00e1ez por el asesinato y abuso sexual<\/p>\n<div class=\"sharedaddy sd-sharing-enabled\"><div class=\"robots-nocontent sd-block sd-social sd-social-icon sd-sharing\"><h3 class=\"sd-title\">Comparte esto:<\/h3><div class=\"sd-content\"><ul><li class=\"share-twitter\"><a rel=\"nofollow noopener noreferrer\" data-shared=\"sharing-twitter-35540\" class=\"share-twitter sd-button share-icon no-text\" href=\"http:\/\/www.rtvnoticias.com.ar\/?p=35540&amp;share=twitter\" target=\"_blank\" title=\"Haz clic para compartir en Twitter\"><span><\/span><span class=\"sharing-screen-reader-text\">Haz clic para compartir en Twitter (Se abre en una ventana nueva)<\/span><\/a><\/li><li class=\"share-facebook\"><a rel=\"nofollow noopener noreferrer\" data-shared=\"sharing-facebook-35540\" class=\"share-facebook sd-button share-icon no-text\" href=\"http:\/\/www.rtvnoticias.com.ar\/?p=35540&amp;share=facebook\" target=\"_blank\" title=\"Haz clic para compartir en Facebook\"><span><\/span><span class=\"sharing-screen-reader-text\">Haz clic para compartir en Facebook (Se abre en una ventana nueva)<\/span><\/a><\/li><li class=\"share-jetpack-whatsapp\"><a rel=\"nofollow noopener noreferrer\" data-shared=\"\" class=\"share-jetpack-whatsapp sd-button share-icon no-text\" href=\"http:\/\/www.rtvnoticias.com.ar\/?p=35540&amp;share=jetpack-whatsapp\" target=\"_blank\" title=\"Haz clic para compartir en WhatsApp\"><span><\/span><span class=\"sharing-screen-reader-text\">Haz clic para compartir en WhatsApp (Se abre en una ventana nueva)<\/span><\/a><\/li><li class=\"share-telegram\"><a rel=\"nofollow noopener noreferrer\" data-shared=\"\" class=\"share-telegram sd-button share-icon no-text\" href=\"http:\/\/www.rtvnoticias.com.ar\/?p=35540&amp;share=telegram\" target=\"_blank\" title=\"Haz clic para compartir en Telegram\"><span><\/span><span class=\"sharing-screen-reader-text\">Haz clic para compartir en Telegram (Se abre en una ventana nueva)<\/span><\/a><\/li><li class=\"share-end\"><\/li><\/ul><\/div><\/div><\/div>","protected":false},"author":7,"featured_media":35439,"comment_status":"closed","ping_status":"closed","sticky":false,"template":"","format":"standard","meta":{"spay_email":"","jetpack_publicize_message":"","jetpack_is_tweetstorm":false,"jetpack_publicize_feature_enabled":true},"categories":[4],"tags":[],"jetpack_featured_media_url":"http:\/\/www.rtvnoticias.com.ar\/wp-content\/uploads\/2023\/02\/juicio.lucio_.jpg","jetpack_publicize_connections":[],"jetpack_sharing_enabled":true,"_links":{"self":[{"href":"http:\/\/www.rtvnoticias.com.ar\/index.php?rest_route=\/wp\/v2\/posts\/35540"}],"collection":[{"href":"http:\/\/www.rtvnoticias.com.ar\/index.php?rest_route=\/wp\/v2\/posts"}],"about":[{"href":"http:\/\/www.rtvnoticias.com.ar\/index.php?rest_route=\/wp\/v2\/types\/post"}],"author":[{"embeddable":true,"href":"http:\/\/www.rtvnoticias.com.ar\/index.php?rest_route=\/wp\/v2\/users\/7"}],"replies":[{"embeddable":true,"href":"http:\/\/www.rtvnoticias.com.ar\/index.php?rest_route=%2Fwp%2Fv2%2Fcomments&post=35540"}],"version-history":[{"count":1,"href":"http:\/\/www.rtvnoticias.com.ar\/index.php?rest_route=\/wp\/v2\/posts\/35540\/revisions"}],"predecessor-version":[{"id":35541,"href":"http:\/\/www.rtvnoticias.com.ar\/index.php?rest_route=\/wp\/v2\/posts\/35540\/revisions\/35541"}],"wp:featuredmedia":[{"embeddable":true,"href":"http:\/\/www.rtvnoticias.com.ar\/index.php?rest_route=\/wp\/v2\/media\/35439"}],"wp:attachment":[{"href":"http:\/\/www.rtvnoticias.com.ar\/index.php?rest_route=%2Fwp%2Fv2%2Fmedia&parent=35540"}],"wp:term":[{"taxonomy":"category","embeddable":true,"href":"http:\/\/www.rtvnoticias.com.ar\/index.php?rest_route=%2Fwp%2Fv2%2Fcategories&post=35540"},{"taxonomy":"post_tag","embeddable":true,"href":"http:\/\/www.rtvnoticias.com.ar\/index.php?rest_route=%2Fwp%2Fv2%2Ftags&post=35540"}],"curies":[{"name":"wp","href":"https:\/\/api.w.org\/{rel}","templated":true}]}}