{"id":35542,"date":"2023-02-11T12:14:37","date_gmt":"2023-02-11T15:14:37","guid":{"rendered":"http:\/\/www.rtvnoticias.com.ar\/?p=35542"},"modified":"2023-02-11T12:14:41","modified_gmt":"2023-02-11T15:14:41","slug":"victorica-el-pueblo-pampeano-exceptuado-de-la-veda-electoral","status":"publish","type":"post","link":"http:\/\/www.rtvnoticias.com.ar\/?p=35542","title":{"rendered":"Victorica, el pueblo pampeano \u00abexceptuado\u00bb de la veda electoral"},"content":{"rendered":"\n<p>Parece chiste pero no lo es. Victorica, localidad con 3.759 electores habilitados para votar en 11 mesas repartidas en dos colegios, queda exceptuada de la veda electoral<\/p>\n\n\n\n<p>\u00bfEl motivo? La realizaci\u00f3n de la 50\u00aa Fiesta Nacional de la Ganader\u00eda del Oeste Pampeano.<\/p>\n\n\n\n<p>Se entiende que la organizaci\u00f3n de este tipo de eventos lleva mucho tiempo y para cuando el gobernador Sergio Ziliotto design\u00f3 las fechas electorales, desde la comisi\u00f3n organizadora de la fiesta dijeron que le hab\u00edan enviado una misiva en la que manifestaban \u201cla preocupaci\u00f3n, a ra\u00edz de las versiones period\u00edsticas que informan de una posible superposici\u00f3n de fechas entre la convocatoria a elecciones internas, abiertas, obligatorias y simult\u00e1neas en la provincia de La Pampa y los actos programados desde el 9 al 12 de febrero de 2023\u201d.<\/p>\n\n\n\n<p>Dicen que de inmediato comenzaron gestiones y le pidieron a Ziliotto que cambiara la fecha elegida pero no tuvieron suerte.<\/p>\n\n\n\n<p>Con lo que s\u00ed tuevieron suerte fue con la persuasi\u00f3n. Parece que lograron plasmar un acuerdo con las autoridades provinciales que permite el normal desarrollo de ambas actividades: la eleccionaria y los festejos. Es que, el intendente Hugo Kenny hab\u00eda anunciado que la enorme grilla de artistas contratados, algunos hab\u00edan cobrado se\u00f1as y otros la totalidad de la contraprestaci\u00f3n, y era imposible reprogramar las actividades.<\/p>\n\n\n\n<p>El mimo Kenny explic\u00f3 a un medio provincial es que \u201clo que nos dicen desde Provincia es que tramitar\u00e1n los permisos especiales para que tanto la Justicia Electoral como las actividades que tiene que implementar el Ministerio de Seguridad en el lugar permita el desarrollo de la programaci\u00f3n de la fiesta. Hablamos de su \u00faltimo tramo, es decir lo del s\u00e1bado a la noche y la jineteada del domingo\u201d.<\/p>\n\n\n\n<p>\u201cLes hemos pedido -a Provincia- que en Victorica no haya veda, es decir de tener bares y otros comercios cerrados, al igual que otras actividades. Eso es lo que queremos que quede exceptuado. Sobre el tema el gobernador ha dicho que la Fiesta de la Ganader\u00eda se hace\u201d, concluy\u00f3 Kenny.<\/p>\n\n\n\n<p>Y todo se dio as\u00ed, de hecho el jueves por la noche comenz\u00f3 la gran fiesta victoriquense. El jueves actuaron Ballet \u201cHuella Pampa\u201d, Los Caldenes, Yamila Cafrune, Los Tekis y Dj Koko. Anoche hicieron lo propio Ballet \u201cPe\u00f1a el Calden\u201d, El Entrevero, Roxana Carabajal, Lucas Sugo y Dj Kairuz.<\/p>\n\n\n\n<p>Para esta noche se espera la presentaci\u00f3n de Ballet taller de folklore de Victorica, M\u00fasicos locales unidos, Paquito Oca\u00f1o, Ulises Bueno yDj Kairuz.<\/p>\n\n\n\n<p>En tanto para el domingo tendr\u00e1 lugar una gran jineteada con las mejores tropillas y jinetes del pa\u00eds. Adem\u00e1s, se llevar\u00e1 a cabo el desfile tradicional de carrozas, tropillas y emprendados, muestra comercial, feria artesanal y patio de comidas.<\/p>\n<div class=\"sharedaddy sd-sharing-enabled\"><div class=\"robots-nocontent sd-block sd-social sd-social-icon sd-sharing\"><h3 class=\"sd-title\">Comparte esto:<\/h3><div class=\"sd-content\"><ul><li class=\"share-twitter\"><a rel=\"nofollow noopener noreferrer\" data-shared=\"sharing-twitter-35542\" class=\"share-twitter sd-button share-icon no-text\" href=\"http:\/\/www.rtvnoticias.com.ar\/?p=35542&amp;share=twitter\" target=\"_blank\" title=\"Haz clic para compartir en Twitter\"><span><\/span><span class=\"sharing-screen-reader-text\">Haz clic para compartir en Twitter (Se abre en una ventana nueva)<\/span><\/a><\/li><li class=\"share-facebook\"><a rel=\"nofollow noopener noreferrer\" data-shared=\"sharing-facebook-35542\" class=\"share-facebook sd-button share-icon no-text\" href=\"http:\/\/www.rtvnoticias.com.ar\/?p=35542&amp;share=facebook\" target=\"_blank\" title=\"Haz clic para compartir en Facebook\"><span><\/span><span class=\"sharing-screen-reader-text\">Haz clic para compartir en Facebook (Se abre en una ventana nueva)<\/span><\/a><\/li><li class=\"share-jetpack-whatsapp\"><a rel=\"nofollow noopener noreferrer\" data-shared=\"\" class=\"share-jetpack-whatsapp sd-button share-icon no-text\" href=\"http:\/\/www.rtvnoticias.com.ar\/?p=35542&amp;share=jetpack-whatsapp\" target=\"_blank\" title=\"Haz clic para compartir en WhatsApp\"><span><\/span><span class=\"sharing-screen-reader-text\">Haz clic para compartir en WhatsApp (Se abre en una ventana nueva)<\/span><\/a><\/li><li class=\"share-telegram\"><a rel=\"nofollow noopener noreferrer\" data-shared=\"\" class=\"share-telegram sd-button share-icon no-text\" href=\"http:\/\/www.rtvnoticias.com.ar\/?p=35542&amp;share=telegram\" target=\"_blank\" title=\"Haz clic para compartir en Telegram\"><span><\/span><span class=\"sharing-screen-reader-text\">Haz clic para compartir en Telegram (Se abre en una ventana nueva)<\/span><\/a><\/li><li class=\"share-end\"><\/li><\/ul><\/div><\/div><\/div>","protected":false},"excerpt":{"rendered":"<p>Parece chiste pero no lo es. Victorica, localidad con 3.759 electores habilitados para votar en 11 mesas repartidas en dos colegios, queda exceptuada de la<\/p>\n<div class=\"sharedaddy sd-sharing-enabled\"><div class=\"robots-nocontent sd-block sd-social sd-social-icon sd-sharing\"><h3 class=\"sd-title\">Comparte esto:<\/h3><div class=\"sd-content\"><ul><li class=\"share-twitter\"><a rel=\"nofollow noopener noreferrer\" data-shared=\"sharing-twitter-35542\" class=\"share-twitter sd-button share-icon no-text\" href=\"http:\/\/www.rtvnoticias.com.ar\/?p=35542&amp;share=twitter\" target=\"_blank\" title=\"Haz clic para compartir en Twitter\"><span><\/span><span class=\"sharing-screen-reader-text\">Haz clic para compartir en Twitter (Se abre en una ventana nueva)<\/span><\/a><\/li><li class=\"share-facebook\"><a rel=\"nofollow noopener noreferrer\" data-shared=\"sharing-facebook-35542\" class=\"share-facebook sd-button share-icon no-text\" href=\"http:\/\/www.rtvnoticias.com.ar\/?p=35542&amp;share=facebook\" target=\"_blank\" title=\"Haz clic para compartir en Facebook\"><span><\/span><span class=\"sharing-screen-reader-text\">Haz clic para compartir en Facebook (Se abre en una ventana nueva)<\/span><\/a><\/li><li class=\"share-jetpack-whatsapp\"><a rel=\"nofollow noopener noreferrer\" data-shared=\"\" class=\"share-jetpack-whatsapp sd-button share-icon no-text\" href=\"http:\/\/www.rtvnoticias.com.ar\/?p=35542&amp;share=jetpack-whatsapp\" target=\"_blank\" title=\"Haz clic para compartir en WhatsApp\"><span><\/span><span class=\"sharing-screen-reader-text\">Haz clic para compartir en WhatsApp (Se abre en una ventana nueva)<\/span><\/a><\/li><li class=\"share-telegram\"><a rel=\"nofollow noopener noreferrer\" data-shared=\"\" class=\"share-telegram sd-button share-icon no-text\" href=\"http:\/\/www.rtvnoticias.com.ar\/?p=35542&amp;share=telegram\" target=\"_blank\" title=\"Haz clic para compartir en Telegram\"><span><\/span><span class=\"sharing-screen-reader-text\">Haz clic para compartir en Telegram (Se abre en una ventana nueva)<\/span><\/a><\/li><li class=\"share-end\"><\/li><\/ul><\/div><\/div><\/div>","protected":false},"author":7,"featured_media":35543,"comment_status":"closed","ping_status":"closed","sticky":false,"template":"","format":"standard","meta":{"spay_email":"","jetpack_publicize_message":"","jetpack_is_tweetstorm":false,"jetpack_publicize_feature_enabled":true},"categories":[4],"tags":[],"jetpack_featured_media_url":"http:\/\/www.rtvnoticias.com.ar\/wp-content\/uploads\/2023\/02\/fiesta_ganaderia.png","jetpack_publicize_connections":[],"jetpack_sharing_enabled":true,"_links":{"self":[{"href":"http:\/\/www.rtvnoticias.com.ar\/index.php?rest_route=\/wp\/v2\/posts\/35542"}],"collection":[{"href":"http:\/\/www.rtvnoticias.com.ar\/index.php?rest_route=\/wp\/v2\/posts"}],"about":[{"href":"http:\/\/www.rtvnoticias.com.ar\/index.php?rest_route=\/wp\/v2\/types\/post"}],"author":[{"embeddable":true,"href":"http:\/\/www.rtvnoticias.com.ar\/index.php?rest_route=\/wp\/v2\/users\/7"}],"replies":[{"embeddable":true,"href":"http:\/\/www.rtvnoticias.com.ar\/index.php?rest_route=%2Fwp%2Fv2%2Fcomments&post=35542"}],"version-history":[{"count":1,"href":"http:\/\/www.rtvnoticias.com.ar\/index.php?rest_route=\/wp\/v2\/posts\/35542\/revisions"}],"predecessor-version":[{"id":35544,"href":"http:\/\/www.rtvnoticias.com.ar\/index.php?rest_route=\/wp\/v2\/posts\/35542\/revisions\/35544"}],"wp:featuredmedia":[{"embeddable":true,"href":"http:\/\/www.rtvnoticias.com.ar\/index.php?rest_route=\/wp\/v2\/media\/35543"}],"wp:attachment":[{"href":"http:\/\/www.rtvnoticias.com.ar\/index.php?rest_route=%2Fwp%2Fv2%2Fmedia&parent=35542"}],"wp:term":[{"taxonomy":"category","embeddable":true,"href":"http:\/\/www.rtvnoticias.com.ar\/index.php?rest_route=%2Fwp%2Fv2%2Fcategories&post=35542"},{"taxonomy":"post_tag","embeddable":true,"href":"http:\/\/www.rtvnoticias.com.ar\/index.php?rest_route=%2Fwp%2Fv2%2Ftags&post=35542"}],"curies":[{"name":"wp","href":"https:\/\/api.w.org\/{rel}","templated":true}]}}