{"id":35577,"date":"2023-02-13T21:11:40","date_gmt":"2023-02-14T00:11:40","guid":{"rendered":"http:\/\/www.rtvnoticias.com.ar\/?p=35577"},"modified":"2023-02-13T21:11:43","modified_gmt":"2023-02-14T00:11:43","slug":"el-gobierno-lanzo-un-plan-para-intentar-frenar-la-suba-de-precios-de-la-carne","status":"publish","type":"post","link":"http:\/\/www.rtvnoticias.com.ar\/?p=35577","title":{"rendered":"El Gobierno lanz\u00f3 un plan para intentar frenar la suba de precios de la carne"},"content":{"rendered":"\n<p>Tras los aumentos en el precio de la carne y su impacto en la inflaci\u00f3n, el ministro de Econom\u00eda, Sergio Massa, junto al secretario de Comercio, Matias Tombolini y su par de Agricultura, Juan Jose Bahillo, anunciaron medidas destinadas tanto a la producci\u00f3n como al consumo de carne.<\/p>\n\n\n\n<p>De esta forma, se busca lograr resultados a corto plazo, actuando sobre el aumento del precio de la carne, y a mediano plazo, sobre la oferta futura, adem\u00e1s de compensar a los productores afectados por la sequ\u00eda, que se vieron obligados a malvender el ganado y est\u00e1n en problemas por la falta de oferta de forrajer\u00eda.<\/p>\n\n\n\n<p>A fin de morigerar los efectos de la sequ\u00eda, los productores podr\u00e1n acceder a subsidios por hasta el 40% del alimento necesario para la terminaci\u00f3n de los animales en feedlot.<\/p>\n\n\n\n<p>Para dar una respuesta al aumento del precio de la carne, el Ministerio de Econom\u00eda, junto a la Secretar\u00eda de Comercio, acord\u00f3 con exportadores y entidades bancarias y del Estado una serie de medidas y acuerdos.<\/p>\n\n\n\n<p>Precios Justos Carne es la inclusi\u00f3n de los siete cortes cuidados al programa con valores diferenciales y un sendero previsible.<\/p>\n\n\n\n<p>Los precios acordados se mantendr\u00e1n hasta el 31 de marzo y, luego, estos cortes tendr\u00e1n una pauta del 3,2% hasta el 30 de junio. Estos precios se podr\u00e1n encontrar desde el viernes, prometi\u00f3 Econom\u00eda.<\/p>\n\n\n\n<p>Adem\u00e1s, a partir del acuerdo, se logr\u00f3 bajar un 35% promedio el precio con que los supermercados estaban comercializando los cortes.<\/p>\n\n\n\n<p>Los siete cortes de carne en cuesti\u00f3n, prohibidos para exportaci\u00f3n, que se ofrecer\u00e1n son asado, que se comercializar\u00eda a $1.035 por kilo; nalga, a $1.375; matambre, $1.310; vac\u00edo, $1.351; falda, $675; paleta, $1.113 y tapa de asado, $1.035.<\/p>\n\n\n\n<p>Desde la Secretar\u00eda de Comercio, destacaron que, gracias a los acuerdos con las empresas exportadoras de carne bovina, se puede aumentar la oferta de comercializaci\u00f3n mensual a unas 15.000 toneladas.<\/p>\n\n\n\n<p>El programa Cortes Cuidados ofrec\u00eda un volumen de 6.000 toneladas en declaraci\u00f3n, pero, en la pr\u00e1ctica, no pasaba de las 4.000.<\/p>\n\n\n\n<p>\u00abAhora est\u00e1 todo firmado y trazable. Es importante que no sea una declaraci\u00f3n de intenciones. Est\u00e1 el acuerdo firmado y, si no se cumple, se aplica la ley de Defensa del Consumidor con las multas que le correspondan\u00bb, indicaron fuentes de Comercio.<\/p>\n\n\n\n<p>La comercializaci\u00f3n se realizar\u00e1 todos los d\u00edas en supermercados e hipermercados y carnicer\u00edas de frigor\u00edficos y se trabajar\u00e1 con los supermercados nucleados en ASU, CAS y FASA los d\u00edas de ventas de estos cortes.<\/p>\n\n\n\n<p>Reconociendo que estos acuerdos atacan la venta masiva en supermercados, hipermercados y carnicer\u00edas de frigor\u00edficos, y quedan fuera las carnicer\u00edas de barrio y peque\u00f1os comercios de cercan\u00eda, mediante acuerdos con bancos, tarjetas de cr\u00e9dito y AFIP se acordaron reintegros de compras con tarjeta de d\u00e9bito bancaria y no bancarias.<\/p>\n\n\n\n<p>De esta manera, el mayor precio que se le paga a estas carnicer\u00edas se compensa con los reintegros.<\/p>\n\n\n\n<p>El beneficio ser\u00e1 para compras en comercios que se encuentren inscriptos en la AFIP a la fecha de entrada en vigencia del programa.<\/p>\n\n\n\n<p>Incluye carnicer\u00edas, minimercados y comercios que se est\u00e9n inscriptos en el IVA como MiPyme.<\/p>\n\n\n\n<p>En estos comercios, el consumidor tendr\u00e1 reintegros del 10% del total de la compra, que se acreditar\u00e1 en 48 horas.<\/p>\n\n\n\n<p>El tope del reintegro ser\u00e1 $2.000 por mes calendario, lo que equivale a compras mensuales de $20.000 en las peque\u00f1as carnicer\u00edas.<\/p>\n\n\n\n<p>Adem\u00e1s, en acuerdo con el Banco Naci\u00f3n, los s\u00e1bados hay promoci\u00f3n para Comercios de Barrio del 35% para compras con tarjeta de cr\u00e9dito y tarjeta de d\u00e9bito f\u00edsicas del Banco Naci\u00f3n y aplicable para pagos a trav\u00e9s de MODO BNA+ escaneando QR con tope de reintegro de $3.000 por transacci\u00f3n. .<\/p>\n\n\n\n<p>A esto se le incorporar\u00eda en los pr\u00f3ximos d\u00edas la promoci\u00f3n del 35% con Banco Naci\u00f3n los viernes para carnicer\u00edas, con el mismo tope de reintegro de $3.000 por transacci\u00f3n.<\/p>\n\n\n\n<p>Respecto de los comerciantes, se establecer\u00e1n una serie de beneficios con AFIP de diferimiento de pago de obligaciones impositivas de control de AFIP con vencimiento hasta el 31\/12\/2023.<\/p>\n\n\n\n<p>Los mismos constan de diferimiento de 90 d\u00edas del pago del impuesto integrado -componente impositivo para carnicer\u00edas sujetas al R\u00e9gimen Simplificado para peque\u00f1os contribuyentes y diferimiento de 90 d\u00edas del pago del saldo de la declaraci\u00f3n jurada del IVA para las carnicer\u00edas que revistan la situaci\u00f3n de Responsable Inscripto.<\/p>\n\n\n\n<p>Se suspender\u00e1 hasta el 31\/12\/2023 de la exclusi\u00f3n de pleno derecho del R\u00e9gimen Simplificado para Peque\u00f1os Contribuyentes y\/o Baja Autom\u00e1tica.<\/p>\n\n\n\n<p>En tanto que para las carnicer\u00edas de la provincia de Buenos Aires gozar\u00e1n de la Eximici\u00f3n por por un a\u00f1o del Impuesto sobre los Ingresos Brutos (2,5%) a las carnicer\u00edas minoristas inscriptas en el Registro (caracterizadas como tales en Sistema Registral de AFIP). Asimismo, quedar\u00e1n excluidas de los reg\u00edmenes de retenci\u00f3n fijados por esa Administraci\u00f3n provincial por igual plazo.<\/p>\n\n\n\n<p>Por otra parte, el Banco Naci\u00f3n brindar\u00e1 una l\u00ednea de pr\u00e9stamos por hasta 3 meses de venta con tope de 5 millones de pesos para capital de trabajo. Los cr\u00e9ditos son para Personas F\u00edsicas y Mipymes con al menos 12 meses en AFIP. .<\/p>\n\n\n\n<p>En tanto que para monotributistas ser\u00e1 aplicable a partir de la categor\u00eda C en adelante y si el comercio adhiere su flujo de ventas por BNA la tasa se bonifica.<\/p>\n<div class=\"sharedaddy sd-sharing-enabled\"><div class=\"robots-nocontent sd-block sd-social sd-social-icon sd-sharing\"><h3 class=\"sd-title\">Comparte esto:<\/h3><div class=\"sd-content\"><ul><li class=\"share-twitter\"><a rel=\"nofollow noopener noreferrer\" data-shared=\"sharing-twitter-35577\" class=\"share-twitter sd-button share-icon no-text\" href=\"http:\/\/www.rtvnoticias.com.ar\/?p=35577&amp;share=twitter\" target=\"_blank\" title=\"Haz clic para compartir en Twitter\"><span><\/span><span class=\"sharing-screen-reader-text\">Haz clic para compartir en Twitter (Se abre en una ventana nueva)<\/span><\/a><\/li><li class=\"share-facebook\"><a rel=\"nofollow noopener noreferrer\" data-shared=\"sharing-facebook-35577\" class=\"share-facebook sd-button share-icon no-text\" href=\"http:\/\/www.rtvnoticias.com.ar\/?p=35577&amp;share=facebook\" target=\"_blank\" title=\"Haz clic para compartir en Facebook\"><span><\/span><span class=\"sharing-screen-reader-text\">Haz clic para compartir en Facebook (Se abre en una ventana nueva)<\/span><\/a><\/li><li class=\"share-jetpack-whatsapp\"><a rel=\"nofollow noopener noreferrer\" data-shared=\"\" class=\"share-jetpack-whatsapp sd-button share-icon no-text\" href=\"http:\/\/www.rtvnoticias.com.ar\/?p=35577&amp;share=jetpack-whatsapp\" target=\"_blank\" title=\"Haz clic para compartir en WhatsApp\"><span><\/span><span class=\"sharing-screen-reader-text\">Haz clic para compartir en WhatsApp (Se abre en una ventana nueva)<\/span><\/a><\/li><li class=\"share-telegram\"><a rel=\"nofollow noopener noreferrer\" data-shared=\"\" class=\"share-telegram sd-button share-icon no-text\" href=\"http:\/\/www.rtvnoticias.com.ar\/?p=35577&amp;share=telegram\" target=\"_blank\" title=\"Haz clic para compartir en Telegram\"><span><\/span><span class=\"sharing-screen-reader-text\">Haz clic para compartir en Telegram (Se abre en una ventana nueva)<\/span><\/a><\/li><li class=\"share-end\"><\/li><\/ul><\/div><\/div><\/div>","protected":false},"excerpt":{"rendered":"<p>Tras los aumentos en el precio de la carne y su impacto en la inflaci\u00f3n, el ministro de Econom\u00eda, Sergio Massa, junto al secretario de<\/p>\n<div class=\"sharedaddy sd-sharing-enabled\"><div class=\"robots-nocontent sd-block sd-social sd-social-icon sd-sharing\"><h3 class=\"sd-title\">Comparte esto:<\/h3><div class=\"sd-content\"><ul><li class=\"share-twitter\"><a rel=\"nofollow noopener noreferrer\" data-shared=\"sharing-twitter-35577\" class=\"share-twitter sd-button share-icon no-text\" href=\"http:\/\/www.rtvnoticias.com.ar\/?p=35577&amp;share=twitter\" target=\"_blank\" title=\"Haz clic para compartir en Twitter\"><span><\/span><span class=\"sharing-screen-reader-text\">Haz clic para compartir en Twitter (Se abre en una ventana nueva)<\/span><\/a><\/li><li class=\"share-facebook\"><a rel=\"nofollow noopener noreferrer\" data-shared=\"sharing-facebook-35577\" class=\"share-facebook sd-button share-icon no-text\" href=\"http:\/\/www.rtvnoticias.com.ar\/?p=35577&amp;share=facebook\" target=\"_blank\" title=\"Haz clic para compartir en Facebook\"><span><\/span><span class=\"sharing-screen-reader-text\">Haz clic para compartir en Facebook (Se abre en una ventana nueva)<\/span><\/a><\/li><li class=\"share-jetpack-whatsapp\"><a rel=\"nofollow noopener noreferrer\" data-shared=\"\" class=\"share-jetpack-whatsapp sd-button share-icon no-text\" href=\"http:\/\/www.rtvnoticias.com.ar\/?p=35577&amp;share=jetpack-whatsapp\" target=\"_blank\" title=\"Haz clic para compartir en WhatsApp\"><span><\/span><span class=\"sharing-screen-reader-text\">Haz clic para compartir en WhatsApp (Se abre en una ventana nueva)<\/span><\/a><\/li><li class=\"share-telegram\"><a rel=\"nofollow noopener noreferrer\" data-shared=\"\" class=\"share-telegram sd-button share-icon no-text\" href=\"http:\/\/www.rtvnoticias.com.ar\/?p=35577&amp;share=telegram\" target=\"_blank\" title=\"Haz clic para compartir en Telegram\"><span><\/span><span class=\"sharing-screen-reader-text\">Haz clic para compartir en Telegram (Se abre en una ventana nueva)<\/span><\/a><\/li><li class=\"share-end\"><\/li><\/ul><\/div><\/div><\/div>","protected":false},"author":7,"featured_media":28784,"comment_status":"closed","ping_status":"closed","sticky":false,"template":"","format":"standard","meta":{"spay_email":"","jetpack_publicize_message":"","jetpack_is_tweetstorm":false,"jetpack_publicize_feature_enabled":true},"categories":[5],"tags":[],"jetpack_featured_media_url":"http:\/\/www.rtvnoticias.com.ar\/wp-content\/uploads\/2021\/08\/carne-2.jpg","jetpack_publicize_connections":[],"jetpack_sharing_enabled":true,"_links":{"self":[{"href":"http:\/\/www.rtvnoticias.com.ar\/index.php?rest_route=\/wp\/v2\/posts\/35577"}],"collection":[{"href":"http:\/\/www.rtvnoticias.com.ar\/index.php?rest_route=\/wp\/v2\/posts"}],"about":[{"href":"http:\/\/www.rtvnoticias.com.ar\/index.php?rest_route=\/wp\/v2\/types\/post"}],"author":[{"embeddable":true,"href":"http:\/\/www.rtvnoticias.com.ar\/index.php?rest_route=\/wp\/v2\/users\/7"}],"replies":[{"embeddable":true,"href":"http:\/\/www.rtvnoticias.com.ar\/index.php?rest_route=%2Fwp%2Fv2%2Fcomments&post=35577"}],"version-history":[{"count":1,"href":"http:\/\/www.rtvnoticias.com.ar\/index.php?rest_route=\/wp\/v2\/posts\/35577\/revisions"}],"predecessor-version":[{"id":35578,"href":"http:\/\/www.rtvnoticias.com.ar\/index.php?rest_route=\/wp\/v2\/posts\/35577\/revisions\/35578"}],"wp:featuredmedia":[{"embeddable":true,"href":"http:\/\/www.rtvnoticias.com.ar\/index.php?rest_route=\/wp\/v2\/media\/28784"}],"wp:attachment":[{"href":"http:\/\/www.rtvnoticias.com.ar\/index.php?rest_route=%2Fwp%2Fv2%2Fmedia&parent=35577"}],"wp:term":[{"taxonomy":"category","embeddable":true,"href":"http:\/\/www.rtvnoticias.com.ar\/index.php?rest_route=%2Fwp%2Fv2%2Fcategories&post=35577"},{"taxonomy":"post_tag","embeddable":true,"href":"http:\/\/www.rtvnoticias.com.ar\/index.php?rest_route=%2Fwp%2Fv2%2Ftags&post=35577"}],"curies":[{"name":"wp","href":"https:\/\/api.w.org\/{rel}","templated":true}]}}