{"id":35583,"date":"2023-02-14T10:52:06","date_gmt":"2023-02-14T13:52:06","guid":{"rendered":"http:\/\/www.rtvnoticias.com.ar\/?p=35583"},"modified":"2023-02-14T10:52:09","modified_gmt":"2023-02-14T13:52:09","slug":"implementan-las-escuelas-de-verano-en-el-nivel-secundario","status":"publish","type":"post","link":"http:\/\/www.rtvnoticias.com.ar\/?p=35583","title":{"rendered":"Implementan las Escuelas de Verano en el nivel Secundario"},"content":{"rendered":"\n<p>Se trata de una propuesta desarrollada por el Ministerio de Educaci\u00f3n provincial que mantiene como objetivos ampliar el tiempo escolar y ofrecer propuestas recreativas y espacios de acompa\u00f1amiento para estudiantes que deben intensificar saberes.<\/p>\n\n\n\n<p>La directora del Colegio Secundario \u00abCiudad de Santa Rosa\u00bb, Silvina Trouve, expres\u00f3 a la Agencia Provincial de Noticias que \u201cen 2022 los talleres se realizaron por materias pero este a\u00f1o decidieron apostar por una iniciativa integral con proyectos de aprendizajes que nuclean las \u00e1reas de Ciencias Sociales para Ciclo B\u00e1sico, tutor\u00edas de Qu\u00edmica para Ciclo Orientado e Ingl\u00e9s para ambos. Es importante el v\u00ednculo, venir y estar con los profes, brindar atenci\u00f3n uno a uno, es muy beneficioso el hecho de que ellos comiencen antes\u201d.<\/p>\n\n\n\n<p>Este a\u00f1o, forman parte de la iniciativa 29 colegios pampeanos, m\u00e1s de 2200 estudiantes de 1\u00b0 a 6\u00b0 a\u00f1o y m\u00e1s de 150 docentes. Las escuelas desarrollan talleres l\u00fadicos, recreativos y\/o deportivos, actividades de bienvenida para ingresantes a primer a\u00f1o, espacios de tutor\u00edas para los y las estudiantes o egresados\/as que tienen materias pendientes de aprobaci\u00f3n, proyectos de aprendizajes integrados, entre otras acciones.<\/p>\n\n\n\n<p>Por otro lado, el director del Colegio Secundario \u201cZona Norte\u201d de la capital pampeana, Pablo Garro, coment\u00f3 que \u201cla propuesta educativa se incorpor\u00f3 en la instituci\u00f3n para trabajar de manera conjunta entre docentes y estudiantes sobre aquellos contenidos que necesitan revisi\u00f3n antes del inicio del Ciclo Lectivo\u201d.<\/p>\n\n\n\n<p>Jhonatan, profesor de Matem\u00e1tica del establecimiento, sostuvo que \u201clas actividades se adaptan a las necesidades de cada estudiante\u201d y Bel\u00e9n, docente de Historia, manifest\u00f3 que \u201cla escuela siempre genera beneficios, cuantas m\u00e1s propuestas se realicen en las instituciones, m\u00e1s beneficios habr\u00e1 para ellos y ellas\u201d.<\/p>\n\n\n\n<p>\u201cEscuelas de Verano\u201d es una pol\u00edtica educativa que funciona en la Provincia desde hace a\u00f1os como estrategia de acompa\u00f1amiento de las trayectorias educativas e incluye actividades tendientes a la revinculaci\u00f3n de estudiantes.<\/p>\n<div class=\"sharedaddy sd-sharing-enabled\"><div class=\"robots-nocontent sd-block sd-social sd-social-icon sd-sharing\"><h3 class=\"sd-title\">Comparte esto:<\/h3><div class=\"sd-content\"><ul><li class=\"share-twitter\"><a rel=\"nofollow noopener noreferrer\" data-shared=\"sharing-twitter-35583\" class=\"share-twitter sd-button share-icon no-text\" href=\"http:\/\/www.rtvnoticias.com.ar\/?p=35583&amp;share=twitter\" target=\"_blank\" title=\"Haz clic para compartir en Twitter\"><span><\/span><span class=\"sharing-screen-reader-text\">Haz clic para compartir en Twitter (Se abre en una ventana nueva)<\/span><\/a><\/li><li class=\"share-facebook\"><a rel=\"nofollow noopener noreferrer\" data-shared=\"sharing-facebook-35583\" class=\"share-facebook sd-button share-icon no-text\" href=\"http:\/\/www.rtvnoticias.com.ar\/?p=35583&amp;share=facebook\" target=\"_blank\" title=\"Haz clic para compartir en Facebook\"><span><\/span><span class=\"sharing-screen-reader-text\">Haz clic para compartir en Facebook (Se abre en una ventana nueva)<\/span><\/a><\/li><li class=\"share-jetpack-whatsapp\"><a rel=\"nofollow noopener noreferrer\" data-shared=\"\" class=\"share-jetpack-whatsapp sd-button share-icon no-text\" href=\"http:\/\/www.rtvnoticias.com.ar\/?p=35583&amp;share=jetpack-whatsapp\" target=\"_blank\" title=\"Haz clic para compartir en WhatsApp\"><span><\/span><span class=\"sharing-screen-reader-text\">Haz clic para compartir en WhatsApp (Se abre en una ventana nueva)<\/span><\/a><\/li><li class=\"share-telegram\"><a rel=\"nofollow noopener noreferrer\" data-shared=\"\" class=\"share-telegram sd-button share-icon no-text\" href=\"http:\/\/www.rtvnoticias.com.ar\/?p=35583&amp;share=telegram\" target=\"_blank\" title=\"Haz clic para compartir en Telegram\"><span><\/span><span class=\"sharing-screen-reader-text\">Haz clic para compartir en Telegram (Se abre en una ventana nueva)<\/span><\/a><\/li><li class=\"share-end\"><\/li><\/ul><\/div><\/div><\/div>","protected":false},"excerpt":{"rendered":"<p>Se trata de una propuesta desarrollada por el Ministerio de Educaci\u00f3n provincial que mantiene como objetivos ampliar el tiempo escolar y ofrecer propuestas recreativas y<\/p>\n<div class=\"sharedaddy sd-sharing-enabled\"><div class=\"robots-nocontent sd-block sd-social sd-social-icon sd-sharing\"><h3 class=\"sd-title\">Comparte esto:<\/h3><div class=\"sd-content\"><ul><li class=\"share-twitter\"><a rel=\"nofollow noopener noreferrer\" data-shared=\"sharing-twitter-35583\" class=\"share-twitter sd-button share-icon no-text\" href=\"http:\/\/www.rtvnoticias.com.ar\/?p=35583&amp;share=twitter\" target=\"_blank\" title=\"Haz clic para compartir en Twitter\"><span><\/span><span class=\"sharing-screen-reader-text\">Haz clic para compartir en Twitter (Se abre en una ventana nueva)<\/span><\/a><\/li><li class=\"share-facebook\"><a rel=\"nofollow noopener noreferrer\" data-shared=\"sharing-facebook-35583\" class=\"share-facebook sd-button share-icon no-text\" href=\"http:\/\/www.rtvnoticias.com.ar\/?p=35583&amp;share=facebook\" target=\"_blank\" title=\"Haz clic para compartir en Facebook\"><span><\/span><span class=\"sharing-screen-reader-text\">Haz clic para compartir en Facebook (Se abre en una ventana nueva)<\/span><\/a><\/li><li class=\"share-jetpack-whatsapp\"><a rel=\"nofollow noopener noreferrer\" data-shared=\"\" class=\"share-jetpack-whatsapp sd-button share-icon no-text\" href=\"http:\/\/www.rtvnoticias.com.ar\/?p=35583&amp;share=jetpack-whatsapp\" target=\"_blank\" title=\"Haz clic para compartir en WhatsApp\"><span><\/span><span class=\"sharing-screen-reader-text\">Haz clic para compartir en WhatsApp (Se abre en una ventana nueva)<\/span><\/a><\/li><li class=\"share-telegram\"><a rel=\"nofollow noopener noreferrer\" data-shared=\"\" class=\"share-telegram sd-button share-icon no-text\" href=\"http:\/\/www.rtvnoticias.com.ar\/?p=35583&amp;share=telegram\" target=\"_blank\" title=\"Haz clic para compartir en Telegram\"><span><\/span><span class=\"sharing-screen-reader-text\">Haz clic para compartir en Telegram (Se abre en una ventana nueva)<\/span><\/a><\/li><li class=\"share-end\"><\/li><\/ul><\/div><\/div><\/div>","protected":false},"author":7,"featured_media":35584,"comment_status":"closed","ping_status":"closed","sticky":false,"template":"","format":"standard","meta":{"spay_email":"","jetpack_publicize_message":"","jetpack_is_tweetstorm":false,"jetpack_publicize_feature_enabled":true},"categories":[4],"tags":[],"jetpack_featured_media_url":"http:\/\/www.rtvnoticias.com.ar\/wp-content\/uploads\/2023\/02\/escuelas-de-verano.jpg","jetpack_publicize_connections":[],"jetpack_sharing_enabled":true,"_links":{"self":[{"href":"http:\/\/www.rtvnoticias.com.ar\/index.php?rest_route=\/wp\/v2\/posts\/35583"}],"collection":[{"href":"http:\/\/www.rtvnoticias.com.ar\/index.php?rest_route=\/wp\/v2\/posts"}],"about":[{"href":"http:\/\/www.rtvnoticias.com.ar\/index.php?rest_route=\/wp\/v2\/types\/post"}],"author":[{"embeddable":true,"href":"http:\/\/www.rtvnoticias.com.ar\/index.php?rest_route=\/wp\/v2\/users\/7"}],"replies":[{"embeddable":true,"href":"http:\/\/www.rtvnoticias.com.ar\/index.php?rest_route=%2Fwp%2Fv2%2Fcomments&post=35583"}],"version-history":[{"count":1,"href":"http:\/\/www.rtvnoticias.com.ar\/index.php?rest_route=\/wp\/v2\/posts\/35583\/revisions"}],"predecessor-version":[{"id":35585,"href":"http:\/\/www.rtvnoticias.com.ar\/index.php?rest_route=\/wp\/v2\/posts\/35583\/revisions\/35585"}],"wp:featuredmedia":[{"embeddable":true,"href":"http:\/\/www.rtvnoticias.com.ar\/index.php?rest_route=\/wp\/v2\/media\/35584"}],"wp:attachment":[{"href":"http:\/\/www.rtvnoticias.com.ar\/index.php?rest_route=%2Fwp%2Fv2%2Fmedia&parent=35583"}],"wp:term":[{"taxonomy":"category","embeddable":true,"href":"http:\/\/www.rtvnoticias.com.ar\/index.php?rest_route=%2Fwp%2Fv2%2Fcategories&post=35583"},{"taxonomy":"post_tag","embeddable":true,"href":"http:\/\/www.rtvnoticias.com.ar\/index.php?rest_route=%2Fwp%2Fv2%2Ftags&post=35583"}],"curies":[{"name":"wp","href":"https:\/\/api.w.org\/{rel}","templated":true}]}}