{"id":35611,"date":"2023-02-15T12:04:46","date_gmt":"2023-02-15T15:04:46","guid":{"rendered":"http:\/\/www.rtvnoticias.com.ar\/?p=35611"},"modified":"2023-02-15T12:04:50","modified_gmt":"2023-02-15T15:04:50","slug":"victoria-tolosa-paz-cuestiono-el-acampe-por-el-recorte-de-los-planes-el-piquete-y-la-extorsion-no-es-la-contraprestacion-del-potenciar-trabajo","status":"publish","type":"post","link":"http:\/\/www.rtvnoticias.com.ar\/?p=35611","title":{"rendered":"Victoria Tolosa Paz cuestion\u00f3 el acampe por el recorte de los planes: \u201cEl piquete y la extorsi\u00f3n no es la contraprestaci\u00f3n del Potenciar Trabajo\u201d"},"content":{"rendered":"\n<p>La ministra de Desarrollo Social, Victoria Tolosa Paz, critic\u00f3 hoy a los dirigentes de la Unidad Piquetera (UP), que realizan un acampe frente a su cartera, al considerar que \u00abhacen pol\u00edtica\u00bb con la pobreza y remarc\u00f3 que \u00abel piquete y la extorsi\u00f3n no es la contraprestaci\u00f3n del Potenciar Trabajo\u00bb.<\/p>\n\n\n\n<p>\u00abLlevar a pibes y pibas, nenes de cuatro a\u00f1os y beb\u00e9s con su mam\u00e1 al acampe en la 9 de julio tampoco lo es. Me da mucha tristeza ver esta Argentina donde un sector de UP, para hacer pol\u00edtica y posicionarse en a\u00f1o electoral, utiliza a la gente m\u00e1s pobre\u00bb, afirm\u00f3 Tolosa Paz en declaraciones formuladas esta ma\u00f1ana a la radio FM Delta.<\/p>\n\n\n\n<p>De esta forma, la ministra critic\u00f3 al movimiento que encabeza Eduardo Belliboni, que anunci\u00f3 una nueva \u00abmovilizaci\u00f3n y acampe\u00bb frente a la sede del Ministerio de Desarrollo Social para esta tarde, en reclamo de \u00absuspensiones y bajas\u00bb en el programa Potenciar Trabajo, entre otras demandas.<\/p>\n\n\n\n<p>\u00abEl ministerio no es el ministerio de los piqueteros, es el de Desarrollo Social que tiene como objetivo pol\u00edticas p\u00fablicas que garanticen que los sectores m\u00e1s vulnerables de la Argentina puedan encontrar la transferencia de ingresos para subsistir y tener un plato de comida en sus hogares\u00bb, remarc\u00f3 Tolosa Paz.<\/p>\n\n\n\n<p>La ministra sostuvo que se le paga \u00ab32 mil pesos a un conjunto de trabajadores que dicen que est\u00e1n trabajando en actividades productivas o socio comunitarias\u00bb y explic\u00f3 que \u00abahora no encuentran\u00bb a cerca de 100 mil titulares \u00abque hasta hace apenas 30 d\u00edas estaban haciendo tareas y que, por lo tanto, le correspond\u00eda el Potenciar Trabajo\u00bb.<\/p>\n\n\n\n<p>\u00abHay que evitar seguir convalidando un padr\u00f3n que ten\u00eda 100 mil titulares que hoy ya no los encuentran. En el caso de UP estamos hablando de 6 mil personas. Que Belliboni las traiga y haga una fila en el ministerio y nosotros le validamos la identidad\u00bb, subray\u00f3.<\/p>\n\n\n\n<p>En ese sentido, record\u00f3 que el proceso de validaci\u00f3n de identidad que inici\u00f3 el 22 de noviembre pasado \u00abes muy sencillo\u00bb.<\/p>\n\n\n\n<p>\u00abAunque puede tener su dificultad en los sectores m\u00e1s vulnerables porque se necesita un tel\u00e9fono, no fue un problema del 92% de los titulares porque 1.265.000 titulares hicieron la validaci\u00f3n, desde Jujuy hasta Tierra del Fuego\u00bb, apunt\u00f3.<\/p>\n\n\n\n<p>En ese marco, critic\u00f3 a los movimientos sociales que dedican sus \u00abesfuerzos\u00bb para una \u00abmovilizaci\u00f3n, el pago de colectivos, el acampe, los ba\u00f1os qu\u00edmicos\u00bb.<\/p>\n\n\n\n<p>\u00abBelliboni y la UP estuvieron muy acostumbrados desde 2015 a 2019 a poder doblarle la mu\u00f1eca a quien estaba sentado al frente del ministerio. Es dinero que viene del pago de impuestos de todos los argentinos que nos piden que seamos responsables\u00bb, afirm\u00f3.<\/p>\n\n\n\n<p>Asimismo, la ministra asegur\u00f3 tener \u00abmuy claro\u00bb qu\u00e9 hacer con \u00abla pol\u00edtica m\u00e1s importante del ministerio en t\u00e9rminos presupuestarios\u00bb, que es el programa Potenciar Trabajo.<\/p>\n\n\n\n<p>\u00abHay una causa judicial en pleno proceso de investigaci\u00f3n. Hoy cerramos el padr\u00f3n de liquidaci\u00f3n donde va a haber 100 mil titulares que se van a dar de baja. Toda esa informaci\u00f3n va a ir a la causa y va a investigar la justicia\u00bb, complet\u00f3.<\/p>\n<div class=\"sharedaddy sd-sharing-enabled\"><div class=\"robots-nocontent sd-block sd-social sd-social-icon sd-sharing\"><h3 class=\"sd-title\">Comparte esto:<\/h3><div class=\"sd-content\"><ul><li class=\"share-twitter\"><a rel=\"nofollow noopener noreferrer\" data-shared=\"sharing-twitter-35611\" class=\"share-twitter sd-button share-icon no-text\" href=\"http:\/\/www.rtvnoticias.com.ar\/?p=35611&amp;share=twitter\" target=\"_blank\" title=\"Haz clic para compartir en Twitter\"><span><\/span><span class=\"sharing-screen-reader-text\">Haz clic para compartir en Twitter (Se abre en una ventana nueva)<\/span><\/a><\/li><li class=\"share-facebook\"><a rel=\"nofollow noopener noreferrer\" data-shared=\"sharing-facebook-35611\" class=\"share-facebook sd-button share-icon no-text\" href=\"http:\/\/www.rtvnoticias.com.ar\/?p=35611&amp;share=facebook\" target=\"_blank\" title=\"Haz clic para compartir en Facebook\"><span><\/span><span class=\"sharing-screen-reader-text\">Haz clic para compartir en Facebook (Se abre en una ventana nueva)<\/span><\/a><\/li><li class=\"share-jetpack-whatsapp\"><a rel=\"nofollow noopener noreferrer\" data-shared=\"\" class=\"share-jetpack-whatsapp sd-button share-icon no-text\" href=\"http:\/\/www.rtvnoticias.com.ar\/?p=35611&amp;share=jetpack-whatsapp\" target=\"_blank\" title=\"Haz clic para compartir en WhatsApp\"><span><\/span><span class=\"sharing-screen-reader-text\">Haz clic para compartir en WhatsApp (Se abre en una ventana nueva)<\/span><\/a><\/li><li class=\"share-telegram\"><a rel=\"nofollow noopener noreferrer\" data-shared=\"\" class=\"share-telegram sd-button share-icon no-text\" href=\"http:\/\/www.rtvnoticias.com.ar\/?p=35611&amp;share=telegram\" target=\"_blank\" title=\"Haz clic para compartir en Telegram\"><span><\/span><span class=\"sharing-screen-reader-text\">Haz clic para compartir en Telegram (Se abre en una ventana nueva)<\/span><\/a><\/li><li class=\"share-end\"><\/li><\/ul><\/div><\/div><\/div>","protected":false},"excerpt":{"rendered":"<p>La ministra de Desarrollo Social, Victoria Tolosa Paz, critic\u00f3 hoy a los dirigentes de la Unidad Piquetera (UP), que realizan un acampe frente a su<\/p>\n<div class=\"sharedaddy sd-sharing-enabled\"><div class=\"robots-nocontent sd-block sd-social sd-social-icon sd-sharing\"><h3 class=\"sd-title\">Comparte esto:<\/h3><div class=\"sd-content\"><ul><li class=\"share-twitter\"><a rel=\"nofollow noopener noreferrer\" data-shared=\"sharing-twitter-35611\" class=\"share-twitter sd-button share-icon no-text\" href=\"http:\/\/www.rtvnoticias.com.ar\/?p=35611&amp;share=twitter\" target=\"_blank\" title=\"Haz clic para compartir en Twitter\"><span><\/span><span class=\"sharing-screen-reader-text\">Haz clic para compartir en Twitter (Se abre en una ventana nueva)<\/span><\/a><\/li><li class=\"share-facebook\"><a rel=\"nofollow noopener noreferrer\" data-shared=\"sharing-facebook-35611\" class=\"share-facebook sd-button share-icon no-text\" href=\"http:\/\/www.rtvnoticias.com.ar\/?p=35611&amp;share=facebook\" target=\"_blank\" title=\"Haz clic para compartir en Facebook\"><span><\/span><span class=\"sharing-screen-reader-text\">Haz clic para compartir en Facebook (Se abre en una ventana nueva)<\/span><\/a><\/li><li class=\"share-jetpack-whatsapp\"><a rel=\"nofollow noopener noreferrer\" data-shared=\"\" class=\"share-jetpack-whatsapp sd-button share-icon no-text\" href=\"http:\/\/www.rtvnoticias.com.ar\/?p=35611&amp;share=jetpack-whatsapp\" target=\"_blank\" title=\"Haz clic para compartir en WhatsApp\"><span><\/span><span class=\"sharing-screen-reader-text\">Haz clic para compartir en WhatsApp (Se abre en una ventana nueva)<\/span><\/a><\/li><li class=\"share-telegram\"><a rel=\"nofollow noopener noreferrer\" data-shared=\"\" class=\"share-telegram sd-button share-icon no-text\" href=\"http:\/\/www.rtvnoticias.com.ar\/?p=35611&amp;share=telegram\" target=\"_blank\" title=\"Haz clic para compartir en Telegram\"><span><\/span><span class=\"sharing-screen-reader-text\">Haz clic para compartir en Telegram (Se abre en una ventana nueva)<\/span><\/a><\/li><li class=\"share-end\"><\/li><\/ul><\/div><\/div><\/div>","protected":false},"author":7,"featured_media":35272,"comment_status":"closed","ping_status":"closed","sticky":false,"template":"","format":"standard","meta":{"spay_email":"","jetpack_publicize_message":"","jetpack_is_tweetstorm":false,"jetpack_publicize_feature_enabled":true},"categories":[5],"tags":[],"jetpack_featured_media_url":"http:\/\/www.rtvnoticias.com.ar\/wp-content\/uploads\/2023\/01\/tolosa-paz.jpg","jetpack_publicize_connections":[],"jetpack_sharing_enabled":true,"_links":{"self":[{"href":"http:\/\/www.rtvnoticias.com.ar\/index.php?rest_route=\/wp\/v2\/posts\/35611"}],"collection":[{"href":"http:\/\/www.rtvnoticias.com.ar\/index.php?rest_route=\/wp\/v2\/posts"}],"about":[{"href":"http:\/\/www.rtvnoticias.com.ar\/index.php?rest_route=\/wp\/v2\/types\/post"}],"author":[{"embeddable":true,"href":"http:\/\/www.rtvnoticias.com.ar\/index.php?rest_route=\/wp\/v2\/users\/7"}],"replies":[{"embeddable":true,"href":"http:\/\/www.rtvnoticias.com.ar\/index.php?rest_route=%2Fwp%2Fv2%2Fcomments&post=35611"}],"version-history":[{"count":1,"href":"http:\/\/www.rtvnoticias.com.ar\/index.php?rest_route=\/wp\/v2\/posts\/35611\/revisions"}],"predecessor-version":[{"id":35612,"href":"http:\/\/www.rtvnoticias.com.ar\/index.php?rest_route=\/wp\/v2\/posts\/35611\/revisions\/35612"}],"wp:featuredmedia":[{"embeddable":true,"href":"http:\/\/www.rtvnoticias.com.ar\/index.php?rest_route=\/wp\/v2\/media\/35272"}],"wp:attachment":[{"href":"http:\/\/www.rtvnoticias.com.ar\/index.php?rest_route=%2Fwp%2Fv2%2Fmedia&parent=35611"}],"wp:term":[{"taxonomy":"category","embeddable":true,"href":"http:\/\/www.rtvnoticias.com.ar\/index.php?rest_route=%2Fwp%2Fv2%2Fcategories&post=35611"},{"taxonomy":"post_tag","embeddable":true,"href":"http:\/\/www.rtvnoticias.com.ar\/index.php?rest_route=%2Fwp%2Fv2%2Ftags&post=35611"}],"curies":[{"name":"wp","href":"https:\/\/api.w.org\/{rel}","templated":true}]}}