{"id":35614,"date":"2023-02-16T08:52:44","date_gmt":"2023-02-16T11:52:44","guid":{"rendered":"http:\/\/www.rtvnoticias.com.ar\/?p=35614"},"modified":"2023-02-16T08:52:47","modified_gmt":"2023-02-16T11:52:47","slug":"sigue-el-acampe-piquetero-en-la-9-de-julio-por-la-baja-de-planes-sociales","status":"publish","type":"post","link":"http:\/\/www.rtvnoticias.com.ar\/?p=35614","title":{"rendered":"Sigue el acampe piquetero en la 9 de Julio por la baja de planes sociales"},"content":{"rendered":"\n<p>La Unidad Piquetera llev\u00f3 este mi\u00e9rcoles adelante una jornada de protesta frente a la sede del Ministerio de Desarrollo Social de la Naci\u00f3n, que incluy\u00f3 cortes en la Avenida 9 de Julio de Capital Federal, en rechazo a la suspensi\u00f3n de 100.000 beneficiarios del programa Potenciar Trabajo, e instalaron un acampe a la espera de una respuesta satisfactoria.<\/p>\n\n\n\n<p>La jornada de protesta se inici\u00f3 al mediod\u00eda, cuando los movimientos sociales no alineados con el oficialismo iniciaron su marcha hacia el centro porte\u00f1o por la baja de planes sociales dispuesta por el Gobierno nacional.<\/p>\n\n\n\n<p>\u00abVamos a sacar las carpas si no hay ninguna respuesta para las bajas compulsivas que dieron a partir de ese sistema virtual, que dej\u00f3 much\u00edsima gente en fuera del Potenciar Trabajo\u00bb, anunci\u00f3 el l\u00edder del Polo Obrero, Eduardo Belliboni.<\/p>\n\n\n\n<p>La medida de fuerza ocasion\u00f3 demoras en los accesos de la zona sur a la Ciudad de Buenos Aires, adem\u00e1s de la paralizaci\u00f3n del funcionamiento del Metrobus y de los carriles de la 9 de Julio.<\/p>\n\n\n\n<p>En respuesta, efectivos policiales comenzaron a desviar los autom\u00f3viles por la Avenida de Mayo.<\/p>\n\n\n\n<p>Se trata de la segunda jornada de movilizaciones nacionales de las organizaciones lideradas por el Polo Obrero, Barrios de Pie, Libres del Sur y el MST.<\/p>\n\n\n\n<p>El martes pasado, el conjunto de la Unidad Piquetera se moviliz\u00f3 en todas las provincias, cuyo epicentro en la capital fue el Puente Pueyrred\u00f3n.<\/p>\n\n\n\n<p>Las organizaciones sociales, por otro lado, denuncian una serie de trabas e inconvenientes en el proceso de validaci\u00f3n de datos para el reempadronamiento de los planes, el cual es virtual y se realiza a trav\u00e9s de la aplicaci\u00f3n Mi Argentina.<\/p>\n\n\n\n<p>Por este motivo, exigen la apertura de nuevos centros de referencia para la validaci\u00f3n presencial, m\u00e1s all\u00e1 de los 56 ya existentes.<\/p>\n\n\n\n<p>De las 100.000 personas que desde marzo dejar\u00edan de percibir los haberes por el programa Potenciar Trabajo por no haber validado su identidad a trav\u00e9s de la plataforma Mi Argentina o en los Centros de Referencia de todo el pa\u00eds, unos 55.625 beneficiarios ya realizaron el reclamo en la p\u00e1gina web de la cartera por considerar que fueron desafectados del plan social indebidamente.<\/p>\n\n\n\n<p>\u00abCerramos el padr\u00f3n y se van a dar cien mil bajas del Potenciar Trabajo y toda esa informaci\u00f3n va a la Justicia, a la causa judicial que est\u00e1 abierta en el juzgado de Ariel Lijo\u00bb, hab\u00eda anticipado Tolosa Paz, en la previa a la protesta de Unidad Piquetera sobre la Avenida 9 de Julio.<\/p>\n\n\n\n<p>La funcionaria inform\u00f3 que 1.265.000 titulares de planes sociales realizaron el tr\u00e1mite en tiempo y forma, por lo que mantienen el programa sin problemas de ninguna \u00edndole.<\/p>\n\n\n\n<p>No obstante, reconoci\u00f3 fallas en la instrumentaci\u00f3n del Potenciar Trabajo que hab\u00eda sido puesto en marcha por el primer ministro de Desarrollo Social de Alberto Fern\u00e1ndez, Daniel Arroyo.<\/p>\n\n\n\n<p>\u00abLa auditor\u00eda interna que solicit\u00e9 en diciembre muestra debilidades en el procedimiento administrativo\u00bb, admiti\u00f3.<\/p>\n\n\n\n<p>En tanto, volvi\u00f3 a apuntar duramente contra Belliboni y sostuvo: \u00ab\u00c9ste no es el ministerio de los piqueteros. Es el Ministerio de Desarrollo Social, que tiene que justamente crear pol\u00edtica p\u00fablica y pol\u00edtica social para los sectores m\u00e1s vulnerables de la Argentina\u00bb.<\/p>\n\n\n\n<p>\u00abDe verdad es que me da mucha tristeza ver esa Argentina donde un sector de la Unidad Piquetera, para hacer pol\u00edtica y para posicionarse en un a\u00f1o electoral, utiliza a la gente m\u00e1s pobre, incluso en contra de los propios intereses. El piquete y la extorsi\u00f3n no es la contraprestaci\u00f3n del Potenciar Trabajo. Tampoco el llevar a los pibes y pibas al acampe en la 9 de Julio o a nenes de cuatro a\u00f1os y beb\u00e9s con sus mam\u00e1s\u00bb, lament\u00f3.<\/p>\n<div class=\"sharedaddy sd-sharing-enabled\"><div class=\"robots-nocontent sd-block sd-social sd-social-icon sd-sharing\"><h3 class=\"sd-title\">Comparte esto:<\/h3><div class=\"sd-content\"><ul><li class=\"share-twitter\"><a rel=\"nofollow noopener noreferrer\" data-shared=\"sharing-twitter-35614\" class=\"share-twitter sd-button share-icon no-text\" href=\"http:\/\/www.rtvnoticias.com.ar\/?p=35614&amp;share=twitter\" target=\"_blank\" title=\"Haz clic para compartir en Twitter\"><span><\/span><span class=\"sharing-screen-reader-text\">Haz clic para compartir en Twitter (Se abre en una ventana nueva)<\/span><\/a><\/li><li class=\"share-facebook\"><a rel=\"nofollow noopener noreferrer\" data-shared=\"sharing-facebook-35614\" class=\"share-facebook sd-button share-icon no-text\" href=\"http:\/\/www.rtvnoticias.com.ar\/?p=35614&amp;share=facebook\" target=\"_blank\" title=\"Haz clic para compartir en Facebook\"><span><\/span><span class=\"sharing-screen-reader-text\">Haz clic para compartir en Facebook (Se abre en una ventana nueva)<\/span><\/a><\/li><li class=\"share-jetpack-whatsapp\"><a rel=\"nofollow noopener noreferrer\" data-shared=\"\" class=\"share-jetpack-whatsapp sd-button share-icon no-text\" href=\"http:\/\/www.rtvnoticias.com.ar\/?p=35614&amp;share=jetpack-whatsapp\" target=\"_blank\" title=\"Haz clic para compartir en WhatsApp\"><span><\/span><span class=\"sharing-screen-reader-text\">Haz clic para compartir en WhatsApp (Se abre en una ventana nueva)<\/span><\/a><\/li><li class=\"share-telegram\"><a rel=\"nofollow noopener noreferrer\" data-shared=\"\" class=\"share-telegram sd-button share-icon no-text\" href=\"http:\/\/www.rtvnoticias.com.ar\/?p=35614&amp;share=telegram\" target=\"_blank\" title=\"Haz clic para compartir en Telegram\"><span><\/span><span class=\"sharing-screen-reader-text\">Haz clic para compartir en Telegram (Se abre en una ventana nueva)<\/span><\/a><\/li><li class=\"share-end\"><\/li><\/ul><\/div><\/div><\/div>","protected":false},"excerpt":{"rendered":"<p>La Unidad Piquetera llev\u00f3 este mi\u00e9rcoles adelante una jornada de protesta frente a la sede del Ministerio de Desarrollo Social de la Naci\u00f3n, que incluy\u00f3<\/p>\n<div class=\"sharedaddy sd-sharing-enabled\"><div class=\"robots-nocontent sd-block sd-social sd-social-icon sd-sharing\"><h3 class=\"sd-title\">Comparte esto:<\/h3><div class=\"sd-content\"><ul><li class=\"share-twitter\"><a rel=\"nofollow noopener noreferrer\" data-shared=\"sharing-twitter-35614\" class=\"share-twitter sd-button share-icon no-text\" href=\"http:\/\/www.rtvnoticias.com.ar\/?p=35614&amp;share=twitter\" target=\"_blank\" title=\"Haz clic para compartir en Twitter\"><span><\/span><span class=\"sharing-screen-reader-text\">Haz clic para compartir en Twitter (Se abre en una ventana nueva)<\/span><\/a><\/li><li class=\"share-facebook\"><a rel=\"nofollow noopener noreferrer\" data-shared=\"sharing-facebook-35614\" class=\"share-facebook sd-button share-icon no-text\" href=\"http:\/\/www.rtvnoticias.com.ar\/?p=35614&amp;share=facebook\" target=\"_blank\" title=\"Haz clic para compartir en Facebook\"><span><\/span><span class=\"sharing-screen-reader-text\">Haz clic para compartir en Facebook (Se abre en una ventana nueva)<\/span><\/a><\/li><li class=\"share-jetpack-whatsapp\"><a rel=\"nofollow noopener noreferrer\" data-shared=\"\" class=\"share-jetpack-whatsapp sd-button share-icon no-text\" href=\"http:\/\/www.rtvnoticias.com.ar\/?p=35614&amp;share=jetpack-whatsapp\" target=\"_blank\" title=\"Haz clic para compartir en WhatsApp\"><span><\/span><span class=\"sharing-screen-reader-text\">Haz clic para compartir en WhatsApp (Se abre en una ventana nueva)<\/span><\/a><\/li><li class=\"share-telegram\"><a rel=\"nofollow noopener noreferrer\" data-shared=\"\" class=\"share-telegram sd-button share-icon no-text\" href=\"http:\/\/www.rtvnoticias.com.ar\/?p=35614&amp;share=telegram\" target=\"_blank\" title=\"Haz clic para compartir en Telegram\"><span><\/span><span class=\"sharing-screen-reader-text\">Haz clic para compartir en Telegram (Se abre en una ventana nueva)<\/span><\/a><\/li><li class=\"share-end\"><\/li><\/ul><\/div><\/div><\/div>","protected":false},"author":7,"featured_media":35615,"comment_status":"closed","ping_status":"closed","sticky":false,"template":"","format":"standard","meta":{"spay_email":"","jetpack_publicize_message":"","jetpack_is_tweetstorm":false,"jetpack_publicize_feature_enabled":true},"categories":[5],"tags":[],"jetpack_featured_media_url":"http:\/\/www.rtvnoticias.com.ar\/wp-content\/uploads\/2023\/02\/acampe1.jpg","jetpack_publicize_connections":[],"jetpack_sharing_enabled":true,"_links":{"self":[{"href":"http:\/\/www.rtvnoticias.com.ar\/index.php?rest_route=\/wp\/v2\/posts\/35614"}],"collection":[{"href":"http:\/\/www.rtvnoticias.com.ar\/index.php?rest_route=\/wp\/v2\/posts"}],"about":[{"href":"http:\/\/www.rtvnoticias.com.ar\/index.php?rest_route=\/wp\/v2\/types\/post"}],"author":[{"embeddable":true,"href":"http:\/\/www.rtvnoticias.com.ar\/index.php?rest_route=\/wp\/v2\/users\/7"}],"replies":[{"embeddable":true,"href":"http:\/\/www.rtvnoticias.com.ar\/index.php?rest_route=%2Fwp%2Fv2%2Fcomments&post=35614"}],"version-history":[{"count":1,"href":"http:\/\/www.rtvnoticias.com.ar\/index.php?rest_route=\/wp\/v2\/posts\/35614\/revisions"}],"predecessor-version":[{"id":35616,"href":"http:\/\/www.rtvnoticias.com.ar\/index.php?rest_route=\/wp\/v2\/posts\/35614\/revisions\/35616"}],"wp:featuredmedia":[{"embeddable":true,"href":"http:\/\/www.rtvnoticias.com.ar\/index.php?rest_route=\/wp\/v2\/media\/35615"}],"wp:attachment":[{"href":"http:\/\/www.rtvnoticias.com.ar\/index.php?rest_route=%2Fwp%2Fv2%2Fmedia&parent=35614"}],"wp:term":[{"taxonomy":"category","embeddable":true,"href":"http:\/\/www.rtvnoticias.com.ar\/index.php?rest_route=%2Fwp%2Fv2%2Fcategories&post=35614"},{"taxonomy":"post_tag","embeddable":true,"href":"http:\/\/www.rtvnoticias.com.ar\/index.php?rest_route=%2Fwp%2Fv2%2Ftags&post=35614"}],"curies":[{"name":"wp","href":"https:\/\/api.w.org\/{rel}","templated":true}]}}