{"id":35625,"date":"2023-02-16T11:53:41","date_gmt":"2023-02-16T14:53:41","guid":{"rendered":"http:\/\/www.rtvnoticias.com.ar\/?p=35625"},"modified":"2023-02-16T11:53:41","modified_gmt":"2023-02-16T14:53:41","slug":"el-1-de-marzo-cambia-la-velocidad-maxima-en-santa-rosa","status":"publish","type":"post","link":"http:\/\/www.rtvnoticias.com.ar\/?p=35625","title":{"rendered":"El 1 de marzo cambia la velocidad m\u00e1xima en Santa Rosa"},"content":{"rendered":"\n<p class=\"has-text-align-center\"><strong>La iniciativa modifica las condiciones de circulaci\u00f3n en un radio c\u00e9ntrico de 80 manzanas. Las sanciones se aplicar\u00e1n 90 d\u00edas despu\u00e9s de puesta en vigencia la norma.<\/strong><\/p>\n\n\n\n<p>El pr\u00f3ximo 1 de marzo comienza a aplicarse la ordenanza que determina que en la zona c\u00e9ntrica de la capital provincial la m\u00e1xima velocidad permitida para circular en veh\u00edculos es de 30 kil\u00f3metros por hora. De alguna manera ser\u00e1 una prueba piloto, por lo que las sanciones se empezar\u00e1n a aplicar m\u00e1s adelante.<\/p>\n\n\n\n<p>Desde la comuna se insiste en los alcances positivos de esa medida \u00abpara que podamos crear un mejor espacio de convivencia en la v\u00eda p\u00fablica\u00bb, seg\u00fan dijo la directora de Tr\u00e1nsito local, Guillermina Castro. \u00abEs una medida de salud\u00bb, coment\u00f3.<\/p>\n\n\n\n<p>La decisi\u00f3n de esa velocidad m\u00e1xima se aprob\u00f3 en octubre del a\u00f1o pasado en el Concejo Deliberante. El lugar de aplicaci\u00f3n son 80 manzanas que comprenden el per\u00edmetro comprendido por las arterias Alsina\/Alvear desde calle General Pico a Avenida P. Luro, desde Alvear hasta Avenida Espa\u00f1a\/Uruguay y de esta \u00faltima hasta la calle General Pico.<\/p>\n\n\n\n<p>De esa forma se declara al Municipio de Santa Rosa adherido al Plan de Acci\u00f3n Global promovido por la Organizaci\u00f3n de Naciones Unidas y la Organizaci\u00f3n Mundial de la Salud, denominado \u00abCalles para la Vida\u00bb.<\/p>\n\n\n\n<p>La oposici\u00f3n no vot\u00f3 de manera favorable al proyecto. En la iniciativa tambi\u00e9n trabaj\u00f3 la Fundaci\u00f3n Estrellas Amarillas. Se establecieron tres etapas. Aprobada la normativa, viene el per\u00edodo en que se otorga un tiempo de \u00abadaptaci\u00f3n\u00bb, ya que la normativa apunta sobre todo a la \u00abcoexistencia de la diversidad en el tr\u00e1nsito\u00bb. Reci\u00e9n en una tercera etapa, 90 d\u00edas despu\u00e9s del 1 de marzo, habr\u00e1 sanciones.<\/p>\n\n\n\n<p>La directora de Tr\u00e1nsito, en otro orden de cosas, destac\u00f3 los controles que viene haciendo el municipio respecto de velocidades y alcoholemia. Dej\u00f3 en claro que Santa Rosa cumple \u00abperfectamente\u00bb con las normas del uso de radar aprobado por la Agencia Nacional de Seguridad Vial y est\u00e1 calibrado en los tiempos que establece la calibraci\u00f3n por el Instituto Nacional de Tecnolog\u00eda Industrial.<\/p>\n<div class=\"sharedaddy sd-sharing-enabled\"><div class=\"robots-nocontent sd-block sd-social sd-social-icon sd-sharing\"><h3 class=\"sd-title\">Comparte esto:<\/h3><div class=\"sd-content\"><ul><li class=\"share-twitter\"><a rel=\"nofollow noopener noreferrer\" data-shared=\"sharing-twitter-35625\" class=\"share-twitter sd-button share-icon no-text\" href=\"http:\/\/www.rtvnoticias.com.ar\/?p=35625&amp;share=twitter\" target=\"_blank\" title=\"Haz clic para compartir en Twitter\"><span><\/span><span class=\"sharing-screen-reader-text\">Haz clic para compartir en Twitter (Se abre en una ventana nueva)<\/span><\/a><\/li><li class=\"share-facebook\"><a rel=\"nofollow noopener noreferrer\" data-shared=\"sharing-facebook-35625\" class=\"share-facebook sd-button share-icon no-text\" href=\"http:\/\/www.rtvnoticias.com.ar\/?p=35625&amp;share=facebook\" target=\"_blank\" title=\"Haz clic para compartir en Facebook\"><span><\/span><span class=\"sharing-screen-reader-text\">Haz clic para compartir en Facebook (Se abre en una ventana nueva)<\/span><\/a><\/li><li class=\"share-jetpack-whatsapp\"><a rel=\"nofollow noopener noreferrer\" data-shared=\"\" class=\"share-jetpack-whatsapp sd-button share-icon no-text\" href=\"http:\/\/www.rtvnoticias.com.ar\/?p=35625&amp;share=jetpack-whatsapp\" target=\"_blank\" title=\"Haz clic para compartir en WhatsApp\"><span><\/span><span class=\"sharing-screen-reader-text\">Haz clic para compartir en WhatsApp (Se abre en una ventana nueva)<\/span><\/a><\/li><li class=\"share-telegram\"><a rel=\"nofollow noopener noreferrer\" data-shared=\"\" class=\"share-telegram sd-button share-icon no-text\" href=\"http:\/\/www.rtvnoticias.com.ar\/?p=35625&amp;share=telegram\" target=\"_blank\" title=\"Haz clic para compartir en Telegram\"><span><\/span><span class=\"sharing-screen-reader-text\">Haz clic para compartir en Telegram (Se abre en una ventana nueva)<\/span><\/a><\/li><li class=\"share-end\"><\/li><\/ul><\/div><\/div><\/div>","protected":false},"excerpt":{"rendered":"<p>La iniciativa modifica las condiciones de circulaci\u00f3n en un radio c\u00e9ntrico de 80 manzanas. Las sanciones se aplicar\u00e1n 90 d\u00edas despu\u00e9s de puesta en vigencia<\/p>\n<div class=\"sharedaddy sd-sharing-enabled\"><div class=\"robots-nocontent sd-block sd-social sd-social-icon sd-sharing\"><h3 class=\"sd-title\">Comparte esto:<\/h3><div class=\"sd-content\"><ul><li class=\"share-twitter\"><a rel=\"nofollow noopener noreferrer\" data-shared=\"sharing-twitter-35625\" class=\"share-twitter sd-button share-icon no-text\" href=\"http:\/\/www.rtvnoticias.com.ar\/?p=35625&amp;share=twitter\" target=\"_blank\" title=\"Haz clic para compartir en Twitter\"><span><\/span><span class=\"sharing-screen-reader-text\">Haz clic para compartir en Twitter (Se abre en una ventana nueva)<\/span><\/a><\/li><li class=\"share-facebook\"><a rel=\"nofollow noopener noreferrer\" data-shared=\"sharing-facebook-35625\" class=\"share-facebook sd-button share-icon no-text\" href=\"http:\/\/www.rtvnoticias.com.ar\/?p=35625&amp;share=facebook\" target=\"_blank\" title=\"Haz clic para compartir en Facebook\"><span><\/span><span class=\"sharing-screen-reader-text\">Haz clic para compartir en Facebook (Se abre en una ventana nueva)<\/span><\/a><\/li><li class=\"share-jetpack-whatsapp\"><a rel=\"nofollow noopener noreferrer\" data-shared=\"\" class=\"share-jetpack-whatsapp sd-button share-icon no-text\" href=\"http:\/\/www.rtvnoticias.com.ar\/?p=35625&amp;share=jetpack-whatsapp\" target=\"_blank\" title=\"Haz clic para compartir en WhatsApp\"><span><\/span><span class=\"sharing-screen-reader-text\">Haz clic para compartir en WhatsApp (Se abre en una ventana nueva)<\/span><\/a><\/li><li class=\"share-telegram\"><a rel=\"nofollow noopener noreferrer\" data-shared=\"\" class=\"share-telegram sd-button share-icon no-text\" href=\"http:\/\/www.rtvnoticias.com.ar\/?p=35625&amp;share=telegram\" target=\"_blank\" title=\"Haz clic para compartir en Telegram\"><span><\/span><span class=\"sharing-screen-reader-text\">Haz clic para compartir en Telegram (Se abre en una ventana nueva)<\/span><\/a><\/li><li class=\"share-end\"><\/li><\/ul><\/div><\/div><\/div>","protected":false},"author":7,"featured_media":35626,"comment_status":"closed","ping_status":"closed","sticky":false,"template":"","format":"standard","meta":{"spay_email":"","jetpack_publicize_message":"","jetpack_is_tweetstorm":false,"jetpack_publicize_feature_enabled":true},"categories":[4],"tags":[],"jetpack_featured_media_url":"http:\/\/www.rtvnoticias.com.ar\/wp-content\/uploads\/2023\/02\/cartel-30-km.jpg","jetpack_publicize_connections":[],"jetpack_sharing_enabled":true,"_links":{"self":[{"href":"http:\/\/www.rtvnoticias.com.ar\/index.php?rest_route=\/wp\/v2\/posts\/35625"}],"collection":[{"href":"http:\/\/www.rtvnoticias.com.ar\/index.php?rest_route=\/wp\/v2\/posts"}],"about":[{"href":"http:\/\/www.rtvnoticias.com.ar\/index.php?rest_route=\/wp\/v2\/types\/post"}],"author":[{"embeddable":true,"href":"http:\/\/www.rtvnoticias.com.ar\/index.php?rest_route=\/wp\/v2\/users\/7"}],"replies":[{"embeddable":true,"href":"http:\/\/www.rtvnoticias.com.ar\/index.php?rest_route=%2Fwp%2Fv2%2Fcomments&post=35625"}],"version-history":[{"count":1,"href":"http:\/\/www.rtvnoticias.com.ar\/index.php?rest_route=\/wp\/v2\/posts\/35625\/revisions"}],"predecessor-version":[{"id":35627,"href":"http:\/\/www.rtvnoticias.com.ar\/index.php?rest_route=\/wp\/v2\/posts\/35625\/revisions\/35627"}],"wp:featuredmedia":[{"embeddable":true,"href":"http:\/\/www.rtvnoticias.com.ar\/index.php?rest_route=\/wp\/v2\/media\/35626"}],"wp:attachment":[{"href":"http:\/\/www.rtvnoticias.com.ar\/index.php?rest_route=%2Fwp%2Fv2%2Fmedia&parent=35625"}],"wp:term":[{"taxonomy":"category","embeddable":true,"href":"http:\/\/www.rtvnoticias.com.ar\/index.php?rest_route=%2Fwp%2Fv2%2Fcategories&post=35625"},{"taxonomy":"post_tag","embeddable":true,"href":"http:\/\/www.rtvnoticias.com.ar\/index.php?rest_route=%2Fwp%2Fv2%2Ftags&post=35625"}],"curies":[{"name":"wp","href":"https:\/\/api.w.org\/{rel}","templated":true}]}}