{"id":35630,"date":"2023-02-17T10:38:03","date_gmt":"2023-02-17T13:38:03","guid":{"rendered":"http:\/\/www.rtvnoticias.com.ar\/?p=35630"},"modified":"2023-02-17T10:47:44","modified_gmt":"2023-02-17T13:47:44","slug":"esta-fue-una-noche-especial-que-tanto-nos-mereciamos-y-esperabamos-dijo-fernanda-alonso","status":"publish","type":"post","link":"http:\/\/www.rtvnoticias.com.ar\/?p=35630","title":{"rendered":"\u201c\u00c9sta fue una noche especial, que tanto nos merec\u00edamos y esper\u00e1bamos\u201d, dijo Fernanda Alonso"},"content":{"rendered":"\n<p>El Festival Pico Cumple se volvi\u00f3 una realidad este jueves 16 con una masiva concurrencia de vecinos de nuestra ciudad, la provincia y el resto del pa\u00eds que disfrutaron de una extensa grilla art\u00edstica. En este contexto, cada uno de las y los presentes pudo visitar un espacio de hacedores locales o adquirir alimentos en diversos stands.<\/p>\n\n\n\n<p>La gran puesta en escena que iniciaron m\u00fasicos y m\u00fasicas locales tambi\u00e9n fue conformada por la DJ An Fontana y el gran n\u00famero del folklorista Juan Fuentes. Abel Pintos, en \u00faltimo lugar, coron\u00f3 esta gran velada con una presentaci\u00f3n estelar.<\/p>\n\n\n\n<p>La intendenta Fernanda Alonso se refiri\u00f3 a este evento para todas y todos: \u201cEsta fue una noche especial, que tanto merec\u00edamos y esper\u00e1bamos. Tuvimos la posibilidad de continuar con las y los artistas locales que se quedaron con las ganas de mostrar lo que ten\u00edan para socializar\u201d.<\/p>\n\n\n\n<p>Por otra parte, valor\u00f3 la presencia de los cantantes nacionales, \u201ccon dos shows dignos de ver y apreciar para que toda la poblaci\u00f3n tenga la posibilidad de vivenciarlos\u201d.<\/p>\n\n\n\n<p>A\u00f1adi\u00f3 que el Festival fue posible gracias al acompa\u00f1amiento de organismos del Estado, como as\u00ed tambi\u00e9n de sponsors. Sumado a ello, el gobierno nacional realiz\u00f3 un aporte para poder acceder a artistas e infraestructura.<\/p>\n\n\n\n<p>En este contexto, asegur\u00f3 que otras instituciones relacionadas con el \u00e1rea de Salud, Defensa Civil y Polic\u00eda tambi\u00e9n tuvieron participaci\u00f3n. \u201cEsto nos permiti\u00f3 pensar una fiesta que nos convoc\u00f3 en un lugar de encuentro, un espacio donde los clubes y las asociaciones pudieron vender lo que producen\u201d.<\/p>\n\n\n\n<p>Alonso recalc\u00f3 que la realizaci\u00f3n del evento result\u00f3 una inversi\u00f3n por el impacto que la masiva concurrencia de p\u00fablico genera en la gastronom\u00eda y hoteler\u00eda local. \u201cLa ciudad lo requiere, en la cotidiana el y la piquense lo pide, despu\u00e9s asiste y se lo apropia\u201d, a\u00f1adi\u00f3.<\/p>\n\n\n\n<p>Al promediar la noche, la intendenta present\u00f3 a Abel Pintos: \u201cBienvenido, gracias por la paciencia de encontrar una fecha y darnos la posibilidad de poder festejar en General Pico nuestro cumplea\u00f1os. Es un gusto tenerte ac\u00e1, que cumplas con nosotros, y nosotros con la gente para brindarles tu show\u201d.<\/p>\n\n\n\n<p>Tras ello, Abel se refiri\u00f3 a las expectativas de su presentaci\u00f3n: \u201cSon muchas. A partir de la suspensi\u00f3n, estuvimos buscando esa forma de hacer arte combinando horarios, pero la buena predisposici\u00f3n estuvo de las dos partes en pos de celebrar con esta cantidad de personas, esperando que disfruten su fiesta\u201d.<\/p>\n\n\n\n<p>Sobre la importante convocatoria de fan\u00e1ticos que arribaron desde distintos sitios de Argentina, destac\u00f3: \u201cNo cambia mucho, porque esta noche hay espectadoras, espectadores de aqu\u00ed y de muchas otras localidades para acompa\u00f1arnos en el concierto. El p\u00fablico tiene el car\u00e1cter de cada lugar, pero lo que uno siente cuando sube al escenario no es algo distinto, es un privilegio\u201d.<\/p>\n\n\n\n<p>Con respecto a su carrera, relat\u00f3 su relaci\u00f3n con la ciudad y la provincia: \u201cPas\u00e9 una vida arriba de los escenarios y \u00e9se tiempo es el que me permite hoy en d\u00eda sentirme tan identificado con lugares como Pico. Yo vengo a dar conciertos ac\u00e1 y de alguna forma me siento como en casa. Me cri\u00e9 dando espect\u00e1culos en la provincia de La Pampa, la gente que me va a acompa\u00f1ar hoy me ha visto crecer y de alguna forma creci\u00f3 conmigo\u201d.<\/p>\n\n\n\n<p>Es imperioso mencionar que el evento se realiz\u00f3 de manera libre y gratuita para toda la comunidad. \u201cPoder celebrar un aniversario donde naciste, te criaste, viv\u00eds, ten\u00e9s tu familia y tus ra\u00edces es una gran oportunidad. \u00c9se amor est\u00e1 buen\u00edsimo poder festejarlo de esta manera, que todo el mundo pueda ser parte de esto\u201d, concluy\u00f3.<\/p>\n<div class=\"sharedaddy sd-sharing-enabled\"><div class=\"robots-nocontent sd-block sd-social sd-social-icon sd-sharing\"><h3 class=\"sd-title\">Comparte esto:<\/h3><div class=\"sd-content\"><ul><li class=\"share-twitter\"><a rel=\"nofollow noopener noreferrer\" data-shared=\"sharing-twitter-35630\" class=\"share-twitter sd-button share-icon no-text\" href=\"http:\/\/www.rtvnoticias.com.ar\/?p=35630&amp;share=twitter\" target=\"_blank\" title=\"Haz clic para compartir en Twitter\"><span><\/span><span class=\"sharing-screen-reader-text\">Haz clic para compartir en Twitter (Se abre en una ventana nueva)<\/span><\/a><\/li><li class=\"share-facebook\"><a rel=\"nofollow noopener noreferrer\" data-shared=\"sharing-facebook-35630\" class=\"share-facebook sd-button share-icon no-text\" href=\"http:\/\/www.rtvnoticias.com.ar\/?p=35630&amp;share=facebook\" target=\"_blank\" title=\"Haz clic para compartir en Facebook\"><span><\/span><span class=\"sharing-screen-reader-text\">Haz clic para compartir en Facebook (Se abre en una ventana nueva)<\/span><\/a><\/li><li class=\"share-jetpack-whatsapp\"><a rel=\"nofollow noopener noreferrer\" data-shared=\"\" class=\"share-jetpack-whatsapp sd-button share-icon no-text\" href=\"http:\/\/www.rtvnoticias.com.ar\/?p=35630&amp;share=jetpack-whatsapp\" target=\"_blank\" title=\"Haz clic para compartir en WhatsApp\"><span><\/span><span class=\"sharing-screen-reader-text\">Haz clic para compartir en WhatsApp (Se abre en una ventana nueva)<\/span><\/a><\/li><li class=\"share-telegram\"><a rel=\"nofollow noopener noreferrer\" data-shared=\"\" class=\"share-telegram sd-button share-icon no-text\" href=\"http:\/\/www.rtvnoticias.com.ar\/?p=35630&amp;share=telegram\" target=\"_blank\" title=\"Haz clic para compartir en Telegram\"><span><\/span><span class=\"sharing-screen-reader-text\">Haz clic para compartir en Telegram (Se abre en una ventana nueva)<\/span><\/a><\/li><li class=\"share-end\"><\/li><\/ul><\/div><\/div><\/div>","protected":false},"excerpt":{"rendered":"<p>El Festival Pico Cumple se volvi\u00f3 una realidad este jueves 16 con una masiva concurrencia de vecinos de nuestra ciudad, la provincia y el resto<\/p>\n<div class=\"sharedaddy sd-sharing-enabled\"><div class=\"robots-nocontent sd-block sd-social sd-social-icon sd-sharing\"><h3 class=\"sd-title\">Comparte esto:<\/h3><div class=\"sd-content\"><ul><li class=\"share-twitter\"><a rel=\"nofollow noopener noreferrer\" data-shared=\"sharing-twitter-35630\" class=\"share-twitter sd-button share-icon no-text\" href=\"http:\/\/www.rtvnoticias.com.ar\/?p=35630&amp;share=twitter\" target=\"_blank\" title=\"Haz clic para compartir en Twitter\"><span><\/span><span class=\"sharing-screen-reader-text\">Haz clic para compartir en Twitter (Se abre en una ventana nueva)<\/span><\/a><\/li><li class=\"share-facebook\"><a rel=\"nofollow noopener noreferrer\" data-shared=\"sharing-facebook-35630\" class=\"share-facebook sd-button share-icon no-text\" href=\"http:\/\/www.rtvnoticias.com.ar\/?p=35630&amp;share=facebook\" target=\"_blank\" title=\"Haz clic para compartir en Facebook\"><span><\/span><span class=\"sharing-screen-reader-text\">Haz clic para compartir en Facebook (Se abre en una ventana nueva)<\/span><\/a><\/li><li class=\"share-jetpack-whatsapp\"><a rel=\"nofollow noopener noreferrer\" data-shared=\"\" class=\"share-jetpack-whatsapp sd-button share-icon no-text\" href=\"http:\/\/www.rtvnoticias.com.ar\/?p=35630&amp;share=jetpack-whatsapp\" target=\"_blank\" title=\"Haz clic para compartir en WhatsApp\"><span><\/span><span class=\"sharing-screen-reader-text\">Haz clic para compartir en WhatsApp (Se abre en una ventana nueva)<\/span><\/a><\/li><li class=\"share-telegram\"><a rel=\"nofollow noopener noreferrer\" data-shared=\"\" class=\"share-telegram sd-button share-icon no-text\" href=\"http:\/\/www.rtvnoticias.com.ar\/?p=35630&amp;share=telegram\" target=\"_blank\" title=\"Haz clic para compartir en Telegram\"><span><\/span><span class=\"sharing-screen-reader-text\">Haz clic para compartir en Telegram (Se abre en una ventana nueva)<\/span><\/a><\/li><li class=\"share-end\"><\/li><\/ul><\/div><\/div><\/div>","protected":false},"author":7,"featured_media":35632,"comment_status":"closed","ping_status":"closed","sticky":false,"template":"","format":"standard","meta":{"spay_email":"","jetpack_publicize_message":"","jetpack_is_tweetstorm":false,"jetpack_publicize_feature_enabled":true},"categories":[5],"tags":[],"jetpack_featured_media_url":"http:\/\/www.rtvnoticias.com.ar\/wp-content\/uploads\/2023\/02\/alonso-pintos.jpeg","jetpack_publicize_connections":[],"jetpack_sharing_enabled":true,"_links":{"self":[{"href":"http:\/\/www.rtvnoticias.com.ar\/index.php?rest_route=\/wp\/v2\/posts\/35630"}],"collection":[{"href":"http:\/\/www.rtvnoticias.com.ar\/index.php?rest_route=\/wp\/v2\/posts"}],"about":[{"href":"http:\/\/www.rtvnoticias.com.ar\/index.php?rest_route=\/wp\/v2\/types\/post"}],"author":[{"embeddable":true,"href":"http:\/\/www.rtvnoticias.com.ar\/index.php?rest_route=\/wp\/v2\/users\/7"}],"replies":[{"embeddable":true,"href":"http:\/\/www.rtvnoticias.com.ar\/index.php?rest_route=%2Fwp%2Fv2%2Fcomments&post=35630"}],"version-history":[{"count":1,"href":"http:\/\/www.rtvnoticias.com.ar\/index.php?rest_route=\/wp\/v2\/posts\/35630\/revisions"}],"predecessor-version":[{"id":35631,"href":"http:\/\/www.rtvnoticias.com.ar\/index.php?rest_route=\/wp\/v2\/posts\/35630\/revisions\/35631"}],"wp:featuredmedia":[{"embeddable":true,"href":"http:\/\/www.rtvnoticias.com.ar\/index.php?rest_route=\/wp\/v2\/media\/35632"}],"wp:attachment":[{"href":"http:\/\/www.rtvnoticias.com.ar\/index.php?rest_route=%2Fwp%2Fv2%2Fmedia&parent=35630"}],"wp:term":[{"taxonomy":"category","embeddable":true,"href":"http:\/\/www.rtvnoticias.com.ar\/index.php?rest_route=%2Fwp%2Fv2%2Fcategories&post=35630"},{"taxonomy":"post_tag","embeddable":true,"href":"http:\/\/www.rtvnoticias.com.ar\/index.php?rest_route=%2Fwp%2Fv2%2Ftags&post=35630"}],"curies":[{"name":"wp","href":"https:\/\/api.w.org\/{rel}","templated":true}]}}