{"id":35635,"date":"2023-02-17T11:38:25","date_gmt":"2023-02-17T14:38:25","guid":{"rendered":"http:\/\/www.rtvnoticias.com.ar\/?p=35635"},"modified":"2023-02-17T11:38:28","modified_gmt":"2023-02-17T14:38:28","slug":"el-frente-de-todos-llamo-a-impedir-la-proscripcion-de-cfk","status":"publish","type":"post","link":"http:\/\/www.rtvnoticias.com.ar\/?p=35635","title":{"rendered":"El Frente de Todos llam\u00f3 a \u201cimpedir la proscripci\u00f3n\u201d de CFK"},"content":{"rendered":"\n<p>La defensa de Cristina Fern\u00e1ndez de Kirchner, \u00abla unidad en la diversidad\u00bb y la centralidad de las PASO, los ejes principales del texto acordado entre las distintas fuerzas del oficialismo.<\/p>\n\n\n\n<p>El presidente Alberto Fern\u00e1ndez encabez\u00f3 la Mesa Nacional del Frente de Todos en la que, ante representantes de todas las fuerzas que componen la coalici\u00f3n de Gobierno, discutieron la estrategia electoral camino a las presidenciales. Lo hizo junto al ministro de Econom\u00eda y titular del Frente Renovador, Sergio Massa, y el diputado y dirigente de La C\u00e1mpora, M\u00e1ximo Kirchner.<\/p>\n\n\n\n<p>El debate posibilit\u00f3 el consenso para terminar de definir un documento conjunto que lleva el t\u00edtulo de \u00abDemocracia sin proscripciones. Unidad para transformar\u00bb, en una clara alusi\u00f3n a la situaci\u00f3n que atraviesa la vicepresidenta, Cristina Fern\u00e1ndez de Kirchner, y en la perspectiva de imponerse en las elecciones.<\/p>\n\n\n\n<p>En los 17 p\u00e1rrafos, las fuerzas del Frente de Todos expresan la centralidad de \u00abimpedir la proscripci\u00f3n\u00bb de la vicepresidenta, potenciar la unidad entre las partes que integran la coalici\u00f3n, e impedir el triunfo de Juntos por el Cambio. Adem\u00e1s, enviaron un disipado mensaje al Poder Judicial, blanco del Gobierno tras la sentencia a Fern\u00e1ndez de Kirchner en la causa por la Obra P\u00fablica.<\/p>\n\n\n\n<p>\u00abQuienes integramos esta mesa tenemos como responsabilidad disponer las acciones necesarias para impedir la proscripci\u00f3n de la compa\u00f1era vicepresidenta Cristina Fern\u00e1ndez de Kirchner cuyo liderazgo y potencia electoral no nos puede ser arrebatado\u00bb, sostiene el documento difundido, y agrega: \u00abNo hay, o no deber\u00eda haber, ning\u00fan poder econ\u00f3mico, medi\u00e1tico o judicial capaz de decidir por encima de la voluntad popular\u00bb.<\/p>\n\n\n\n<p>Adem\u00e1s de los cinco representantes por fuerza, tambi\u00e9n participaron delegaciones de gobernadores, intendentes y representantes de la CGT, la CTA y los movimientos sociales que fueron parte del armado incipiente para los comicios en 2023. A pesar de no haber confirmado asistencia, el diputado Kirchner asisti\u00f3 a la discusi\u00f3n que tuvo como gran ausente a la exmandataria.<\/p>\n\n\n\n<p>Lejos de definir candidaturas camino a los comicios, y ante una insipiente formulaci\u00f3n electoral, acusaron a Juntos por el Cambio de no tener \u00abnada nuevo para decir\u00bb y de repetir f\u00f3rmulas fracasadas. \u00abEn 2023 se enfrentar\u00e1n dos modelos de pa\u00eds. La Argentina de un progreso compartido, democr\u00e1tica e igualitaria; y el anacronismo de una derecha que concibe al pa\u00eds como una plataforma de negocios para unos pocos\u00bb, expresa la letra.<\/p>\n\n\n\n<p>En la misma t\u00f3nica, el oficialismo reconoci\u00f3 en la inflaci\u00f3n y en la baja del poder adquisitivo los principales problemas de la Argentina, e insisti\u00f3 en la unidad como valor para enfrentar a la oposici\u00f3n. \u00abLa unidad en la diversidad\u00bb, qued\u00f3 expresado una vez m\u00e1s, en un nuevo intento por mantener la coalici\u00f3n.<\/p>\n\n\n\n<p>El expresidente Mauricio Macri tuvo lugar en las l\u00edneas firmadas por las tres principales fuerzas de Gobierno al caracterizar que la gesti\u00f3n de Alberto Fern\u00e1ndez estuvo atravesada por la pandemia y la guerra que agravaron \u00abla situaci\u00f3n de una econom\u00eda devastada y sometida a un endeudamiento salvaje por el gobierno de Macri\u00bb.<\/p>\n\n\n\n<p>\u00abPara evitar un retorno de la derecha, una parte fundamental de la estrategia del Frente es reforzar la unidad en la diversidad. Articular todas las diferentes miradas del Frente de Todxs y tambi\u00e9n a quienes se quieran sumar a este proyecto por una Argentina que crezca con paz, igualdad y libertad\u00bb, indicaron.<\/p>\n\n\n\n<p>A pesar de los debates internos, las fuerzas lograron consensuar que las elecciones Primarias, Abiertas, Simult\u00e1neas y Obligatorias (PASO) son \u00abla herramienta institucional creadas para abrir la participaci\u00f3n de los partidos y sintetizar las diferentes visiones de un proyecto com\u00fan\u00bb.<\/p>\n\n\n\n<p>\u00abEl Frente de Todxs mira a los argentinos a los ojos\u00bb, cierra el documento al tiempo que asegura que \u00aben 2023 el futuro del pa\u00eds est\u00e1 en juego\u00bb.<\/p>\n\n\n\n<p>La reuni\u00f3n estaba convocada para las 19, pero comenz\u00f3 reci\u00e9n a las 20:15. Entrada la madrugada todav\u00eda segu\u00eda el mit\u00edn en la sede de Matheu 130. Dejaron para la hora del cierre la difusi\u00f3n de un documento de consenso.<\/p>\n\n\n\n<p>Los y las representantes de los diversos espacios que conforman el Frente de Todxs nos reunimos hoy para poner en com\u00fan las estrategias necesarias para hacer frente a los desaf\u00edos que tenemos por delante.<\/p>\n\n\n\n<p>Estamos en un contexto internacional de incertidumbre a partir de las consecuencias de la pandemia, las guerras y los conflictos por la hegemon\u00eda mundial.<\/p>\n\n\n\n<p>El mayor triunfo de los poderes concentrados es someter a la sociedad en el des\u00e1nimo y en el enojo, en la frustraci\u00f3n y el descreimiento. Quieren convertir una situaci\u00f3n global muy adversa en un fatalismo del que no hay salida.<\/p>\n\n\n\n<p>En 2023 se enfrentar\u00e1n dos modelos de pa\u00eds. La Argentina de un progreso compartido, democr\u00e1tica e igualitaria; y el anacronismo de una derecha que concibe al pa\u00eds como una plataforma de negocios para unos pocos. No tienen nada nuevo para decir. Repiten f\u00f3rmulas que han fracasado hace d\u00e9cadas, salvo para enriquecer a peque\u00f1os grupos privilegiados.<\/p>\n\n\n\n<p>En este marco, quienes integramos esta mesa tenemos como responsabilidad disponer las acciones necesarias para impedir la proscripci\u00f3n de la compa\u00f1era vicepresidenta Cristina Fern\u00e1ndez de Kirchner cuyo liderazgo y potencia electoral no nos puede ser arrebatado. No hay, o no deber\u00eda haber, ning\u00fan poder econ\u00f3mico, medi\u00e1tico o judicial capaz de decidir por encima de la voluntad popular.<\/p>\n\n\n\n<p>En este marco, la unidad en la diversidad es un valor importante para quienes formamos parte del Frente de Todxs.<\/p>\n\n\n\n<p>Somos plenamente conscientes del particular momento que vive nuestra sociedad. Conocemos todas las demandas econ\u00f3micas y sociales de las que a\u00fan tenemos que dar respuestas concretas.<\/p>\n\n\n\n<p>Por eso, es tarea primordial de quienes formamos parte de este proyecto pol\u00edtico continuar los esfuerzos para reducir la inflaci\u00f3n, aumentar el poder adquisitivo de los salarios y trabajar en cada una de las pol\u00edticas p\u00fablicas necesarias para que nuestra gente viva mejor. Ese fue el contrato electoral que acordamos de cara a la sociedad en 2019 y por el cual debemos seguir trabajando.<\/p>\n\n\n\n<p>Estos cuatro a\u00f1os de gobierno se vieron atravesados por circunstancias externas, como la pandemia y la guerra, que agravaron la situaci\u00f3n de una econom\u00eda devastada y sometida a un endeudamiento salvaje por el gobierno de Macri.<\/p>\n\n\n\n<p>A pesar de este contexto, se realizaron esfuerzos que es necesario reconocer y reivindicar como parte de las tareas que nos toc\u00f3 llevar adelante.<\/p>\n\n\n\n<p>Es necesario avanzar hacia una etapa que le permita recuperar al pueblo argentino la esperanza.<\/p>\n\n\n\n<p>Hoy m\u00e1s que nunca tenemos que estar al lado de cada argentino y argentina que enfrenta dificultades y trabajar junto a ellos para construir el pa\u00eds en el que queremos vivir los pr\u00f3ximos cincuenta a\u00f1os.<\/p>\n\n\n\n<p>Pero para evitar un retorno de la derecha, una parte fundamental de la estrategia del Frente es reforzar la unidad en la diversidad. Articular todas las diferentes miradas del Frente de Todxs y tambi\u00e9n a quienes se quieran sumar a este proyecto por una Argentina que crezca con paz, igualdad y libertad.<\/p>\n\n\n\n<p>Las PASO son la herramienta institucional creadas por nuestro gobierno durante el a\u00f1o 2010, para abrir la participaci\u00f3n de los partidos y sintetizar las diferentes visiones de un proyecto com\u00fan.<\/p>\n\n\n\n<p>El Frente de Todxs mira a los argentinos a los ojos. Hemos atravesado enormes dificultades, pero aqu\u00ed estamos construyendo el presente y el futuro. Queremos representar a los millones de argentinos y argentinas que quieren una Naci\u00f3n donde se promueva y proteja a quien produce y a quien trabaja; donde se creen empleos con derechos plenos que permitan el progreso individual y de cada comunidad; donde el sistema cient\u00edfico tecnol\u00f3gico y las universidades nacionales sean un orgullo para todas las personas; donde la igualdad entre varones y mujeres y el pleno respeto a las diversidades sean una realidad cotidiana; donde el federalismo sea un principio y una pr\u00e1ctica de reducci\u00f3n de brechas de desigualdad, para contar con un pa\u00eds cada vez m\u00e1s justo e integrado.<\/p>\n\n\n\n<p>Nuevamente en 2023 el futuro del pa\u00eds est\u00e1 en juego.<\/p>\n\n\n\n<p>El Frente de Todxs, unido, reafirma su orgullo por las luchas y los logros del pasado; su compromiso con este complejo presente; y su voluntad indeclinable de construir una patria libre, justa y soberana.<\/p>\n<div class=\"sharedaddy sd-sharing-enabled\"><div class=\"robots-nocontent sd-block sd-social sd-social-icon sd-sharing\"><h3 class=\"sd-title\">Comparte esto:<\/h3><div class=\"sd-content\"><ul><li class=\"share-twitter\"><a rel=\"nofollow noopener noreferrer\" data-shared=\"sharing-twitter-35635\" class=\"share-twitter sd-button share-icon no-text\" href=\"http:\/\/www.rtvnoticias.com.ar\/?p=35635&amp;share=twitter\" target=\"_blank\" title=\"Haz clic para compartir en Twitter\"><span><\/span><span class=\"sharing-screen-reader-text\">Haz clic para compartir en Twitter (Se abre en una ventana nueva)<\/span><\/a><\/li><li class=\"share-facebook\"><a rel=\"nofollow noopener noreferrer\" data-shared=\"sharing-facebook-35635\" class=\"share-facebook sd-button share-icon no-text\" href=\"http:\/\/www.rtvnoticias.com.ar\/?p=35635&amp;share=facebook\" target=\"_blank\" title=\"Haz clic para compartir en Facebook\"><span><\/span><span class=\"sharing-screen-reader-text\">Haz clic para compartir en Facebook (Se abre en una ventana nueva)<\/span><\/a><\/li><li class=\"share-jetpack-whatsapp\"><a rel=\"nofollow noopener noreferrer\" data-shared=\"\" class=\"share-jetpack-whatsapp sd-button share-icon no-text\" href=\"http:\/\/www.rtvnoticias.com.ar\/?p=35635&amp;share=jetpack-whatsapp\" target=\"_blank\" title=\"Haz clic para compartir en WhatsApp\"><span><\/span><span class=\"sharing-screen-reader-text\">Haz clic para compartir en WhatsApp (Se abre en una ventana nueva)<\/span><\/a><\/li><li class=\"share-telegram\"><a rel=\"nofollow noopener noreferrer\" data-shared=\"\" class=\"share-telegram sd-button share-icon no-text\" href=\"http:\/\/www.rtvnoticias.com.ar\/?p=35635&amp;share=telegram\" target=\"_blank\" title=\"Haz clic para compartir en Telegram\"><span><\/span><span class=\"sharing-screen-reader-text\">Haz clic para compartir en Telegram (Se abre en una ventana nueva)<\/span><\/a><\/li><li class=\"share-end\"><\/li><\/ul><\/div><\/div><\/div>","protected":false},"excerpt":{"rendered":"<p>La defensa de Cristina Fern\u00e1ndez de Kirchner, \u00abla unidad en la diversidad\u00bb y la centralidad de las PASO, los ejes principales del texto acordado entre<\/p>\n<div class=\"sharedaddy sd-sharing-enabled\"><div class=\"robots-nocontent sd-block sd-social sd-social-icon sd-sharing\"><h3 class=\"sd-title\">Comparte esto:<\/h3><div class=\"sd-content\"><ul><li class=\"share-twitter\"><a rel=\"nofollow noopener noreferrer\" data-shared=\"sharing-twitter-35635\" class=\"share-twitter sd-button share-icon no-text\" href=\"http:\/\/www.rtvnoticias.com.ar\/?p=35635&amp;share=twitter\" target=\"_blank\" title=\"Haz clic para compartir en Twitter\"><span><\/span><span class=\"sharing-screen-reader-text\">Haz clic para compartir en Twitter (Se abre en una ventana nueva)<\/span><\/a><\/li><li class=\"share-facebook\"><a rel=\"nofollow noopener noreferrer\" data-shared=\"sharing-facebook-35635\" class=\"share-facebook sd-button share-icon no-text\" href=\"http:\/\/www.rtvnoticias.com.ar\/?p=35635&amp;share=facebook\" target=\"_blank\" title=\"Haz clic para compartir en Facebook\"><span><\/span><span class=\"sharing-screen-reader-text\">Haz clic para compartir en Facebook (Se abre en una ventana nueva)<\/span><\/a><\/li><li class=\"share-jetpack-whatsapp\"><a rel=\"nofollow noopener noreferrer\" data-shared=\"\" class=\"share-jetpack-whatsapp sd-button share-icon no-text\" href=\"http:\/\/www.rtvnoticias.com.ar\/?p=35635&amp;share=jetpack-whatsapp\" target=\"_blank\" title=\"Haz clic para compartir en WhatsApp\"><span><\/span><span class=\"sharing-screen-reader-text\">Haz clic para compartir en WhatsApp (Se abre en una ventana nueva)<\/span><\/a><\/li><li class=\"share-telegram\"><a rel=\"nofollow noopener noreferrer\" data-shared=\"\" class=\"share-telegram sd-button share-icon no-text\" href=\"http:\/\/www.rtvnoticias.com.ar\/?p=35635&amp;share=telegram\" target=\"_blank\" title=\"Haz clic para compartir en Telegram\"><span><\/span><span class=\"sharing-screen-reader-text\">Haz clic para compartir en Telegram (Se abre en una ventana nueva)<\/span><\/a><\/li><li class=\"share-end\"><\/li><\/ul><\/div><\/div><\/div>","protected":false},"author":7,"featured_media":35636,"comment_status":"closed","ping_status":"closed","sticky":false,"template":"","format":"standard","meta":{"spay_email":"","jetpack_publicize_message":"","jetpack_is_tweetstorm":false,"jetpack_publicize_feature_enabled":true},"categories":[5],"tags":[],"jetpack_featured_media_url":"http:\/\/www.rtvnoticias.com.ar\/wp-content\/uploads\/2023\/02\/fernandez-rossi.jpg","jetpack_publicize_connections":[],"jetpack_sharing_enabled":true,"_links":{"self":[{"href":"http:\/\/www.rtvnoticias.com.ar\/index.php?rest_route=\/wp\/v2\/posts\/35635"}],"collection":[{"href":"http:\/\/www.rtvnoticias.com.ar\/index.php?rest_route=\/wp\/v2\/posts"}],"about":[{"href":"http:\/\/www.rtvnoticias.com.ar\/index.php?rest_route=\/wp\/v2\/types\/post"}],"author":[{"embeddable":true,"href":"http:\/\/www.rtvnoticias.com.ar\/index.php?rest_route=\/wp\/v2\/users\/7"}],"replies":[{"embeddable":true,"href":"http:\/\/www.rtvnoticias.com.ar\/index.php?rest_route=%2Fwp%2Fv2%2Fcomments&post=35635"}],"version-history":[{"count":1,"href":"http:\/\/www.rtvnoticias.com.ar\/index.php?rest_route=\/wp\/v2\/posts\/35635\/revisions"}],"predecessor-version":[{"id":35637,"href":"http:\/\/www.rtvnoticias.com.ar\/index.php?rest_route=\/wp\/v2\/posts\/35635\/revisions\/35637"}],"wp:featuredmedia":[{"embeddable":true,"href":"http:\/\/www.rtvnoticias.com.ar\/index.php?rest_route=\/wp\/v2\/media\/35636"}],"wp:attachment":[{"href":"http:\/\/www.rtvnoticias.com.ar\/index.php?rest_route=%2Fwp%2Fv2%2Fmedia&parent=35635"}],"wp:term":[{"taxonomy":"category","embeddable":true,"href":"http:\/\/www.rtvnoticias.com.ar\/index.php?rest_route=%2Fwp%2Fv2%2Fcategories&post=35635"},{"taxonomy":"post_tag","embeddable":true,"href":"http:\/\/www.rtvnoticias.com.ar\/index.php?rest_route=%2Fwp%2Fv2%2Ftags&post=35635"}],"curies":[{"name":"wp","href":"https:\/\/api.w.org\/{rel}","templated":true}]}}