{"id":35645,"date":"2023-02-20T01:42:54","date_gmt":"2023-02-20T04:42:54","guid":{"rendered":"http:\/\/www.rtvnoticias.com.ar\/?p=35645"},"modified":"2023-02-20T01:43:40","modified_gmt":"2023-02-20T04:43:40","slug":"murio-nano-balbo-un-maestro-con-todas-las-letras","status":"publish","type":"post","link":"http:\/\/www.rtvnoticias.com.ar\/?p=35645","title":{"rendered":"Muri\u00f3 \u201cNano\u201d Balbo un maestro con todas las letras"},"content":{"rendered":"\n<p>Orlando \u201cNano\u201d Balbo muri\u00f3 este domingo en Neuqu\u00e9n a los 74 a\u00f1os . Dio clase a la comunidad mapuche, fue detenido , comparti\u00f3 celda con varios Pampeanos en Rawson. Trabajo en el Vaticano y con la llegada de la democracia volvi\u00f3 al pa\u00eds, radic\u00e1ndose nuevamente en el sur . <br>Hab\u00eda  nacido el 24 de octubre de 1948 en Pellegrini, Provincia de Buenos Aires, y se recibi\u00f3 de maestro en los a\u00f1os \u201960. En 1969 ingres\u00f3 al servicio militar obligatorio y fue enviado a Jun\u00edn de los Andes. Comenz\u00f3 a dictar clases en la escuela anexa al Regimiento de Infanter\u00eda de Monta\u00f1a 26 de esa localidad, a la que asist\u00edan alumnos de las comunidades mapuches. En 1970 lleg\u00f3 a Neuqu\u00e9n para trabajar como docente en la Direcci\u00f3n de Adultos.<\/p>\n\n\n\n<p>Sin lugar a dudas, el ped\u00e1gogo Paulo Freire influy\u00f3 en su formaci\u00f3n docente porque \u201cfue quien nos ayud\u00f3 a comprender que lo pedag\u00f3gico es el saber que le da sentido a nuestra pr\u00e1ctica como docentes y que resulta vital para construir nuestra identidad, en tanto es este saber el que nos permite distinguirnos con nitidez de otras pr\u00e1cticas\u201d, explic\u00f3.<\/p>\n\n\n\n<p>El 24 de marzo de 1976, cuando se desempe\u00f1aba como docente y secretario parlamentario de la diputada justicialista Ren\u00e9 Ch\u00e1vez, Balbo fue detenido por un grupo de tareas comandado por el agente de Inteligencia Ra\u00fal Guglielminetti. En la Delegaci\u00f3n de la Polic\u00eda Federal, ubicada en la calle Santiago del Estero de esta ciudad, Balbo fue torturado salvajemente. Como consecuencia de las torturas qued\u00f3 sordo. Las sesiones de interrogatorios y torturas estaban a cargo de Guglielminetti. \u00abQue me hayan dejado sordo no quiere decir que me calle\u00bb, afirm\u00f3 alguna vez. Dec\u00eda que a partir del golpe de Estado \u201cen el pa\u00eds se hab\u00eda instalado el terror cubierto en un plan criminal, que ten\u00eda como eje central impedir cualquier reacci\u00f3n de la gente\u201d.<\/p>\n\n\n\n<figure class=\"wp-block-image\"><img decoding=\"async\" src=\"https:\/\/media.lmneuquen.com\/p\/44dc0bc1d21a655556508f418076de80\/adjuntos\/195\/imagenes\/007\/433\/0007433637\/770x0\/smart\/p10-f02-regisce_id483938jpg.jpg\" alt=\"El d\u00eda que reconoci\u00f3 el lugar donde lo torturaron en la Delegaci\u00f3n de la Polic\u00eda Federal de la ciudad de Neuqu\u00e9n. En dependencias de la Polic\u00eda fue torturado con picana el\u00e9ctrica, por lo que perdi\u00f3 la audici\u00f3n de ambos o\u00eddos. \"\/><\/figure>\n\n\n\n<p>El d\u00eda que reconoci\u00f3 el lugar donde lo torturaron en la Delegaci\u00f3n de la Polic\u00eda Federal de la ciudad de Neuqu\u00e9n. En dependencias de la Polic\u00eda fue torturado con picana el\u00e9ctrica, por lo que perdi\u00f3 la audici\u00f3n de ambos o\u00eddos.<\/p>\n\n\n\n<p>De aquel d\u00eda del golpe, Balbo recordaba que \u201cyo hab\u00eda llegado la noche anterior muy tarde desde Buenos Aires y me levant\u00e9 para avisar a mis amigos que el golpe era un hecho. Cuando tiraron abajo la puerta de la casa donde estaba, el primero que apareci\u00f3 con una Itaka fue Guglielminetti. Rompieron todo e hicieron un despliegue impresionante en la calle. Pens\u00e9: \u2018\u00bfTodo esto por un gil como yo?\u2019. Pero despu\u00e9s me di cuenta de que era por muchos\u201d. Balbo estuvo preso seis meses en la U9 y despu\u00e9s fue trasladado al penal de Rawson donde permaneci\u00f3 hasta enero de 1978 y m\u00e1s tarde en la c\u00e1rcel de Caseros.<\/p>\n\n\n\n<p>Mientras estaba detenido, el obispo de Neuqu\u00e9n Jaime De Nevares manten\u00eda contacto con los padres de Balbo tratando de tranquilizarlos por la situaci\u00f3n que atravesaba su hijo. Su familia estaba preocupada por los comentarios que en el pueblo circulaban sobre los motivos de su detenci\u00f3n.<\/p>\n\n\n\n<p>A fines de 1977, le concedieron la autorizaci\u00f3n para abandonar el pa\u00eds y en febrero de 1978 se exili\u00f3 en Italia. Lleg\u00f3 a Roma con una carta de recomendaci\u00f3n del obispo De Nevares que le permiti\u00f3 trabajar en la imprenta del Vaticano.<\/p>\n\n\n\n<p>Una vez vuelto del exilio en febrero de 1984 Balbo fue a ver a De Nevares , quien lo hab\u00eda ayudado para su permanencia en Italia. El obispo le dijo que fuera a verla a Noem\u00ed Labrune, fundadora de la Asamblea Permanente por los Derechos Humanos (APDH). \u201cVos que and\u00e1s en la educaci\u00f3n popular, tengo una propuesta para hacerte. And\u00e1 a verla a Labrune, una mujer que sabe de educaci\u00f3n\u201d, le sugiri\u00f3 Don Jaime a Balbo, quien hab\u00eda sido coordinador del programa educativo para adultos durante el gobierno de H\u00e9ctor C\u00e1mpora en 1973.<\/p>\n\n\n\n<figure class=\"wp-block-image\"><img decoding=\"async\" src=\"https:\/\/media.lmneuquen.com\/p\/176758b03567971e612d5b10e362f28f\/adjuntos\/195\/imagenes\/007\/433\/0007433635\/770x0\/smart\/nano-balbo-huncal-5jpg.jpg\" alt=\"Tras regresar del exilio, Balbo se dedic\u00f3 a la alfabetizaci\u00f3n de una comunidad mapuche en el paraje Huncal. \"\/><\/figure>\n\n\n\n<p>Tras regresar del exilio, Balbo se dedic\u00f3 a la alfabetizaci\u00f3n de una comunidad mapuche en el paraje Huncal.<\/p>\n\n\n\n<p>De inmediato, la dirigente de derechos humanos le ofreci\u00f3 trabajar en el paraje Huncal, ubicado en el norte de la provincia a 40 kil\u00f3metros de Loncopu\u00e9, como maestro de adultos en la cooperativa de una comunidad mapuche. All\u00ed fue Balbo para desempe\u00f1arse como alfabetizador y desplegar sus saberes como educador popular.<\/p>\n\n\n\n<p>\u00abYo llegu\u00e9 de Italia en diciembre de 1984 y me fui a Huncal para hacer un an\u00e1lisis y ver la demanda y as\u00ed armar una propuesta para ir en veranada. Fui de enero a marzo de 1985, vuelvo al Consejo de Educaci\u00f3n para presentar el proyecto de hacer un centro educativo para adultos para que terminen la escuela primaria. Estuve los \u00faltimos meses de 1984 y todo el a\u00f1o &#8217;85 vinculado a la comunidad entre invernada y veranada en Caj\u00f3n de Hualcup\u00e9n\u00bb, explic\u00f3 en una charla con este periodista. Describi\u00f3 que \u00aben la comunidad empec\u00e9 a aprender m\u00e1s de lo que ense\u00f1aba, descubr\u00ed que hab\u00eda un pueblo, una organizaci\u00f3n, que hablaban su lengua porque era el veh\u00edculo de su cultura. El reconocer en el otro un interlocutor me hizo cambiar a m\u00ed\u201d.<\/p>\n\n\n\n<p>En ese lugar del norte neuquino Balbo se enfrent\u00f3 a un gran desaf\u00edo porque la escuela llevaba m\u00e1s de 70 a\u00f1os sin un egresado. Lo que no se hab\u00eda imaginado era que ese \u201cproyectito\u201d de tres meses representar\u00eda una experiencia que lo dar\u00eda vuelta \u201ccomo un guante\u201d y que lo llev\u00f3 a trabajar durante m\u00e1s de un a\u00f1o con alumnos de entre 20 y 40 a\u00f1os.<\/p>\n\n\n\n<p>Fue coordinador de la campa\u00f1a de alfabetizaci\u00f3n de adultos CREAR (Campa\u00f1a para la Reactivaci\u00f3n Educativa del Adulto para la Reconstrucci\u00f3n) en Neuqu\u00e9n y unos a\u00f1os despu\u00e9s se convirti\u00f3 en secretario general del gremio docente ATEN y fue miembro de sus comisiones directivas.<\/p>\n\n\n\n<p>En el a\u00f1o 2012 Balbo fue el primer testigo en declarar en el segundo juicio contra represores que se realiz\u00f3 en Neuqu\u00e9n en el que se juzgaron y condenaron a 24 ex integrantes del Ej\u00e9rcito, Gendarmer\u00eda, Polic\u00eda Federal, polic\u00edas de Neuqu\u00e9n y R\u00edo Negro, y de servicios de inteligencia, acusados de delitos de lesa humanidad en perjuicio de 39 v\u00edctimas.<\/p>\n\n\n\n<figure class=\"wp-block-image\"><img decoding=\"async\" src=\"https:\/\/media.lmneuquen.com\/p\/e2c507308fb5e5a9ed316601ba83a97b\/adjuntos\/195\/imagenes\/007\/433\/0007433636\/770x0\/smart\/nqn-candela-balbo-y-nano-balbo-juicio-escuelita-ii-lectura-sentencia-3jpg.jpg\" alt=\"Balbo junto a su hija Candela luego de su declaraci\u00f3n como testigo-v\u00edctima en el segundo juicio por delitos de lesa humanidad contra represores en Neuqu\u00e9n.\"\/><\/figure>\n\n\n\n<p>Balbo junto a su hija Candela luego de su declaraci\u00f3n como testigo-v\u00edctima en el segundo juicio por delitos de lesa humanidad contra represores en Neuqu\u00e9n.<\/p>\n\n\n\n<p>\u201cComprender es imposible, conocer es necesario\u201d fue la frase del escritor Primo Levi que Balbo tom\u00f3 como suya en su declaraci\u00f3n ante los jueces del Tribunal Oral Federal 1 de Neuqu\u00e9n.<\/p>\n\n\n\n<p>\u201cLas conciencias pueden volver a oscurecerse, yo tengo miedo que se est\u00e9 oscureciendo la conciencia y las cosas se puedan volver a repetir y entonces lleguemos a naturalizar esos hechos aberrantes de la dictadura\u201d, dec\u00eda Balbo unas horas antes de su declaraci\u00f3n como testigo-v\u00edctima. \u201cYo me considero un testigo que vivi\u00f3 y vio cosas aberrantes. Eso es lo que tengo como un patrimonio cultural que hay que pasarle a las pr\u00f3ximas generaciones, y despu\u00e9s que hagan lo que quieran\u201d, explic\u00f3.<\/p>\n\n\n\n<p>En el juicio Guglielminetti fue condenado por los jueces a 12 a\u00f1os de prisi\u00f3n. El nombre del represor no le provocaba ninguna reacci\u00f3n a quien hab\u00eda perdido la audici\u00f3n como consecuencia de las torturas recibidas. El problema de Balbo no era con quien hab\u00eda sido su torturador, \u201cmi problema es con las instituciones como la Polic\u00eda Federal que le dieron cobertura a Guglielminetti, porque si no era \u00e9l hubiera sido otro el que me secuestrara y torturara. Por eso hablamos de terrorismo de Estado, el Estado fue terrorista y utiliz\u00f3 las instituciones destinadas a los ciudadanos para ponerlas en contra de los ciudadanos\u201d, aclaraba.<\/p>\n\n\n\n<p>\u201cHoy Guglielminetti est\u00e1 condenado, y yo estoy al lado de mi pap\u00e1 que sigui\u00f3 su vida\u201d, dijo Candela, la hija de Nano, cuando escuch\u00f3 la pena contra el represor. \u201cCuando escuch\u00e9 los 12 a\u00f1os para Guglielminetti no lo pod\u00eda creer, dije \u2018A mi pap\u00e1 lo dejaron sordo para toda la vida y a este tipo le dan 12 a\u00f1os\u2019; sent\u00ed una gran injusticia. Me imaginaba una condena m\u00e1s alta, yo quer\u00eda perpetua\u201d, coment\u00f3 Candela luego de la sentencia.<\/p>\n\n\n\n<p>Esta ma\u00f1ana un compa\u00f1ero docente escribi\u00f3 que \u00abNano\u00bb hab\u00eda partido, \u00abdej\u00e1ndonos sumidos en esa tristeza primera que da el ver irse de aqu\u00ed a alguien amado por tantas personas, alguien tan importante para tantas generaciones\u201d.<\/p>\n\n\n\n<p>Balbo fue sin duda un maestro que transit\u00f3 su vida con fuerza y ese compromiso del educador que siempre fue, que enfrent\u00f3 el terror de la dictadura y buscaba intensamente un mundo m\u00e1s justo.<\/p>\n<div class=\"sharedaddy sd-sharing-enabled\"><div class=\"robots-nocontent sd-block sd-social sd-social-icon sd-sharing\"><h3 class=\"sd-title\">Comparte esto:<\/h3><div class=\"sd-content\"><ul><li class=\"share-twitter\"><a rel=\"nofollow noopener noreferrer\" data-shared=\"sharing-twitter-35645\" class=\"share-twitter sd-button share-icon no-text\" href=\"http:\/\/www.rtvnoticias.com.ar\/?p=35645&amp;share=twitter\" target=\"_blank\" title=\"Haz clic para compartir en Twitter\"><span><\/span><span class=\"sharing-screen-reader-text\">Haz clic para compartir en Twitter (Se abre en una ventana nueva)<\/span><\/a><\/li><li class=\"share-facebook\"><a rel=\"nofollow noopener noreferrer\" data-shared=\"sharing-facebook-35645\" class=\"share-facebook sd-button share-icon no-text\" href=\"http:\/\/www.rtvnoticias.com.ar\/?p=35645&amp;share=facebook\" target=\"_blank\" title=\"Haz clic para compartir en Facebook\"><span><\/span><span class=\"sharing-screen-reader-text\">Haz clic para compartir en Facebook (Se abre en una ventana nueva)<\/span><\/a><\/li><li class=\"share-jetpack-whatsapp\"><a rel=\"nofollow noopener noreferrer\" data-shared=\"\" class=\"share-jetpack-whatsapp sd-button share-icon no-text\" href=\"http:\/\/www.rtvnoticias.com.ar\/?p=35645&amp;share=jetpack-whatsapp\" target=\"_blank\" title=\"Haz clic para compartir en WhatsApp\"><span><\/span><span class=\"sharing-screen-reader-text\">Haz clic para compartir en WhatsApp (Se abre en una ventana nueva)<\/span><\/a><\/li><li class=\"share-telegram\"><a rel=\"nofollow noopener noreferrer\" data-shared=\"\" class=\"share-telegram sd-button share-icon no-text\" href=\"http:\/\/www.rtvnoticias.com.ar\/?p=35645&amp;share=telegram\" target=\"_blank\" title=\"Haz clic para compartir en Telegram\"><span><\/span><span class=\"sharing-screen-reader-text\">Haz clic para compartir en Telegram (Se abre en una ventana nueva)<\/span><\/a><\/li><li class=\"share-end\"><\/li><\/ul><\/div><\/div><\/div>","protected":false},"excerpt":{"rendered":"<p>Orlando \u201cNano\u201d Balbo muri\u00f3 este domingo en Neuqu\u00e9n a los 74 a\u00f1os . Dio clase a la comunidad mapuche, fue detenido , comparti\u00f3 celda con<\/p>\n<div class=\"sharedaddy sd-sharing-enabled\"><div class=\"robots-nocontent sd-block sd-social sd-social-icon sd-sharing\"><h3 class=\"sd-title\">Comparte esto:<\/h3><div class=\"sd-content\"><ul><li class=\"share-twitter\"><a rel=\"nofollow noopener noreferrer\" data-shared=\"sharing-twitter-35645\" class=\"share-twitter sd-button share-icon no-text\" href=\"http:\/\/www.rtvnoticias.com.ar\/?p=35645&amp;share=twitter\" target=\"_blank\" title=\"Haz clic para compartir en Twitter\"><span><\/span><span class=\"sharing-screen-reader-text\">Haz clic para compartir en Twitter (Se abre en una ventana nueva)<\/span><\/a><\/li><li class=\"share-facebook\"><a rel=\"nofollow noopener noreferrer\" data-shared=\"sharing-facebook-35645\" class=\"share-facebook sd-button share-icon no-text\" href=\"http:\/\/www.rtvnoticias.com.ar\/?p=35645&amp;share=facebook\" target=\"_blank\" title=\"Haz clic para compartir en Facebook\"><span><\/span><span class=\"sharing-screen-reader-text\">Haz clic para compartir en Facebook (Se abre en una ventana nueva)<\/span><\/a><\/li><li class=\"share-jetpack-whatsapp\"><a rel=\"nofollow noopener noreferrer\" data-shared=\"\" class=\"share-jetpack-whatsapp sd-button share-icon no-text\" href=\"http:\/\/www.rtvnoticias.com.ar\/?p=35645&amp;share=jetpack-whatsapp\" target=\"_blank\" title=\"Haz clic para compartir en WhatsApp\"><span><\/span><span class=\"sharing-screen-reader-text\">Haz clic para compartir en WhatsApp (Se abre en una ventana nueva)<\/span><\/a><\/li><li class=\"share-telegram\"><a rel=\"nofollow noopener noreferrer\" data-shared=\"\" class=\"share-telegram sd-button share-icon no-text\" href=\"http:\/\/www.rtvnoticias.com.ar\/?p=35645&amp;share=telegram\" target=\"_blank\" title=\"Haz clic para compartir en Telegram\"><span><\/span><span class=\"sharing-screen-reader-text\">Haz clic para compartir en Telegram (Se abre en una ventana nueva)<\/span><\/a><\/li><li class=\"share-end\"><\/li><\/ul><\/div><\/div><\/div>","protected":false},"author":5,"featured_media":0,"comment_status":"closed","ping_status":"closed","sticky":false,"template":"","format":"standard","meta":{"spay_email":"","jetpack_publicize_message":"","jetpack_is_tweetstorm":false,"jetpack_publicize_feature_enabled":true},"categories":[1],"tags":[],"jetpack_featured_media_url":"","jetpack_publicize_connections":[],"jetpack_sharing_enabled":true,"_links":{"self":[{"href":"http:\/\/www.rtvnoticias.com.ar\/index.php?rest_route=\/wp\/v2\/posts\/35645"}],"collection":[{"href":"http:\/\/www.rtvnoticias.com.ar\/index.php?rest_route=\/wp\/v2\/posts"}],"about":[{"href":"http:\/\/www.rtvnoticias.com.ar\/index.php?rest_route=\/wp\/v2\/types\/post"}],"author":[{"embeddable":true,"href":"http:\/\/www.rtvnoticias.com.ar\/index.php?rest_route=\/wp\/v2\/users\/5"}],"replies":[{"embeddable":true,"href":"http:\/\/www.rtvnoticias.com.ar\/index.php?rest_route=%2Fwp%2Fv2%2Fcomments&post=35645"}],"version-history":[{"count":1,"href":"http:\/\/www.rtvnoticias.com.ar\/index.php?rest_route=\/wp\/v2\/posts\/35645\/revisions"}],"predecessor-version":[{"id":35646,"href":"http:\/\/www.rtvnoticias.com.ar\/index.php?rest_route=\/wp\/v2\/posts\/35645\/revisions\/35646"}],"wp:attachment":[{"href":"http:\/\/www.rtvnoticias.com.ar\/index.php?rest_route=%2Fwp%2Fv2%2Fmedia&parent=35645"}],"wp:term":[{"taxonomy":"category","embeddable":true,"href":"http:\/\/www.rtvnoticias.com.ar\/index.php?rest_route=%2Fwp%2Fv2%2Fcategories&post=35645"},{"taxonomy":"post_tag","embeddable":true,"href":"http:\/\/www.rtvnoticias.com.ar\/index.php?rest_route=%2Fwp%2Fv2%2Ftags&post=35645"}],"curies":[{"name":"wp","href":"https:\/\/api.w.org\/{rel}","templated":true}]}}