{"id":35674,"date":"2023-02-22T08:46:19","date_gmt":"2023-02-22T11:46:19","guid":{"rendered":"http:\/\/www.rtvnoticias.com.ar\/?p=35674"},"modified":"2023-02-22T08:48:09","modified_gmt":"2023-02-22T11:48:09","slug":"segun-la-came-el-turismo-pampeano-se-vio-favorecido-por-los-carnavales","status":"publish","type":"post","link":"http:\/\/www.rtvnoticias.com.ar\/?p=35674","title":{"rendered":"Seg\u00fan la CAME, el turismo pampeano se vio favorecido por los carnavales"},"content":{"rendered":"\n<p><strong>&nbsp;El gasto promedio diario por persona se ubic\u00f3 en $7.600 y la estad\u00eda en 2,9 noches.<\/strong><\/p>\n\n\n\n<p>El primer fin de semana largo del a\u00f1o, el Carnaval, bati\u00f3 todos los r\u00e9cords. Viajaron casi tres millones de turistas por la Argentina, 6,4% m\u00e1s que el a\u00f1o pasado, y dejaron un impacto econ\u00f3mico directo de $106.704 millones en alimentos, bebidas, alojamiento, transporte, recreaci\u00f3n y compras diversas. Esto representa un 15,3% m\u00e1s, a precios constantes, frente al mismo fin de semana del 2022.<\/p>\n\n\n\n<p>El informe de CAME cita que en La Pampa \u201chubo carnavales en cada rinc\u00f3n de la provincia, destac\u00e1ndose los de Speluzzi, Santa Rosa, General Acha, La Adela, Alpachiri y Uriburu entre los m\u00e1s concurridos\u201d.<\/p>\n\n\n\n<p>Los turistas fueron principalmente de la misma provincia y de la regi\u00f3n. Adem\u00e1s de los festejos, los visitantes recorrieron las atracciones naturales, donde se destac\u00f3 la Reserva Parque Luro.<\/p>\n\n\n\n<p>El fuerte de la provincia es el turismo rural, pero cada vez son m\u00e1s reconocidas sus termas, sus reservas naturales y su ruta del vino.<\/p>\n\n\n\n<p>De acuerdo al sondeo y lo informado por los distintos actores tur\u00edsticos, el saldo durante el fin de semana largo de carnaval 2023 ha sido muy positivo con niveles de actividad muy satisfactorios en casi toda la Provincia.<\/p>\n\n\n\n<p>En la Reserva Parque Luro, el concesionario Churrinche llev\u00f3 a cabo una caminata nocturna guiada, con interpretaci\u00f3n ambiental e hist\u00f3rica con cupos completos, los d\u00edas s\u00e1bado y domingo, en una experiencia que los visitantes calificaron muy positivamente, en grupos de 20 a 25 personas en cada salida. Asimismo, fue muy buena la ocupaci\u00f3n en lo que es caba\u00f1as, camping, pileta y restaurant. La Reserva adem\u00e1s registr\u00f3 1400 visitantes durante el fin de semana extra largo.<br>Unas 70 personas disfrutaron del infinito cielo pampeano con los telescopios de Astrodivulgadores a la orilla del r\u00edo Colorado, en La Adela. En la noche del s\u00e1bado, en el marco de la 10\u00b0 traves\u00eda en Kayak organizado por La Luna (Pesca y Camping).<\/p>\n\n\n\n<p>El prestador de servicios tur\u00edsticos La Luna Pesca y Camping llev\u00f3 a cabo la 10\u00b0 Traves\u00eda en el rio Colorado, con un recorrido de 70 km desde Valle Truncado a La Adela. Fueron unos 70 participantes procedentes de Pilar, Olivos, Mercedes, Rio Cuarto, San Luis, Darregueira, Bah\u00eda Blanca y de distintos puntos de la Provincia participaron de las dos noches de campamento a lo que se sum\u00f3 la noche de carnaval en la localidad de La Adela. El s\u00e1bado se sum\u00f3 el servicio de Astrodivulgadores, a unos 30 km de La Adela, sobre la costa, en lo que constituy\u00f3 seg\u00fan los organizadores, uno de los mejores cielos nocturnos observados hasta ahora en la Provincia.<\/p>\n\n\n\n<p>General Acha una vez m\u00e1s, vio desbordada su capacidad de alojamiento durante el fin de semana, promediando un 90%. Recibi\u00f3 muchas consultas, no solo telef\u00f3nicas, sino tambi\u00e9n de manera presencial en la oficina de informes. Mas de 10.000 personas participaron de los carnavales en los tres d\u00edas destacando lo novedoso de esta oportunidad, ya que se realiz\u00f3 en el Parque Campos.<\/p>\n\n\n\n<p>25 de Mayo: Desde esta localidad se inform\u00f3 un excelente movimiento tur\u00edstico con los alojamientos al 90 % en promedio durante todo el fin de semana largo. Hubo un intenso tr\u00e1nsito en los corredores hacia el sur con registro de visitas en el mirador de las cuatro provincias y el parque cret\u00e1cico. Los carnavales en esta localidad congregaron unos 3.000 participantes durante dos d\u00edas.<\/p>\n\n\n\n<p>Victorica tuvo una ocupaci\u00f3n en sus alojamientos del 80% en promedio. Se llev\u00f3 a cabo la Feria de artesanos con buena concurrencia de p\u00fablico local y de la zona.<\/p>\n\n\n\n<p>La Adela fue otro de los destinos con excelente ocupaci\u00f3n hotelera promediando un 95%. Cabe destacar un evento en el camping con la participaci\u00f3n de 100 kayakistas de diferentes localidades. Las actividades n\u00e1uticas y de kayak fueron muy requeridas por los turistas presentes.<\/p>\n\n\n\n<p>En Colonia Bar\u00f3n, el natatorio durante todo el fin de semana largo recibi\u00f3 m\u00e1s de 600 personas provenientes principalmente de distintas localidades de La Pampa, Se llevaron a cabo distintos eventos culturales y shows musicales con buena convocatoria.<\/p>\n\n\n\n<p>Santa Isabel report\u00f3 gran movimiento tur\u00edstico en cuanto al tr\u00e1nsito sobre la Ruta Nacional N\u00ba 143. En cuanto a los carnavales en la plaza reuni\u00f3 unas 400 personas.<\/p>\n\n\n\n<p>En General Pico la ocupaci\u00f3n hotelera estuvo en el orden del 90% promedio durante el fin de semana. Se observ\u00f3 muy buena convocatoria en las actividades programadas. Pe\u00f1a en el Parador, Copa carnaval en el Club H\u00edpico Marac\u00f3 y Campeonato de F\u00fatbol \u00abCebollitas 2000\u00bb en Ferro Carril Oeste.<\/p>\n\n\n\n<p>Realic\u00f3 inform\u00f3 un intenso movimiento tur\u00edstico en las rutas nacionales N\u00ba 35 y N\u00ba 188. Esto hace que la ocupaci\u00f3n hotelera est\u00e9 en un promedio de un 90% La gastronom\u00eda tambi\u00e9n se vio con buenos niveles de venta durante el fin de semana largo en el Corredor Tur\u00edstico de la RN188.<\/p>\n\n\n\n<p>En la Villa Tur\u00edstica Casa de Piedra el porcentaje de ocupaci\u00f3n fue de 85% promedio. La playa sobre el r\u00edo estuvo muy concurrida particularmente s\u00e1bado y domingo. El lago tambi\u00e9n, convoc\u00f3 a varios pescadores.<\/p>\n\n\n\n<p>En Santa Rosa, seg\u00fan inform\u00f3 la Asociaci\u00f3n Empresaria Hotelera, el promedio de ocupaci\u00f3n estuvo alrededor del 75% considerando los cuatro d\u00edas feriados. Destacando que el d\u00eda s\u00e1bado se registr\u00f3 ocupaci\u00f3n plena, teniendo que derivar gente a las localidades cercanas como Winifreda, Ataliva Roca y otras.<\/p>\n\n\n\n<p>En lo relacionado al turismo rural, en general la actividad se mantuvo en niveles medios, seg\u00fan lo reportado, con un promedio de ocupaci\u00f3n del 45%. Algunos establecimientos informaron menor actividad que para el mismo per\u00edodo del a\u00f1o pasado. Cabe destacar que el periodo estival no es la temporada alta en esta modalidad de turismo en La Pampa. Se destac\u00f3 el intenso tr\u00e1nsito por los grandes corredores tur\u00edsticos nacionales.<\/p>\n<div class=\"sharedaddy sd-sharing-enabled\"><div class=\"robots-nocontent sd-block sd-social sd-social-icon sd-sharing\"><h3 class=\"sd-title\">Comparte esto:<\/h3><div class=\"sd-content\"><ul><li class=\"share-twitter\"><a rel=\"nofollow noopener noreferrer\" data-shared=\"sharing-twitter-35674\" class=\"share-twitter sd-button share-icon no-text\" href=\"http:\/\/www.rtvnoticias.com.ar\/?p=35674&amp;share=twitter\" target=\"_blank\" title=\"Haz clic para compartir en Twitter\"><span><\/span><span class=\"sharing-screen-reader-text\">Haz clic para compartir en Twitter (Se abre en una ventana nueva)<\/span><\/a><\/li><li class=\"share-facebook\"><a rel=\"nofollow noopener noreferrer\" data-shared=\"sharing-facebook-35674\" class=\"share-facebook sd-button share-icon no-text\" href=\"http:\/\/www.rtvnoticias.com.ar\/?p=35674&amp;share=facebook\" target=\"_blank\" title=\"Haz clic para compartir en Facebook\"><span><\/span><span class=\"sharing-screen-reader-text\">Haz clic para compartir en Facebook (Se abre en una ventana nueva)<\/span><\/a><\/li><li class=\"share-jetpack-whatsapp\"><a rel=\"nofollow noopener noreferrer\" data-shared=\"\" class=\"share-jetpack-whatsapp sd-button share-icon no-text\" href=\"http:\/\/www.rtvnoticias.com.ar\/?p=35674&amp;share=jetpack-whatsapp\" target=\"_blank\" title=\"Haz clic para compartir en WhatsApp\"><span><\/span><span class=\"sharing-screen-reader-text\">Haz clic para compartir en WhatsApp (Se abre en una ventana nueva)<\/span><\/a><\/li><li class=\"share-telegram\"><a rel=\"nofollow noopener noreferrer\" data-shared=\"\" class=\"share-telegram sd-button share-icon no-text\" href=\"http:\/\/www.rtvnoticias.com.ar\/?p=35674&amp;share=telegram\" target=\"_blank\" title=\"Haz clic para compartir en Telegram\"><span><\/span><span class=\"sharing-screen-reader-text\">Haz clic para compartir en Telegram (Se abre en una ventana nueva)<\/span><\/a><\/li><li class=\"share-end\"><\/li><\/ul><\/div><\/div><\/div>","protected":false},"excerpt":{"rendered":"<p>&nbsp;El gasto promedio diario por persona se ubic\u00f3 en $7.600 y la estad\u00eda en 2,9 noches. El primer fin de semana largo del a\u00f1o, el<\/p>\n<div class=\"sharedaddy sd-sharing-enabled\"><div class=\"robots-nocontent sd-block sd-social sd-social-icon sd-sharing\"><h3 class=\"sd-title\">Comparte esto:<\/h3><div class=\"sd-content\"><ul><li class=\"share-twitter\"><a rel=\"nofollow noopener noreferrer\" data-shared=\"sharing-twitter-35674\" class=\"share-twitter sd-button share-icon no-text\" href=\"http:\/\/www.rtvnoticias.com.ar\/?p=35674&amp;share=twitter\" target=\"_blank\" title=\"Haz clic para compartir en Twitter\"><span><\/span><span class=\"sharing-screen-reader-text\">Haz clic para compartir en Twitter (Se abre en una ventana nueva)<\/span><\/a><\/li><li class=\"share-facebook\"><a rel=\"nofollow noopener noreferrer\" data-shared=\"sharing-facebook-35674\" class=\"share-facebook sd-button share-icon no-text\" href=\"http:\/\/www.rtvnoticias.com.ar\/?p=35674&amp;share=facebook\" target=\"_blank\" title=\"Haz clic para compartir en Facebook\"><span><\/span><span class=\"sharing-screen-reader-text\">Haz clic para compartir en Facebook (Se abre en una ventana nueva)<\/span><\/a><\/li><li class=\"share-jetpack-whatsapp\"><a rel=\"nofollow noopener noreferrer\" data-shared=\"\" class=\"share-jetpack-whatsapp sd-button share-icon no-text\" href=\"http:\/\/www.rtvnoticias.com.ar\/?p=35674&amp;share=jetpack-whatsapp\" target=\"_blank\" title=\"Haz clic para compartir en WhatsApp\"><span><\/span><span class=\"sharing-screen-reader-text\">Haz clic para compartir en WhatsApp (Se abre en una ventana nueva)<\/span><\/a><\/li><li class=\"share-telegram\"><a rel=\"nofollow noopener noreferrer\" data-shared=\"\" class=\"share-telegram sd-button share-icon no-text\" href=\"http:\/\/www.rtvnoticias.com.ar\/?p=35674&amp;share=telegram\" target=\"_blank\" title=\"Haz clic para compartir en Telegram\"><span><\/span><span class=\"sharing-screen-reader-text\">Haz clic para compartir en Telegram (Se abre en una ventana nueva)<\/span><\/a><\/li><li class=\"share-end\"><\/li><\/ul><\/div><\/div><\/div>","protected":false},"author":7,"featured_media":35670,"comment_status":"closed","ping_status":"closed","sticky":false,"template":"","format":"standard","meta":{"spay_email":"","jetpack_publicize_message":"","jetpack_is_tweetstorm":false,"jetpack_publicize_feature_enabled":true},"categories":[4],"tags":[],"jetpack_featured_media_url":"http:\/\/www.rtvnoticias.com.ar\/wp-content\/uploads\/2023\/02\/carnaval.jpg","jetpack_publicize_connections":[],"jetpack_sharing_enabled":true,"_links":{"self":[{"href":"http:\/\/www.rtvnoticias.com.ar\/index.php?rest_route=\/wp\/v2\/posts\/35674"}],"collection":[{"href":"http:\/\/www.rtvnoticias.com.ar\/index.php?rest_route=\/wp\/v2\/posts"}],"about":[{"href":"http:\/\/www.rtvnoticias.com.ar\/index.php?rest_route=\/wp\/v2\/types\/post"}],"author":[{"embeddable":true,"href":"http:\/\/www.rtvnoticias.com.ar\/index.php?rest_route=\/wp\/v2\/users\/7"}],"replies":[{"embeddable":true,"href":"http:\/\/www.rtvnoticias.com.ar\/index.php?rest_route=%2Fwp%2Fv2%2Fcomments&post=35674"}],"version-history":[{"count":2,"href":"http:\/\/www.rtvnoticias.com.ar\/index.php?rest_route=\/wp\/v2\/posts\/35674\/revisions"}],"predecessor-version":[{"id":35677,"href":"http:\/\/www.rtvnoticias.com.ar\/index.php?rest_route=\/wp\/v2\/posts\/35674\/revisions\/35677"}],"wp:featuredmedia":[{"embeddable":true,"href":"http:\/\/www.rtvnoticias.com.ar\/index.php?rest_route=\/wp\/v2\/media\/35670"}],"wp:attachment":[{"href":"http:\/\/www.rtvnoticias.com.ar\/index.php?rest_route=%2Fwp%2Fv2%2Fmedia&parent=35674"}],"wp:term":[{"taxonomy":"category","embeddable":true,"href":"http:\/\/www.rtvnoticias.com.ar\/index.php?rest_route=%2Fwp%2Fv2%2Fcategories&post=35674"},{"taxonomy":"post_tag","embeddable":true,"href":"http:\/\/www.rtvnoticias.com.ar\/index.php?rest_route=%2Fwp%2Fv2%2Ftags&post=35674"}],"curies":[{"name":"wp","href":"https:\/\/api.w.org\/{rel}","templated":true}]}}