{"id":35684,"date":"2023-02-22T10:19:29","date_gmt":"2023-02-22T13:19:29","guid":{"rendered":"http:\/\/www.rtvnoticias.com.ar\/?p=35684"},"modified":"2023-02-22T10:19:32","modified_gmt":"2023-02-22T13:19:32","slug":"carnicerias-se-pone-en-marcha-reintegro-del-10-para-compras-con-tarjeta","status":"publish","type":"post","link":"http:\/\/www.rtvnoticias.com.ar\/?p=35684","title":{"rendered":"Carnicer\u00edas: se pone en marcha reintegro del 10% para compras con tarjeta"},"content":{"rendered":"\n<p class=\"has-text-align-center\"><strong>Ser\u00e1 desde el 1\u00b0 de marzo. Las carnicer\u00edas cuyo due\u00f1o sea monotributista con hasta tres empleados o que sea aut\u00f3nomo ser\u00e1n inscriptos directamente por AFIP en un registro especial.<\/strong><\/p>\n\n\n\n<p>La Afip estableci\u00f3 el r\u00e9gimen de reintegros del 10% para consumidores finales que realicen compras en carnicer\u00edas con tarjeta de d\u00e9bito, prepagas o similares asociadas a cuentas abiertas en entidades financieras o fintech.<\/p>\n\n\n\n<p>La medida entrar\u00e1 en vigencia el 1\u00b0 de marzo, hasta el 31 de diciembre de este a\u00f1o, e incluye un diferimiento por 90 d\u00edas en el pago de obligaciones impositivas a los comercios enmarcados en esta actividad.<\/p>\n\n\n\n<p>El beneficio instrumentado a partir de la Resoluci\u00f3n General 5330 publicada en el Bolet\u00edn Oficial consiste en un reintegro del 10% del monto de la operaci\u00f3n realizada en establecimientos dedicados a la comercializaci\u00f3n de carne vacuna, con un tope de devoluci\u00f3n de hasta $2.000 mensuales.<\/p>\n\n\n\n<p>Estar\u00e1 vigente para las transacciones mediante terminales de pago como por medio de c\u00f3digos QR.<\/p>\n\n\n\n<p>Las entidades financieras deber\u00e1n acreditar la suma en las cuentas de los consumidores finales a los cuatro d\u00edas de concretada la operaci\u00f3n, y el detalle deber\u00e1 figurar en el resumen de cuenta f\u00edsico o electr\u00f3nico de los clientes.<\/p>\n\n\n\n<p>Para ello, el organismo conducido por Carlos Castagneto cre\u00f3 un nuevo \u201cRegistro de carnicer\u00edas\u201d.<\/p>\n\n\n\n<p>Los comercios que revistan la categor\u00eda de Responsable Inscripto o sean monotributistas con hasta tres empleados declarados, ser\u00e1n incorporados de manera autom\u00e1tica.<\/p>\n\n\n\n<p>El resto de los contribuyentes deber\u00e1 inscribirse a trav\u00e9s del Sistema Registral del sitio web del organismo.<\/p>\n\n\n\n<p>All\u00ed deber\u00e1n seleccionar la opci\u00f3n \u201cRegistros Especiales\u201d, opci\u00f3n \u201cCaracter\u00edsticas y Registros Especiales\u201d y seleccionar la caracterizaci\u00f3n \u201cCarnicer\u00edas Minoristas &#8211; R\u00e9gimen de reintegro\u201d.<\/p>\n\n\n\n<p>Al mismo tiempo y como parte del programa integral de impulso a la producci\u00f3n y consumo de carne vacuna anunciado esta semana por el Gobierno nacional, la norma otorga a los comercios inscriptos en el r\u00e9gimen tres meses de gracia para el pago del IVA o del componente impositivo del monotributo en los casos en que est\u00e9n adheridos al r\u00e9gimen simplificado.<\/p>\n\n\n\n<p>Los consumidores podr\u00e1n acceder al listado de comercios inscriptos en el sitio web de la AFIP, as\u00ed como el de las entidades financieras y fintech que se incorporen al r\u00e9gimen de reintegros. El objetivo de esta medida es estimular la formalizaci\u00f3n de la econom\u00eda y el cumplimiento tributario.<\/p>\n<div class=\"sharedaddy sd-sharing-enabled\"><div class=\"robots-nocontent sd-block sd-social sd-social-icon sd-sharing\"><h3 class=\"sd-title\">Comparte esto:<\/h3><div class=\"sd-content\"><ul><li class=\"share-twitter\"><a rel=\"nofollow noopener noreferrer\" data-shared=\"sharing-twitter-35684\" class=\"share-twitter sd-button share-icon no-text\" href=\"http:\/\/www.rtvnoticias.com.ar\/?p=35684&amp;share=twitter\" target=\"_blank\" title=\"Haz clic para compartir en Twitter\"><span><\/span><span class=\"sharing-screen-reader-text\">Haz clic para compartir en Twitter (Se abre en una ventana nueva)<\/span><\/a><\/li><li class=\"share-facebook\"><a rel=\"nofollow noopener noreferrer\" data-shared=\"sharing-facebook-35684\" class=\"share-facebook sd-button share-icon no-text\" href=\"http:\/\/www.rtvnoticias.com.ar\/?p=35684&amp;share=facebook\" target=\"_blank\" title=\"Haz clic para compartir en Facebook\"><span><\/span><span class=\"sharing-screen-reader-text\">Haz clic para compartir en Facebook (Se abre en una ventana nueva)<\/span><\/a><\/li><li class=\"share-jetpack-whatsapp\"><a rel=\"nofollow noopener noreferrer\" data-shared=\"\" class=\"share-jetpack-whatsapp sd-button share-icon no-text\" href=\"http:\/\/www.rtvnoticias.com.ar\/?p=35684&amp;share=jetpack-whatsapp\" target=\"_blank\" title=\"Haz clic para compartir en WhatsApp\"><span><\/span><span class=\"sharing-screen-reader-text\">Haz clic para compartir en WhatsApp (Se abre en una ventana nueva)<\/span><\/a><\/li><li class=\"share-telegram\"><a rel=\"nofollow noopener noreferrer\" data-shared=\"\" class=\"share-telegram sd-button share-icon no-text\" href=\"http:\/\/www.rtvnoticias.com.ar\/?p=35684&amp;share=telegram\" target=\"_blank\" title=\"Haz clic para compartir en Telegram\"><span><\/span><span class=\"sharing-screen-reader-text\">Haz clic para compartir en Telegram (Se abre en una ventana nueva)<\/span><\/a><\/li><li class=\"share-end\"><\/li><\/ul><\/div><\/div><\/div>","protected":false},"excerpt":{"rendered":"<p>Ser\u00e1 desde el 1\u00b0 de marzo. Las carnicer\u00edas cuyo due\u00f1o sea monotributista con hasta tres empleados o que sea aut\u00f3nomo ser\u00e1n inscriptos directamente por AFIP<\/p>\n<div class=\"sharedaddy sd-sharing-enabled\"><div class=\"robots-nocontent sd-block sd-social sd-social-icon sd-sharing\"><h3 class=\"sd-title\">Comparte esto:<\/h3><div class=\"sd-content\"><ul><li class=\"share-twitter\"><a rel=\"nofollow noopener noreferrer\" data-shared=\"sharing-twitter-35684\" class=\"share-twitter sd-button share-icon no-text\" href=\"http:\/\/www.rtvnoticias.com.ar\/?p=35684&amp;share=twitter\" target=\"_blank\" title=\"Haz clic para compartir en Twitter\"><span><\/span><span class=\"sharing-screen-reader-text\">Haz clic para compartir en Twitter (Se abre en una ventana nueva)<\/span><\/a><\/li><li class=\"share-facebook\"><a rel=\"nofollow noopener noreferrer\" data-shared=\"sharing-facebook-35684\" class=\"share-facebook sd-button share-icon no-text\" href=\"http:\/\/www.rtvnoticias.com.ar\/?p=35684&amp;share=facebook\" target=\"_blank\" title=\"Haz clic para compartir en Facebook\"><span><\/span><span class=\"sharing-screen-reader-text\">Haz clic para compartir en Facebook (Se abre en una ventana nueva)<\/span><\/a><\/li><li class=\"share-jetpack-whatsapp\"><a rel=\"nofollow noopener noreferrer\" data-shared=\"\" class=\"share-jetpack-whatsapp sd-button share-icon no-text\" href=\"http:\/\/www.rtvnoticias.com.ar\/?p=35684&amp;share=jetpack-whatsapp\" target=\"_blank\" title=\"Haz clic para compartir en WhatsApp\"><span><\/span><span class=\"sharing-screen-reader-text\">Haz clic para compartir en WhatsApp (Se abre en una ventana nueva)<\/span><\/a><\/li><li class=\"share-telegram\"><a rel=\"nofollow noopener noreferrer\" data-shared=\"\" class=\"share-telegram sd-button share-icon no-text\" href=\"http:\/\/www.rtvnoticias.com.ar\/?p=35684&amp;share=telegram\" target=\"_blank\" title=\"Haz clic para compartir en Telegram\"><span><\/span><span class=\"sharing-screen-reader-text\">Haz clic para compartir en Telegram (Se abre en una ventana nueva)<\/span><\/a><\/li><li class=\"share-end\"><\/li><\/ul><\/div><\/div><\/div>","protected":false},"author":7,"featured_media":25185,"comment_status":"closed","ping_status":"closed","sticky":false,"template":"","format":"standard","meta":{"spay_email":"","jetpack_publicize_message":"","jetpack_is_tweetstorm":false,"jetpack_publicize_feature_enabled":true},"categories":[5],"tags":[],"jetpack_featured_media_url":"http:\/\/www.rtvnoticias.com.ar\/wp-content\/uploads\/2021\/01\/carnicer\u00eda.jpg","jetpack_publicize_connections":[],"jetpack_sharing_enabled":true,"_links":{"self":[{"href":"http:\/\/www.rtvnoticias.com.ar\/index.php?rest_route=\/wp\/v2\/posts\/35684"}],"collection":[{"href":"http:\/\/www.rtvnoticias.com.ar\/index.php?rest_route=\/wp\/v2\/posts"}],"about":[{"href":"http:\/\/www.rtvnoticias.com.ar\/index.php?rest_route=\/wp\/v2\/types\/post"}],"author":[{"embeddable":true,"href":"http:\/\/www.rtvnoticias.com.ar\/index.php?rest_route=\/wp\/v2\/users\/7"}],"replies":[{"embeddable":true,"href":"http:\/\/www.rtvnoticias.com.ar\/index.php?rest_route=%2Fwp%2Fv2%2Fcomments&post=35684"}],"version-history":[{"count":1,"href":"http:\/\/www.rtvnoticias.com.ar\/index.php?rest_route=\/wp\/v2\/posts\/35684\/revisions"}],"predecessor-version":[{"id":35685,"href":"http:\/\/www.rtvnoticias.com.ar\/index.php?rest_route=\/wp\/v2\/posts\/35684\/revisions\/35685"}],"wp:featuredmedia":[{"embeddable":true,"href":"http:\/\/www.rtvnoticias.com.ar\/index.php?rest_route=\/wp\/v2\/media\/25185"}],"wp:attachment":[{"href":"http:\/\/www.rtvnoticias.com.ar\/index.php?rest_route=%2Fwp%2Fv2%2Fmedia&parent=35684"}],"wp:term":[{"taxonomy":"category","embeddable":true,"href":"http:\/\/www.rtvnoticias.com.ar\/index.php?rest_route=%2Fwp%2Fv2%2Fcategories&post=35684"},{"taxonomy":"post_tag","embeddable":true,"href":"http:\/\/www.rtvnoticias.com.ar\/index.php?rest_route=%2Fwp%2Fv2%2Ftags&post=35684"}],"curies":[{"name":"wp","href":"https:\/\/api.w.org\/{rel}","templated":true}]}}