{"id":35686,"date":"2023-02-22T10:50:26","date_gmt":"2023-02-22T13:50:26","guid":{"rendered":"http:\/\/www.rtvnoticias.com.ar\/?p=35686"},"modified":"2023-02-22T10:50:30","modified_gmt":"2023-02-22T13:50:30","slug":"kelly-olmos-los-sindicatos-tendran-que-adecuar-sus-expectativas-salariales-al-60-anual","status":"publish","type":"post","link":"http:\/\/www.rtvnoticias.com.ar\/?p=35686","title":{"rendered":"Kelly Olmos: \u00abLos sindicatos tendr\u00e1n que adecuar sus expectativas salariales al 60% anual\u00bb"},"content":{"rendered":"\n<p>La ministra de Trabajo, Raquel \u00abKelly\u00bb Olmos, consider\u00f3 hoy que la inflaci\u00f3n \u00abno est\u00e1 descontrolada\u00bb y sostuvo que los sindicatos tendr\u00e1n que adecuar sus expectativas salariales en torno al 60% anual previsto en el Presupuesto.<\/p>\n\n\n\n<p>Olmos dijo que \u00absi se analizan los incrementos ya establecidos en las paritarias que se cerraron en revisiones del a\u00f1o pasado, el promedio de las m\u00e1s significativas daba para este mes un incremento salarial de 6 puntos y medio\u00bb.<\/p>\n\n\n\n<p>\u00abEsto quiere decir que ten\u00edamos una expectativa de mayor recomposici\u00f3n, pero lo que hemos logrado ha sido una capacidad de adelantarnos al \u00edndice que se ha dado\u201d, destac\u00f3.<\/p>\n\n\n\n<p>Dijo que se est\u00e1 \u201cen un rango entre 5 y 6%. Nosotros ratificamos la meta del 60% anual. No es algo que se pueda procesar con exactitud matem\u00e1tica, pero estamos trabajando todos para alcanzar el objetivo\u201d.<\/p>\n\n\n\n<p>Para la ministra, las revisiones de las paritarias se concretan \u00absobre la base de la confianza que genera el gobierno en esta materia\u00bb.<\/p>\n\n\n\n<p>Sostuvo que \u00abel a\u00f1o pasado, cuando se dispar\u00f3 la inflaci\u00f3n, fue el propio gobierno el que convoc\u00f3 a las partes para revisar los n\u00fameros\u00bb.<\/p>\n\n\n\n<p>Indic\u00f3 que \u00abse pueden poner revisiones m\u00e1s acotadas en el tiempo. Eso no modifica sustancialmente (la negociaci\u00f3n). Si la paritaria alcanz\u00f3 un nivel donde no hay una dispersi\u00f3n significativa, la revisi\u00f3n se soslaya o no tiene impacto directo. Si no se ha previsto y la inflaci\u00f3n tiene un incremento (\u2026) se convoca a las partes a pedido de una de ellas o por propia iniciativa de gobierno\u00bb.<\/p>\n\n\n\n<p>En declaraciones radiales, Olmos dijo que la inflaci\u00f3n \u00abtiene procesos que son espec\u00edficamente dif\u00edciles en un contexto cultural donde la inflaci\u00f3n est\u00e1 muy incorporada\u00bb.<\/p>\n\n\n\n<p>En ese punto, afirm\u00f3 que \u00abac\u00e1 la gran destrucci\u00f3n de la capacidad adquisitiva ha sido durante 2018 a 2019. Durante la gesti\u00f3n de macrismo, en tres de los cuatro a\u00f1os, se deterior\u00f3 la cantidad de empleo y se demoli\u00f3 la capacidad adquisitiva de los salarios\u00bb.<\/p>\n\n\n\n<p>\u00abEn alta inflaci\u00f3n hay dos factores muy importantes. Uno es la inercia y el otro son las expectativas\u00bb, sostuvo.<\/p>\n\n\n\n<p>Dijo que \u00abla inercia tiene que ver con la cultura para defendernos de estos procesos inflacionarios que hoy est\u00e1n muy influidos por la guerra y la pospandemia, pero que en Argentina tienen una incidencia mayor y las expectativas son las que intentamos moderar construyendo revisiones semestrales\u00bb.<\/p>\n\n\n\n<p>Olmos destac\u00f3 que el gobierno est\u00e1 trabajando para que la inflaci\u00f3n descienda.<\/p>\n\n\n\n<p>\u00abNo lo podemos hacer por un shock porque eso implicar\u00eda un gran deterioro sobre los sectores m\u00e1s humildes. Hay que hacerlo con un gradualismo donde act\u00faan factores internos y externos, como la sequ\u00eda y el aumento de tasas de inter\u00e9s\u00bb, se\u00f1al\u00f3.<\/p>\n<div class=\"sharedaddy sd-sharing-enabled\"><div class=\"robots-nocontent sd-block sd-social sd-social-icon sd-sharing\"><h3 class=\"sd-title\">Comparte esto:<\/h3><div class=\"sd-content\"><ul><li class=\"share-twitter\"><a rel=\"nofollow noopener noreferrer\" data-shared=\"sharing-twitter-35686\" class=\"share-twitter sd-button share-icon no-text\" href=\"http:\/\/www.rtvnoticias.com.ar\/?p=35686&amp;share=twitter\" target=\"_blank\" title=\"Haz clic para compartir en Twitter\"><span><\/span><span class=\"sharing-screen-reader-text\">Haz clic para compartir en Twitter (Se abre en una ventana nueva)<\/span><\/a><\/li><li class=\"share-facebook\"><a rel=\"nofollow noopener noreferrer\" data-shared=\"sharing-facebook-35686\" class=\"share-facebook sd-button share-icon no-text\" href=\"http:\/\/www.rtvnoticias.com.ar\/?p=35686&amp;share=facebook\" target=\"_blank\" title=\"Haz clic para compartir en Facebook\"><span><\/span><span class=\"sharing-screen-reader-text\">Haz clic para compartir en Facebook (Se abre en una ventana nueva)<\/span><\/a><\/li><li class=\"share-jetpack-whatsapp\"><a rel=\"nofollow noopener noreferrer\" data-shared=\"\" class=\"share-jetpack-whatsapp sd-button share-icon no-text\" href=\"http:\/\/www.rtvnoticias.com.ar\/?p=35686&amp;share=jetpack-whatsapp\" target=\"_blank\" title=\"Haz clic para compartir en WhatsApp\"><span><\/span><span class=\"sharing-screen-reader-text\">Haz clic para compartir en WhatsApp (Se abre en una ventana nueva)<\/span><\/a><\/li><li class=\"share-telegram\"><a rel=\"nofollow noopener noreferrer\" data-shared=\"\" class=\"share-telegram sd-button share-icon no-text\" href=\"http:\/\/www.rtvnoticias.com.ar\/?p=35686&amp;share=telegram\" target=\"_blank\" title=\"Haz clic para compartir en Telegram\"><span><\/span><span class=\"sharing-screen-reader-text\">Haz clic para compartir en Telegram (Se abre en una ventana nueva)<\/span><\/a><\/li><li class=\"share-end\"><\/li><\/ul><\/div><\/div><\/div>","protected":false},"excerpt":{"rendered":"<p>La ministra de Trabajo, Raquel \u00abKelly\u00bb Olmos, consider\u00f3 hoy que la inflaci\u00f3n \u00abno est\u00e1 descontrolada\u00bb y sostuvo que los sindicatos tendr\u00e1n que adecuar sus expectativas<\/p>\n<div class=\"sharedaddy sd-sharing-enabled\"><div class=\"robots-nocontent sd-block sd-social sd-social-icon sd-sharing\"><h3 class=\"sd-title\">Comparte esto:<\/h3><div class=\"sd-content\"><ul><li class=\"share-twitter\"><a rel=\"nofollow noopener noreferrer\" data-shared=\"sharing-twitter-35686\" class=\"share-twitter sd-button share-icon no-text\" href=\"http:\/\/www.rtvnoticias.com.ar\/?p=35686&amp;share=twitter\" target=\"_blank\" title=\"Haz clic para compartir en Twitter\"><span><\/span><span class=\"sharing-screen-reader-text\">Haz clic para compartir en Twitter (Se abre en una ventana nueva)<\/span><\/a><\/li><li class=\"share-facebook\"><a rel=\"nofollow noopener noreferrer\" data-shared=\"sharing-facebook-35686\" class=\"share-facebook sd-button share-icon no-text\" href=\"http:\/\/www.rtvnoticias.com.ar\/?p=35686&amp;share=facebook\" target=\"_blank\" title=\"Haz clic para compartir en Facebook\"><span><\/span><span class=\"sharing-screen-reader-text\">Haz clic para compartir en Facebook (Se abre en una ventana nueva)<\/span><\/a><\/li><li class=\"share-jetpack-whatsapp\"><a rel=\"nofollow noopener noreferrer\" data-shared=\"\" class=\"share-jetpack-whatsapp sd-button share-icon no-text\" href=\"http:\/\/www.rtvnoticias.com.ar\/?p=35686&amp;share=jetpack-whatsapp\" target=\"_blank\" title=\"Haz clic para compartir en WhatsApp\"><span><\/span><span class=\"sharing-screen-reader-text\">Haz clic para compartir en WhatsApp (Se abre en una ventana nueva)<\/span><\/a><\/li><li class=\"share-telegram\"><a rel=\"nofollow noopener noreferrer\" data-shared=\"\" class=\"share-telegram sd-button share-icon no-text\" href=\"http:\/\/www.rtvnoticias.com.ar\/?p=35686&amp;share=telegram\" target=\"_blank\" title=\"Haz clic para compartir en Telegram\"><span><\/span><span class=\"sharing-screen-reader-text\">Haz clic para compartir en Telegram (Se abre en una ventana nueva)<\/span><\/a><\/li><li class=\"share-end\"><\/li><\/ul><\/div><\/div><\/div>","protected":false},"author":7,"featured_media":34607,"comment_status":"closed","ping_status":"closed","sticky":false,"template":"","format":"standard","meta":{"spay_email":"","jetpack_publicize_message":"","jetpack_is_tweetstorm":false,"jetpack_publicize_feature_enabled":true},"categories":[5],"tags":[],"jetpack_featured_media_url":"http:\/\/www.rtvnoticias.com.ar\/wp-content\/uploads\/2022\/11\/kelly-olmos-1.jpg","jetpack_publicize_connections":[],"jetpack_sharing_enabled":true,"_links":{"self":[{"href":"http:\/\/www.rtvnoticias.com.ar\/index.php?rest_route=\/wp\/v2\/posts\/35686"}],"collection":[{"href":"http:\/\/www.rtvnoticias.com.ar\/index.php?rest_route=\/wp\/v2\/posts"}],"about":[{"href":"http:\/\/www.rtvnoticias.com.ar\/index.php?rest_route=\/wp\/v2\/types\/post"}],"author":[{"embeddable":true,"href":"http:\/\/www.rtvnoticias.com.ar\/index.php?rest_route=\/wp\/v2\/users\/7"}],"replies":[{"embeddable":true,"href":"http:\/\/www.rtvnoticias.com.ar\/index.php?rest_route=%2Fwp%2Fv2%2Fcomments&post=35686"}],"version-history":[{"count":1,"href":"http:\/\/www.rtvnoticias.com.ar\/index.php?rest_route=\/wp\/v2\/posts\/35686\/revisions"}],"predecessor-version":[{"id":35687,"href":"http:\/\/www.rtvnoticias.com.ar\/index.php?rest_route=\/wp\/v2\/posts\/35686\/revisions\/35687"}],"wp:featuredmedia":[{"embeddable":true,"href":"http:\/\/www.rtvnoticias.com.ar\/index.php?rest_route=\/wp\/v2\/media\/34607"}],"wp:attachment":[{"href":"http:\/\/www.rtvnoticias.com.ar\/index.php?rest_route=%2Fwp%2Fv2%2Fmedia&parent=35686"}],"wp:term":[{"taxonomy":"category","embeddable":true,"href":"http:\/\/www.rtvnoticias.com.ar\/index.php?rest_route=%2Fwp%2Fv2%2Fcategories&post=35686"},{"taxonomy":"post_tag","embeddable":true,"href":"http:\/\/www.rtvnoticias.com.ar\/index.php?rest_route=%2Fwp%2Fv2%2Ftags&post=35686"}],"curies":[{"name":"wp","href":"https:\/\/api.w.org\/{rel}","templated":true}]}}