{"id":35692,"date":"2023-02-23T10:59:07","date_gmt":"2023-02-23T13:59:07","guid":{"rendered":"http:\/\/www.rtvnoticias.com.ar\/?p=35692"},"modified":"2023-02-23T10:59:10","modified_gmt":"2023-02-23T13:59:10","slug":"la-carta-que-justifica-la-ruptura-del-fdt","status":"publish","type":"post","link":"http:\/\/www.rtvnoticias.com.ar\/?p=35692","title":{"rendered":"La carta que justifica la ruptura del FdT"},"content":{"rendered":"\n<p>El senador nacional Guillermo Snopek envi\u00f3 una carta a la vicepresidenta Cristina Kirchner para informarle que, a partir del pr\u00f3ximo 1 de marzo, dejar\u00e1 de formar parte del bloque del Frente de Todos, a tan s\u00f3lo horas de que se conociera que presidir\u00e1 un nuevo bloque llamado Unidad Federal.<\/p>\n\n\n\n<p>\u00abMotiva mi decisi\u00f3n, en primer t\u00e9rmino, la distancia cada vez mayor que siento respecto al rumbo de gesti\u00f3n del presidente de la Naci\u00f3n, Alberto Fern\u00e1ndez, alejado -a mi humilde entender- de las prioridades que nuestro pueblo demanda\u00bb, argument\u00f3 Snopek.<\/p>\n\n\n\n<p>La misiva, que lleg\u00f3 al despacho de la titular del Senado, fue el m\u00e9todo elegido por Snopek para comunicarle que pasar\u00e1 a formar parte de un nuevo bloque junto a los senadores Edgardo Kueider, Carlos \u00abCamau\u00bb Esp\u00ednola, Eugenia Catalfamo y Alejandra Vigo.<\/p>\n\n\n\n<p>En cuanto a los motivos por los que tom\u00f3 la decisi\u00f3n, el senador juje\u00f1o argument\u00f3: \u00abEn tanto representante de mi provincia, no puedo dejar de se\u00f1alar la falta de incidencia favorable que el Presidente ha tenido en los \u00faltimos tiempos para con Jujuy\u00bb.<\/p>\n\n\n\n<p><strong>Interna en el oficialismo<\/strong><\/p>\n\n\n\n<p>\u00abNo puedo, ni quiero, asistir \u00b4c\u00f3mplicemente\u00b4 a la p\u00e9rdida total de la institucionalidad en la provincia de Jujuy, con un gobernador (Gerardo Morales) que no respeta ni la divisi\u00f3n de poderes, ni la Constituci\u00f3n ni ning\u00fan mecanismo de contrapeso\u00bb, explic\u00f3.<\/p>\n\n\n\n<p>En otro tramo de la carta, el senador precis\u00f3: \u00abEl deterioro absoluto del Estado de Derecho en mi provincia, que comenzara a fines de 2015, no ha hecho sino profundizarse desde 2019. Ha sido, en ese sentido, una gran decepci\u00f3n para todos los que cre\u00edmos que la asunci\u00f3n de Alberto Fern\u00e1ndez pod\u00eda representar un nuevo porvenir\u00bb.<\/p>\n\n\n\n<p>\u00abEn este 2023 que reci\u00e9n comienza, estamos asistiendo imp\u00e1vidamente a un carnaval de detenciones a la carta del gobernador Gerardo Morales, a fin de disciplinar y amedrentar a la oposici\u00f3n en v\u00edsperas de la campa\u00f1a electoral. La indiferente mirada del Gobierno Nacional erosiona la esperanza de que los Derechos Humanos puedan volver a ser respetados en Jujuy\u00bb, apunt\u00f3.<\/p>\n\n\n\n<p>Y como cierre sostuvo: \u00abSiempre he defendido las banderas del peronismo y creo que hoy se aplica m\u00e1s que nunca el principio de que \u00bbmejor que decir es hacer\u00bb. Por eso mismo, y por todo lo expuesto, le comunico mi decisi\u00f3n respecto al bloque\u00bb.<\/p>\n<div class=\"sharedaddy sd-sharing-enabled\"><div class=\"robots-nocontent sd-block sd-social sd-social-icon sd-sharing\"><h3 class=\"sd-title\">Comparte esto:<\/h3><div class=\"sd-content\"><ul><li class=\"share-twitter\"><a rel=\"nofollow noopener noreferrer\" data-shared=\"sharing-twitter-35692\" class=\"share-twitter sd-button share-icon no-text\" href=\"http:\/\/www.rtvnoticias.com.ar\/?p=35692&amp;share=twitter\" target=\"_blank\" title=\"Haz clic para compartir en Twitter\"><span><\/span><span class=\"sharing-screen-reader-text\">Haz clic para compartir en Twitter (Se abre en una ventana nueva)<\/span><\/a><\/li><li class=\"share-facebook\"><a rel=\"nofollow noopener noreferrer\" data-shared=\"sharing-facebook-35692\" class=\"share-facebook sd-button share-icon no-text\" href=\"http:\/\/www.rtvnoticias.com.ar\/?p=35692&amp;share=facebook\" target=\"_blank\" title=\"Haz clic para compartir en Facebook\"><span><\/span><span class=\"sharing-screen-reader-text\">Haz clic para compartir en Facebook (Se abre en una ventana nueva)<\/span><\/a><\/li><li class=\"share-jetpack-whatsapp\"><a rel=\"nofollow noopener noreferrer\" data-shared=\"\" class=\"share-jetpack-whatsapp sd-button share-icon no-text\" href=\"http:\/\/www.rtvnoticias.com.ar\/?p=35692&amp;share=jetpack-whatsapp\" target=\"_blank\" title=\"Haz clic para compartir en WhatsApp\"><span><\/span><span class=\"sharing-screen-reader-text\">Haz clic para compartir en WhatsApp (Se abre en una ventana nueva)<\/span><\/a><\/li><li class=\"share-telegram\"><a rel=\"nofollow noopener noreferrer\" data-shared=\"\" class=\"share-telegram sd-button share-icon no-text\" href=\"http:\/\/www.rtvnoticias.com.ar\/?p=35692&amp;share=telegram\" target=\"_blank\" title=\"Haz clic para compartir en Telegram\"><span><\/span><span class=\"sharing-screen-reader-text\">Haz clic para compartir en Telegram (Se abre en una ventana nueva)<\/span><\/a><\/li><li class=\"share-end\"><\/li><\/ul><\/div><\/div><\/div>","protected":false},"excerpt":{"rendered":"<p>El senador nacional Guillermo Snopek envi\u00f3 una carta a la vicepresidenta Cristina Kirchner para informarle que, a partir del pr\u00f3ximo 1 de marzo, dejar\u00e1 de<\/p>\n<div class=\"sharedaddy sd-sharing-enabled\"><div class=\"robots-nocontent sd-block sd-social sd-social-icon sd-sharing\"><h3 class=\"sd-title\">Comparte esto:<\/h3><div class=\"sd-content\"><ul><li class=\"share-twitter\"><a rel=\"nofollow noopener noreferrer\" data-shared=\"sharing-twitter-35692\" class=\"share-twitter sd-button share-icon no-text\" href=\"http:\/\/www.rtvnoticias.com.ar\/?p=35692&amp;share=twitter\" target=\"_blank\" title=\"Haz clic para compartir en Twitter\"><span><\/span><span class=\"sharing-screen-reader-text\">Haz clic para compartir en Twitter (Se abre en una ventana nueva)<\/span><\/a><\/li><li class=\"share-facebook\"><a rel=\"nofollow noopener noreferrer\" data-shared=\"sharing-facebook-35692\" class=\"share-facebook sd-button share-icon no-text\" href=\"http:\/\/www.rtvnoticias.com.ar\/?p=35692&amp;share=facebook\" target=\"_blank\" title=\"Haz clic para compartir en Facebook\"><span><\/span><span class=\"sharing-screen-reader-text\">Haz clic para compartir en Facebook (Se abre en una ventana nueva)<\/span><\/a><\/li><li class=\"share-jetpack-whatsapp\"><a rel=\"nofollow noopener noreferrer\" data-shared=\"\" class=\"share-jetpack-whatsapp sd-button share-icon no-text\" href=\"http:\/\/www.rtvnoticias.com.ar\/?p=35692&amp;share=jetpack-whatsapp\" target=\"_blank\" title=\"Haz clic para compartir en WhatsApp\"><span><\/span><span class=\"sharing-screen-reader-text\">Haz clic para compartir en WhatsApp (Se abre en una ventana nueva)<\/span><\/a><\/li><li class=\"share-telegram\"><a rel=\"nofollow noopener noreferrer\" data-shared=\"\" class=\"share-telegram sd-button share-icon no-text\" href=\"http:\/\/www.rtvnoticias.com.ar\/?p=35692&amp;share=telegram\" target=\"_blank\" title=\"Haz clic para compartir en Telegram\"><span><\/span><span class=\"sharing-screen-reader-text\">Haz clic para compartir en Telegram (Se abre en una ventana nueva)<\/span><\/a><\/li><li class=\"share-end\"><\/li><\/ul><\/div><\/div><\/div>","protected":false},"author":7,"featured_media":35694,"comment_status":"closed","ping_status":"closed","sticky":false,"template":"","format":"standard","meta":{"spay_email":"","jetpack_publicize_message":"","jetpack_is_tweetstorm":false,"jetpack_publicize_feature_enabled":true},"categories":[5],"tags":[],"jetpack_featured_media_url":"http:\/\/www.rtvnoticias.com.ar\/wp-content\/uploads\/2023\/02\/snopek.jpg","jetpack_publicize_connections":[],"jetpack_sharing_enabled":true,"_links":{"self":[{"href":"http:\/\/www.rtvnoticias.com.ar\/index.php?rest_route=\/wp\/v2\/posts\/35692"}],"collection":[{"href":"http:\/\/www.rtvnoticias.com.ar\/index.php?rest_route=\/wp\/v2\/posts"}],"about":[{"href":"http:\/\/www.rtvnoticias.com.ar\/index.php?rest_route=\/wp\/v2\/types\/post"}],"author":[{"embeddable":true,"href":"http:\/\/www.rtvnoticias.com.ar\/index.php?rest_route=\/wp\/v2\/users\/7"}],"replies":[{"embeddable":true,"href":"http:\/\/www.rtvnoticias.com.ar\/index.php?rest_route=%2Fwp%2Fv2%2Fcomments&post=35692"}],"version-history":[{"count":1,"href":"http:\/\/www.rtvnoticias.com.ar\/index.php?rest_route=\/wp\/v2\/posts\/35692\/revisions"}],"predecessor-version":[{"id":35695,"href":"http:\/\/www.rtvnoticias.com.ar\/index.php?rest_route=\/wp\/v2\/posts\/35692\/revisions\/35695"}],"wp:featuredmedia":[{"embeddable":true,"href":"http:\/\/www.rtvnoticias.com.ar\/index.php?rest_route=\/wp\/v2\/media\/35694"}],"wp:attachment":[{"href":"http:\/\/www.rtvnoticias.com.ar\/index.php?rest_route=%2Fwp%2Fv2%2Fmedia&parent=35692"}],"wp:term":[{"taxonomy":"category","embeddable":true,"href":"http:\/\/www.rtvnoticias.com.ar\/index.php?rest_route=%2Fwp%2Fv2%2Fcategories&post=35692"},{"taxonomy":"post_tag","embeddable":true,"href":"http:\/\/www.rtvnoticias.com.ar\/index.php?rest_route=%2Fwp%2Fv2%2Ftags&post=35692"}],"curies":[{"name":"wp","href":"https:\/\/api.w.org\/{rel}","templated":true}]}}