{"id":35696,"date":"2023-02-23T11:15:00","date_gmt":"2023-02-23T14:15:00","guid":{"rendered":"http:\/\/www.rtvnoticias.com.ar\/?p=35696"},"modified":"2023-02-23T11:15:04","modified_gmt":"2023-02-23T14:15:04","slug":"daniel-lopez-continuara-siendo-el-presidente-del-concejo-deliberante-de-general-pico","status":"publish","type":"post","link":"http:\/\/www.rtvnoticias.com.ar\/?p=35696","title":{"rendered":"Daniel L\u00f3pez continuar\u00e1 siendo el presidente del Concejo Deliberante de General Pico"},"content":{"rendered":"\n<p>Esta ma\u00f1ana de este jueves y conforme a lo que establece el reglamento interno y el decreto 5\/2023, se llev\u00f3 a cabo la sesi\u00f3n preparatoria del Concejo Deliberante de General Pico.<\/p>\n\n\n\n<p>Se dio tratamiento a diversos temas como la elecci\u00f3n de autoridades del cuerpo, la fijaci\u00f3n de d\u00eda y horario de sesiones, la n\u00f3mina de integrantes de las comisiones y las autoridades de los bloques.<\/p>\n\n\n\n<p><strong>Elecci\u00f3n de autoridades del Concejo Deliberante<br><\/strong>En el tratamiento de este punto la concejala Alicia Campo propuso que la Presidencia contin\u00fae en manos del concejal y actual presidente del Concejo Daniel L\u00f3pez, la moci\u00f3n fue acompa\u00f1ada por unanimidad. Mientras que la vicepresidencia primera ser\u00e1 ocupada por el concejal del bloque FreJuPa Roberto G\u00f3mez y la secretar\u00eda, por el concejal Mario Garc\u00eda.<\/p>\n\n\n\n<p>Tambi\u00e9n fue aprobada por unanimidad la iniciativa del bloque Propuesta Federal, que establece que la vicepresidencia segunda del Concejo est\u00e9 a cargo de Luis Clauzure.<\/p>\n\n\n\n<p><strong>Fijaci\u00f3n de d\u00eda y hora de sesiones<br><\/strong>Puesto a consideraci\u00f3n durante la sesi\u00f3n se aprob\u00f3 por unanimidad la moci\u00f3n propuesta por el concejal H\u00e9ctor Viola, para que el Concejo Deliberante sesione los d\u00edas jueves cada 15 d\u00edas a partir de las 8.30 horas, siendo la apertura de sesiones ordinarias el d\u00eda 2 de marzo y la segunda sesi\u00f3n el d\u00eda 9 del mismo mes.<\/p>\n\n\n\n<p><strong>Autoridades de los bloques<br><\/strong>Los presidentes de bloques definieron la n\u00f3mina de autoridades que quedaron conformadas de la siguiente forma: H\u00e9ctor Viola ser\u00e1 quien tenga a cargo la presidencia del bloque del Frente Justicialista Pampeano y el secretario ser\u00e1 Mario Garc\u00eda. A su vez el bloque Propuesta Federal ser\u00e1 presidido por Adriana Garc\u00eda y la secretar\u00eda estar\u00e1 a cargo de Luis Clauzure. Guillermo Coppo continuar\u00e1 representando el bloque unipersonal de UCR, lo mismo que el bloque UNIR representado por el concejal Marcelo Capellino.<\/p>\n<div class=\"sharedaddy sd-sharing-enabled\"><div class=\"robots-nocontent sd-block sd-social sd-social-icon sd-sharing\"><h3 class=\"sd-title\">Comparte esto:<\/h3><div class=\"sd-content\"><ul><li class=\"share-twitter\"><a rel=\"nofollow noopener noreferrer\" data-shared=\"sharing-twitter-35696\" class=\"share-twitter sd-button share-icon no-text\" href=\"http:\/\/www.rtvnoticias.com.ar\/?p=35696&amp;share=twitter\" target=\"_blank\" title=\"Haz clic para compartir en Twitter\"><span><\/span><span class=\"sharing-screen-reader-text\">Haz clic para compartir en Twitter (Se abre en una ventana nueva)<\/span><\/a><\/li><li class=\"share-facebook\"><a rel=\"nofollow noopener noreferrer\" data-shared=\"sharing-facebook-35696\" class=\"share-facebook sd-button share-icon no-text\" href=\"http:\/\/www.rtvnoticias.com.ar\/?p=35696&amp;share=facebook\" target=\"_blank\" title=\"Haz clic para compartir en Facebook\"><span><\/span><span class=\"sharing-screen-reader-text\">Haz clic para compartir en Facebook (Se abre en una ventana nueva)<\/span><\/a><\/li><li class=\"share-jetpack-whatsapp\"><a rel=\"nofollow noopener noreferrer\" data-shared=\"\" class=\"share-jetpack-whatsapp sd-button share-icon no-text\" href=\"http:\/\/www.rtvnoticias.com.ar\/?p=35696&amp;share=jetpack-whatsapp\" target=\"_blank\" title=\"Haz clic para compartir en WhatsApp\"><span><\/span><span class=\"sharing-screen-reader-text\">Haz clic para compartir en WhatsApp (Se abre en una ventana nueva)<\/span><\/a><\/li><li class=\"share-telegram\"><a rel=\"nofollow noopener noreferrer\" data-shared=\"\" class=\"share-telegram sd-button share-icon no-text\" href=\"http:\/\/www.rtvnoticias.com.ar\/?p=35696&amp;share=telegram\" target=\"_blank\" title=\"Haz clic para compartir en Telegram\"><span><\/span><span class=\"sharing-screen-reader-text\">Haz clic para compartir en Telegram (Se abre en una ventana nueva)<\/span><\/a><\/li><li class=\"share-end\"><\/li><\/ul><\/div><\/div><\/div>","protected":false},"excerpt":{"rendered":"<p>Esta ma\u00f1ana de este jueves y conforme a lo que establece el reglamento interno y el decreto 5\/2023, se llev\u00f3 a cabo la sesi\u00f3n preparatoria<\/p>\n<div class=\"sharedaddy sd-sharing-enabled\"><div class=\"robots-nocontent sd-block sd-social sd-social-icon sd-sharing\"><h3 class=\"sd-title\">Comparte esto:<\/h3><div class=\"sd-content\"><ul><li class=\"share-twitter\"><a rel=\"nofollow noopener noreferrer\" data-shared=\"sharing-twitter-35696\" class=\"share-twitter sd-button share-icon no-text\" href=\"http:\/\/www.rtvnoticias.com.ar\/?p=35696&amp;share=twitter\" target=\"_blank\" title=\"Haz clic para compartir en Twitter\"><span><\/span><span class=\"sharing-screen-reader-text\">Haz clic para compartir en Twitter (Se abre en una ventana nueva)<\/span><\/a><\/li><li class=\"share-facebook\"><a rel=\"nofollow noopener noreferrer\" data-shared=\"sharing-facebook-35696\" class=\"share-facebook sd-button share-icon no-text\" href=\"http:\/\/www.rtvnoticias.com.ar\/?p=35696&amp;share=facebook\" target=\"_blank\" title=\"Haz clic para compartir en Facebook\"><span><\/span><span class=\"sharing-screen-reader-text\">Haz clic para compartir en Facebook (Se abre en una ventana nueva)<\/span><\/a><\/li><li class=\"share-jetpack-whatsapp\"><a rel=\"nofollow noopener noreferrer\" data-shared=\"\" class=\"share-jetpack-whatsapp sd-button share-icon no-text\" href=\"http:\/\/www.rtvnoticias.com.ar\/?p=35696&amp;share=jetpack-whatsapp\" target=\"_blank\" title=\"Haz clic para compartir en WhatsApp\"><span><\/span><span class=\"sharing-screen-reader-text\">Haz clic para compartir en WhatsApp (Se abre en una ventana nueva)<\/span><\/a><\/li><li class=\"share-telegram\"><a rel=\"nofollow noopener noreferrer\" data-shared=\"\" class=\"share-telegram sd-button share-icon no-text\" href=\"http:\/\/www.rtvnoticias.com.ar\/?p=35696&amp;share=telegram\" target=\"_blank\" title=\"Haz clic para compartir en Telegram\"><span><\/span><span class=\"sharing-screen-reader-text\">Haz clic para compartir en Telegram (Se abre en una ventana nueva)<\/span><\/a><\/li><li class=\"share-end\"><\/li><\/ul><\/div><\/div><\/div>","protected":false},"author":7,"featured_media":35697,"comment_status":"closed","ping_status":"closed","sticky":false,"template":"","format":"standard","meta":{"spay_email":"","jetpack_publicize_message":"","jetpack_is_tweetstorm":false,"jetpack_publicize_feature_enabled":true},"categories":[3],"tags":[],"jetpack_featured_media_url":"http:\/\/www.rtvnoticias.com.ar\/wp-content\/uploads\/2023\/02\/concejo.jpg","jetpack_publicize_connections":[],"jetpack_sharing_enabled":true,"_links":{"self":[{"href":"http:\/\/www.rtvnoticias.com.ar\/index.php?rest_route=\/wp\/v2\/posts\/35696"}],"collection":[{"href":"http:\/\/www.rtvnoticias.com.ar\/index.php?rest_route=\/wp\/v2\/posts"}],"about":[{"href":"http:\/\/www.rtvnoticias.com.ar\/index.php?rest_route=\/wp\/v2\/types\/post"}],"author":[{"embeddable":true,"href":"http:\/\/www.rtvnoticias.com.ar\/index.php?rest_route=\/wp\/v2\/users\/7"}],"replies":[{"embeddable":true,"href":"http:\/\/www.rtvnoticias.com.ar\/index.php?rest_route=%2Fwp%2Fv2%2Fcomments&post=35696"}],"version-history":[{"count":1,"href":"http:\/\/www.rtvnoticias.com.ar\/index.php?rest_route=\/wp\/v2\/posts\/35696\/revisions"}],"predecessor-version":[{"id":35698,"href":"http:\/\/www.rtvnoticias.com.ar\/index.php?rest_route=\/wp\/v2\/posts\/35696\/revisions\/35698"}],"wp:featuredmedia":[{"embeddable":true,"href":"http:\/\/www.rtvnoticias.com.ar\/index.php?rest_route=\/wp\/v2\/media\/35697"}],"wp:attachment":[{"href":"http:\/\/www.rtvnoticias.com.ar\/index.php?rest_route=%2Fwp%2Fv2%2Fmedia&parent=35696"}],"wp:term":[{"taxonomy":"category","embeddable":true,"href":"http:\/\/www.rtvnoticias.com.ar\/index.php?rest_route=%2Fwp%2Fv2%2Fcategories&post=35696"},{"taxonomy":"post_tag","embeddable":true,"href":"http:\/\/www.rtvnoticias.com.ar\/index.php?rest_route=%2Fwp%2Fv2%2Ftags&post=35696"}],"curies":[{"name":"wp","href":"https:\/\/api.w.org\/{rel}","templated":true}]}}