{"id":35699,"date":"2023-02-24T10:05:43","date_gmt":"2023-02-24T13:05:43","guid":{"rendered":"http:\/\/www.rtvnoticias.com.ar\/?p=35699"},"modified":"2023-02-24T10:05:46","modified_gmt":"2023-02-24T13:05:46","slug":"el-gobierno-convoco-a-la-apertura-de-las-sesiones-ordinarias-el-1-de-marzo","status":"publish","type":"post","link":"http:\/\/www.rtvnoticias.com.ar\/?p=35699","title":{"rendered":"El Gobierno convoc\u00f3 a la apertura de las sesiones ordinarias el 1 de marzo"},"content":{"rendered":"\n<p class=\"has-text-align-center\"><strong>El Presidente dar\u00e1 cuenta del estado de la Naci\u00f3n y anticipar\u00e1 algunas de las iniciativas que enviar\u00e1 al Poder Legislativo. En el recinto estar\u00e1n los jueces de la Corte y algunos precandidatos presidenciales de la oposici\u00f3n.<\/strong><\/p>\n\n\n\n<p class=\"has-text-align-left\">El presidente Alberto Fern\u00e1ndez oficializ\u00f3 la convocatoria a la apertura de sesiones ordinarias para el pr\u00f3ximo mi\u00e9rcoles 1\u00ba de marzo, ocasi\u00f3n en la que brindar\u00e1 el tradicional discurso para dar cuenta del estado de la Naci\u00f3n y anunciar las iniciativas que enviar\u00e1 el Gobierno al Congreso en un a\u00f1o electoral.<\/p>\n\n\n\n<p>A trav\u00e9s del Decreto 91\/2023, publicado este viernes en el Bolet\u00edn Oficial, el mandatario indic\u00f3 que la reuni\u00f3n de la Asamblea Legislativa se llevar\u00e1 a cabo el primer d\u00eda del pr\u00f3ximo mes a las 11.<\/p>\n\n\n\n<p>En ese marco, tal como lo establece el inciso n\u00famero ocho del art\u00edculo 99 de la Constituci\u00f3n, Alberto Fern\u00e1ndez dar\u00e1 cuenta del estado de la Naci\u00f3n y anticipar\u00e1 algunos de los proyectos que enviar\u00e1 al Congreso.<\/p>\n\n\n\n<p>El discurso ser\u00e1 transmitido por cadena nacional, de acuerdo a lo que fija el art\u00edculo 75 de la Ley de Servicios de Comunicaci\u00f3n Audiovisual.<\/p>\n\n\n\n<p>Ser\u00e1 un momento sumamente particular, no s\u00f3lo por la importancia institucional, sino porque se encontrar\u00e1n en el recinto el jefe de Estado y los legisladores del Frente de Todos con los jueces de la Corte Suprema de Justicia en medio del proceso de juicio pol\u00edtico impulsado por el mandatario contra los magistrados.<\/p>\n\n\n\n<p>Adem\u00e1s, tambi\u00e9n se dar\u00e1n cita en el Congreso algunos de los dirigentes opositores que aspiran a competir por la Presidencia este a\u00f1o, como el gobernador juje\u00f1o, Gerardo Morales; el jefe de Gobierno porte\u00f1o, Horacio Rodr\u00edguez Larreta; y el diputado nacional de La Libertad Avanza Javier Milei.<\/p>\n<div class=\"sharedaddy sd-sharing-enabled\"><div class=\"robots-nocontent sd-block sd-social sd-social-icon sd-sharing\"><h3 class=\"sd-title\">Comparte esto:<\/h3><div class=\"sd-content\"><ul><li class=\"share-twitter\"><a rel=\"nofollow noopener noreferrer\" data-shared=\"sharing-twitter-35699\" class=\"share-twitter sd-button share-icon no-text\" href=\"http:\/\/www.rtvnoticias.com.ar\/?p=35699&amp;share=twitter\" target=\"_blank\" title=\"Haz clic para compartir en Twitter\"><span><\/span><span class=\"sharing-screen-reader-text\">Haz clic para compartir en Twitter (Se abre en una ventana nueva)<\/span><\/a><\/li><li class=\"share-facebook\"><a rel=\"nofollow noopener noreferrer\" data-shared=\"sharing-facebook-35699\" class=\"share-facebook sd-button share-icon no-text\" href=\"http:\/\/www.rtvnoticias.com.ar\/?p=35699&amp;share=facebook\" target=\"_blank\" title=\"Haz clic para compartir en Facebook\"><span><\/span><span class=\"sharing-screen-reader-text\">Haz clic para compartir en Facebook (Se abre en una ventana nueva)<\/span><\/a><\/li><li class=\"share-jetpack-whatsapp\"><a rel=\"nofollow noopener noreferrer\" data-shared=\"\" class=\"share-jetpack-whatsapp sd-button share-icon no-text\" href=\"http:\/\/www.rtvnoticias.com.ar\/?p=35699&amp;share=jetpack-whatsapp\" target=\"_blank\" title=\"Haz clic para compartir en WhatsApp\"><span><\/span><span class=\"sharing-screen-reader-text\">Haz clic para compartir en WhatsApp (Se abre en una ventana nueva)<\/span><\/a><\/li><li class=\"share-telegram\"><a rel=\"nofollow noopener noreferrer\" data-shared=\"\" class=\"share-telegram sd-button share-icon no-text\" href=\"http:\/\/www.rtvnoticias.com.ar\/?p=35699&amp;share=telegram\" target=\"_blank\" title=\"Haz clic para compartir en Telegram\"><span><\/span><span class=\"sharing-screen-reader-text\">Haz clic para compartir en Telegram (Se abre en una ventana nueva)<\/span><\/a><\/li><li class=\"share-end\"><\/li><\/ul><\/div><\/div><\/div>","protected":false},"excerpt":{"rendered":"<p>El Presidente dar\u00e1 cuenta del estado de la Naci\u00f3n y anticipar\u00e1 algunas de las iniciativas que enviar\u00e1 al Poder Legislativo. En el recinto estar\u00e1n los<\/p>\n<div class=\"sharedaddy sd-sharing-enabled\"><div class=\"robots-nocontent sd-block sd-social sd-social-icon sd-sharing\"><h3 class=\"sd-title\">Comparte esto:<\/h3><div class=\"sd-content\"><ul><li class=\"share-twitter\"><a rel=\"nofollow noopener noreferrer\" data-shared=\"sharing-twitter-35699\" class=\"share-twitter sd-button share-icon no-text\" href=\"http:\/\/www.rtvnoticias.com.ar\/?p=35699&amp;share=twitter\" target=\"_blank\" title=\"Haz clic para compartir en Twitter\"><span><\/span><span class=\"sharing-screen-reader-text\">Haz clic para compartir en Twitter (Se abre en una ventana nueva)<\/span><\/a><\/li><li class=\"share-facebook\"><a rel=\"nofollow noopener noreferrer\" data-shared=\"sharing-facebook-35699\" class=\"share-facebook sd-button share-icon no-text\" href=\"http:\/\/www.rtvnoticias.com.ar\/?p=35699&amp;share=facebook\" target=\"_blank\" title=\"Haz clic para compartir en Facebook\"><span><\/span><span class=\"sharing-screen-reader-text\">Haz clic para compartir en Facebook (Se abre en una ventana nueva)<\/span><\/a><\/li><li class=\"share-jetpack-whatsapp\"><a rel=\"nofollow noopener noreferrer\" data-shared=\"\" class=\"share-jetpack-whatsapp sd-button share-icon no-text\" href=\"http:\/\/www.rtvnoticias.com.ar\/?p=35699&amp;share=jetpack-whatsapp\" target=\"_blank\" title=\"Haz clic para compartir en WhatsApp\"><span><\/span><span class=\"sharing-screen-reader-text\">Haz clic para compartir en WhatsApp (Se abre en una ventana nueva)<\/span><\/a><\/li><li class=\"share-telegram\"><a rel=\"nofollow noopener noreferrer\" data-shared=\"\" class=\"share-telegram sd-button share-icon no-text\" href=\"http:\/\/www.rtvnoticias.com.ar\/?p=35699&amp;share=telegram\" target=\"_blank\" title=\"Haz clic para compartir en Telegram\"><span><\/span><span class=\"sharing-screen-reader-text\">Haz clic para compartir en Telegram (Se abre en una ventana nueva)<\/span><\/a><\/li><li class=\"share-end\"><\/li><\/ul><\/div><\/div><\/div>","protected":false},"author":7,"featured_media":15087,"comment_status":"closed","ping_status":"closed","sticky":false,"template":"","format":"standard","meta":{"spay_email":"","jetpack_publicize_message":"","jetpack_is_tweetstorm":false,"jetpack_publicize_feature_enabled":true},"categories":[5],"tags":[],"jetpack_featured_media_url":"http:\/\/www.rtvnoticias.com.ar\/wp-content\/uploads\/2019\/09\/diputados-nacional.jpg","jetpack_publicize_connections":[],"jetpack_sharing_enabled":true,"_links":{"self":[{"href":"http:\/\/www.rtvnoticias.com.ar\/index.php?rest_route=\/wp\/v2\/posts\/35699"}],"collection":[{"href":"http:\/\/www.rtvnoticias.com.ar\/index.php?rest_route=\/wp\/v2\/posts"}],"about":[{"href":"http:\/\/www.rtvnoticias.com.ar\/index.php?rest_route=\/wp\/v2\/types\/post"}],"author":[{"embeddable":true,"href":"http:\/\/www.rtvnoticias.com.ar\/index.php?rest_route=\/wp\/v2\/users\/7"}],"replies":[{"embeddable":true,"href":"http:\/\/www.rtvnoticias.com.ar\/index.php?rest_route=%2Fwp%2Fv2%2Fcomments&post=35699"}],"version-history":[{"count":1,"href":"http:\/\/www.rtvnoticias.com.ar\/index.php?rest_route=\/wp\/v2\/posts\/35699\/revisions"}],"predecessor-version":[{"id":35700,"href":"http:\/\/www.rtvnoticias.com.ar\/index.php?rest_route=\/wp\/v2\/posts\/35699\/revisions\/35700"}],"wp:featuredmedia":[{"embeddable":true,"href":"http:\/\/www.rtvnoticias.com.ar\/index.php?rest_route=\/wp\/v2\/media\/15087"}],"wp:attachment":[{"href":"http:\/\/www.rtvnoticias.com.ar\/index.php?rest_route=%2Fwp%2Fv2%2Fmedia&parent=35699"}],"wp:term":[{"taxonomy":"category","embeddable":true,"href":"http:\/\/www.rtvnoticias.com.ar\/index.php?rest_route=%2Fwp%2Fv2%2Fcategories&post=35699"},{"taxonomy":"post_tag","embeddable":true,"href":"http:\/\/www.rtvnoticias.com.ar\/index.php?rest_route=%2Fwp%2Fv2%2Ftags&post=35699"}],"curies":[{"name":"wp","href":"https:\/\/api.w.org\/{rel}","templated":true}]}}