{"id":35707,"date":"2023-02-24T10:23:44","date_gmt":"2023-02-24T13:23:44","guid":{"rendered":"http:\/\/www.rtvnoticias.com.ar\/?p=35707"},"modified":"2023-02-24T10:23:47","modified_gmt":"2023-02-24T13:23:47","slug":"cultura-en-territorio-completamos-un-ciclo-que-para-nosotros-fue-muy-lindo-afirmo-elizondo","status":"publish","type":"post","link":"http:\/\/www.rtvnoticias.com.ar\/?p=35707","title":{"rendered":"Cultura en Territorio: \u00abCompletamos un ciclo que para nosotros fue muy lindo\u00bb, afirm\u00f3 Elizondo"},"content":{"rendered":"\n<p>La \u00faltima jornada de Cultura en Territorio, enmarcada dentro del programa Disfrut\u00e1 Pico, tuvo lugar este jueves 23 en el Centro Asistencial Abudara, en El Molino. Con un importante marco, vecinas y vecinos vivieron una agradable noche de actividades descentralizadas desde la direcci\u00f3n af\u00edn.<\/p>\n\n\n\n<p>Luego de cinco noches que comprendieron una recorrida por barrio Malvinas &#8211; Roca, Rucci, Indios Ranqueles, Don Bosco &#8211; Frank Allan y la reciente en el predio del establecimiento m\u00e9dico, concluy\u00f3 esta propuesta que ya fue adoptada por la poblaci\u00f3n.<\/p>\n\n\n\n<p>Andrea Elizondo, subdirectora de Desarrollo Cultural, apunt\u00f3: \u201cCompletamos un ciclo que para nosotros fue muy lindo, fue aprender un mont\u00f3n de cosas en territorio. Implic\u00f3 salir de nuestros espacios de confort, sacando nuestro trabajo del d\u00eda a d\u00eda, tanto sea del Museo Regional Marac\u00f3 como de la Biblioteca Estrada o la galer\u00eda de artes\u201d.<\/p>\n\n\n\n<p>En relaci\u00f3n a la respuesta de la comunidad en cada edici\u00f3n, asever\u00f3 que \u201cestamos contentos con la repercusi\u00f3n que ha tenido, la concurrencia fue enorme, las y los vecinos nos apoyaron mucho\u201d.<\/p>\n\n\n\n<p>Adem\u00e1s, destac\u00f3 que cada barriada lo vivi\u00f3 de manera particular. \u201cTienen su idiosincrasia. Por ah\u00ed uno asume que Pico es todo igual y no es as\u00ed. Somos una ciudad grande donde cada sector tiene su mirada y pide lo que quiere consumir culturalmente. Hay algunos que se interesan por algunas cosas y ah\u00ed estamos para acompa\u00f1ar a la gente pasando un lindo momento\u201d.<\/p>\n\n\n\n<p>Valor\u00f3, en este punto, que contaron con propuestas para ni\u00f1as y ni\u00f1os pero tambi\u00e9n con un escenario que present\u00f3 m\u00fasica, danza y artes audiovisuales.<\/p>\n\n\n\n<p>Manifest\u00f3 que la iniciativa fue muy aceptada, teniendo en cuenta que se realiza en verano, con jornadas clim\u00e1ticamente agradables, brindando entre semana m\u00e1s posibilidades a las y los piquenses. \u201cEl balance es muy positivo, estamos con ganas de seguir y visitar otros espacios m\u00e1s adelante\u201d, concluy\u00f3.<\/p>\n<div class=\"sharedaddy sd-sharing-enabled\"><div class=\"robots-nocontent sd-block sd-social sd-social-icon sd-sharing\"><h3 class=\"sd-title\">Comparte esto:<\/h3><div class=\"sd-content\"><ul><li class=\"share-twitter\"><a rel=\"nofollow noopener noreferrer\" data-shared=\"sharing-twitter-35707\" class=\"share-twitter sd-button share-icon no-text\" href=\"http:\/\/www.rtvnoticias.com.ar\/?p=35707&amp;share=twitter\" target=\"_blank\" title=\"Haz clic para compartir en Twitter\"><span><\/span><span class=\"sharing-screen-reader-text\">Haz clic para compartir en Twitter (Se abre en una ventana nueva)<\/span><\/a><\/li><li class=\"share-facebook\"><a rel=\"nofollow noopener noreferrer\" data-shared=\"sharing-facebook-35707\" class=\"share-facebook sd-button share-icon no-text\" href=\"http:\/\/www.rtvnoticias.com.ar\/?p=35707&amp;share=facebook\" target=\"_blank\" title=\"Haz clic para compartir en Facebook\"><span><\/span><span class=\"sharing-screen-reader-text\">Haz clic para compartir en Facebook (Se abre en una ventana nueva)<\/span><\/a><\/li><li class=\"share-jetpack-whatsapp\"><a rel=\"nofollow noopener noreferrer\" data-shared=\"\" class=\"share-jetpack-whatsapp sd-button share-icon no-text\" href=\"http:\/\/www.rtvnoticias.com.ar\/?p=35707&amp;share=jetpack-whatsapp\" target=\"_blank\" title=\"Haz clic para compartir en WhatsApp\"><span><\/span><span class=\"sharing-screen-reader-text\">Haz clic para compartir en WhatsApp (Se abre en una ventana nueva)<\/span><\/a><\/li><li class=\"share-telegram\"><a rel=\"nofollow noopener noreferrer\" data-shared=\"\" class=\"share-telegram sd-button share-icon no-text\" href=\"http:\/\/www.rtvnoticias.com.ar\/?p=35707&amp;share=telegram\" target=\"_blank\" title=\"Haz clic para compartir en Telegram\"><span><\/span><span class=\"sharing-screen-reader-text\">Haz clic para compartir en Telegram (Se abre en una ventana nueva)<\/span><\/a><\/li><li class=\"share-end\"><\/li><\/ul><\/div><\/div><\/div>","protected":false},"excerpt":{"rendered":"<p>La \u00faltima jornada de Cultura en Territorio, enmarcada dentro del programa Disfrut\u00e1 Pico, tuvo lugar este jueves 23 en el Centro Asistencial Abudara, en El<\/p>\n<div class=\"sharedaddy sd-sharing-enabled\"><div class=\"robots-nocontent sd-block sd-social sd-social-icon sd-sharing\"><h3 class=\"sd-title\">Comparte esto:<\/h3><div class=\"sd-content\"><ul><li class=\"share-twitter\"><a rel=\"nofollow noopener noreferrer\" data-shared=\"sharing-twitter-35707\" class=\"share-twitter sd-button share-icon no-text\" href=\"http:\/\/www.rtvnoticias.com.ar\/?p=35707&amp;share=twitter\" target=\"_blank\" title=\"Haz clic para compartir en Twitter\"><span><\/span><span class=\"sharing-screen-reader-text\">Haz clic para compartir en Twitter (Se abre en una ventana nueva)<\/span><\/a><\/li><li class=\"share-facebook\"><a rel=\"nofollow noopener noreferrer\" data-shared=\"sharing-facebook-35707\" class=\"share-facebook sd-button share-icon no-text\" href=\"http:\/\/www.rtvnoticias.com.ar\/?p=35707&amp;share=facebook\" target=\"_blank\" title=\"Haz clic para compartir en Facebook\"><span><\/span><span class=\"sharing-screen-reader-text\">Haz clic para compartir en Facebook (Se abre en una ventana nueva)<\/span><\/a><\/li><li class=\"share-jetpack-whatsapp\"><a rel=\"nofollow noopener noreferrer\" data-shared=\"\" class=\"share-jetpack-whatsapp sd-button share-icon no-text\" href=\"http:\/\/www.rtvnoticias.com.ar\/?p=35707&amp;share=jetpack-whatsapp\" target=\"_blank\" title=\"Haz clic para compartir en WhatsApp\"><span><\/span><span class=\"sharing-screen-reader-text\">Haz clic para compartir en WhatsApp (Se abre en una ventana nueva)<\/span><\/a><\/li><li class=\"share-telegram\"><a rel=\"nofollow noopener noreferrer\" data-shared=\"\" class=\"share-telegram sd-button share-icon no-text\" href=\"http:\/\/www.rtvnoticias.com.ar\/?p=35707&amp;share=telegram\" target=\"_blank\" title=\"Haz clic para compartir en Telegram\"><span><\/span><span class=\"sharing-screen-reader-text\">Haz clic para compartir en Telegram (Se abre en una ventana nueva)<\/span><\/a><\/li><li class=\"share-end\"><\/li><\/ul><\/div><\/div><\/div>","protected":false},"author":7,"featured_media":35708,"comment_status":"closed","ping_status":"closed","sticky":false,"template":"","format":"standard","meta":{"spay_email":"","jetpack_publicize_message":"","jetpack_is_tweetstorm":false,"jetpack_publicize_feature_enabled":true},"categories":[3],"tags":[],"jetpack_featured_media_url":"http:\/\/www.rtvnoticias.com.ar\/wp-content\/uploads\/2023\/02\/Cultura-en-Territorio-El-Molino1.jpg","jetpack_publicize_connections":[],"jetpack_sharing_enabled":true,"_links":{"self":[{"href":"http:\/\/www.rtvnoticias.com.ar\/index.php?rest_route=\/wp\/v2\/posts\/35707"}],"collection":[{"href":"http:\/\/www.rtvnoticias.com.ar\/index.php?rest_route=\/wp\/v2\/posts"}],"about":[{"href":"http:\/\/www.rtvnoticias.com.ar\/index.php?rest_route=\/wp\/v2\/types\/post"}],"author":[{"embeddable":true,"href":"http:\/\/www.rtvnoticias.com.ar\/index.php?rest_route=\/wp\/v2\/users\/7"}],"replies":[{"embeddable":true,"href":"http:\/\/www.rtvnoticias.com.ar\/index.php?rest_route=%2Fwp%2Fv2%2Fcomments&post=35707"}],"version-history":[{"count":1,"href":"http:\/\/www.rtvnoticias.com.ar\/index.php?rest_route=\/wp\/v2\/posts\/35707\/revisions"}],"predecessor-version":[{"id":35709,"href":"http:\/\/www.rtvnoticias.com.ar\/index.php?rest_route=\/wp\/v2\/posts\/35707\/revisions\/35709"}],"wp:featuredmedia":[{"embeddable":true,"href":"http:\/\/www.rtvnoticias.com.ar\/index.php?rest_route=\/wp\/v2\/media\/35708"}],"wp:attachment":[{"href":"http:\/\/www.rtvnoticias.com.ar\/index.php?rest_route=%2Fwp%2Fv2%2Fmedia&parent=35707"}],"wp:term":[{"taxonomy":"category","embeddable":true,"href":"http:\/\/www.rtvnoticias.com.ar\/index.php?rest_route=%2Fwp%2Fv2%2Fcategories&post=35707"},{"taxonomy":"post_tag","embeddable":true,"href":"http:\/\/www.rtvnoticias.com.ar\/index.php?rest_route=%2Fwp%2Fv2%2Ftags&post=35707"}],"curies":[{"name":"wp","href":"https:\/\/api.w.org\/{rel}","templated":true}]}}