{"id":35725,"date":"2023-02-26T12:16:38","date_gmt":"2023-02-26T15:16:38","guid":{"rendered":"http:\/\/www.rtvnoticias.com.ar\/?p=35725"},"modified":"2023-02-26T12:16:41","modified_gmt":"2023-02-26T15:16:41","slug":"faa-distrito-8-solicita-urgente-reunion-con-el-ministerio-de-la-produccion","status":"publish","type":"post","link":"http:\/\/www.rtvnoticias.com.ar\/?p=35725","title":{"rendered":"FAA Distrito 8 solicita urgente reuni\u00f3n con el Ministerio de la Producci\u00f3n"},"content":{"rendered":"\n<p>Una urgente reuni\u00f3n con el Ministerio de la Producci\u00f3n, fue uno de los temas centrales que reclamaron las bases federadas en una reuni\u00f3n del Consejo de Delegados llevada a cabo este viernes 24 de febrero en su sede en la ciudad de General Pico, encuentro que fue encabezado por el Director Titular Ulises \u00abChito\u00bb Forte, el Director suplente Ingeniero Fernando Ramonda, la coordinadora de Mujeres Federadas Irma Unia, y delegados de filiales, Centros Juveniles y Cooperativas que integran el complejo federado del Distrito 8 de Federaci\u00f3n Agraria Argentina.<\/p>\n\n\n\n<p>En un intenso debate de distintos temas que afectan al sector representado, se desarroll\u00f3 este encuentro en donde la PRESI\u00d3N IMPOSITIVA que recae sobre el sector es cada vez m\u00e1s insoportable,ya sea con impuestos provinciales como nacionales, constituy\u00f3 el reclamo m\u00e1s fuerte que presiona a los peque\u00f1os y medianos productores, que se agrava en el presente con los eventos clim\u00e1ticos que han afectado a las producciones, ya sea una falta de lluvias en momentos oportunos de siembra, como una fuerte e inesperada helada los d\u00edas 17 y 18 de febrero que di\u00f3 por tierra una esperada cosecha gruesa que hab\u00eda mejorado con las lluvias del mes de Enero , al menos en algunos sectores de la provincia,porque en otros fueron escasas y nulas.<\/p>\n\n\n\n<p>Es por ello, que surge, a pedido de la Asamblea una urgente audiencia con las autoridades provinciales, ya que muy poco se han expresado reconociendo los da\u00f1os clim\u00e1ticos que van a originar severas consecuencias en la econom\u00edas no s\u00f3lo de los productores si no de la sociedad en general, ya que en el mejor de los casos que logren cosechar los rindes ser\u00e1n mucho menores, a juzgar por las evaluaciones t\u00e9cnicas de los profesionales privados, que no generar\u00e1n ganancias que permitan cumplir con los compromisos financieros, ya sean pagos de insumos, bancarios e impositivos.<br>Es ah\u00ed en donde los delegados participantes de la Asamblea del viernes, pusieron \u00e9nfasis en contra de las pol\u00edticas impositivas, que solo contemplan el cobro de ganancias, anticipos, ingresos brutos sin tener en cuenta cu\u00e1l fue el resultado obtenido con lo comercializado, situaciones que diferencian a los genuinos productores de menor escala, a las grandes empresas cuyas posibilidades son otras en toda su cadena de producci\u00f3n y comercializaci\u00f3n , cuyo avance no hace m\u00e1s que la desaparici\u00f3n de m\u00e1s peque\u00f1os y medianos productores que son y fueron el motor de desarrollo de los pueblos del interior, \u00abel Gobierno deber\u00eda definir quienes son el sujeto agrario al momento de definir las pol\u00edticas impositivas\u00bb, afirm\u00f3 uno de los asamble\u00edstas este viernes 24 en Federaci\u00f3n Agraria de General Pico.<\/p>\n\n\n\n<p>La Asamblea determin\u00f3 una fuerte adhesi\u00f3n a la movilizaci\u00f3n que encabeza y convoca el Consejo Directivo Central de Federaci\u00f3n Agraria Argentina el pr\u00f3ximo 28 de febrero en el corredor de la ruta nacional 9 y provincial 90 en Villa Constituci\u00f3n, pcia. de Santa F\u00e9, en la cu\u00e1l el Distrito 8 estar\u00e1 presente con una delegaci\u00f3n que concurrir\u00e1 a la misma.<\/p>\n<div class=\"sharedaddy sd-sharing-enabled\"><div class=\"robots-nocontent sd-block sd-social sd-social-icon sd-sharing\"><h3 class=\"sd-title\">Comparte esto:<\/h3><div class=\"sd-content\"><ul><li class=\"share-twitter\"><a rel=\"nofollow noopener noreferrer\" data-shared=\"sharing-twitter-35725\" class=\"share-twitter sd-button share-icon no-text\" href=\"http:\/\/www.rtvnoticias.com.ar\/?p=35725&amp;share=twitter\" target=\"_blank\" title=\"Haz clic para compartir en Twitter\"><span><\/span><span class=\"sharing-screen-reader-text\">Haz clic para compartir en Twitter (Se abre en una ventana nueva)<\/span><\/a><\/li><li class=\"share-facebook\"><a rel=\"nofollow noopener noreferrer\" data-shared=\"sharing-facebook-35725\" class=\"share-facebook sd-button share-icon no-text\" href=\"http:\/\/www.rtvnoticias.com.ar\/?p=35725&amp;share=facebook\" target=\"_blank\" title=\"Haz clic para compartir en Facebook\"><span><\/span><span class=\"sharing-screen-reader-text\">Haz clic para compartir en Facebook (Se abre en una ventana nueva)<\/span><\/a><\/li><li class=\"share-jetpack-whatsapp\"><a rel=\"nofollow noopener noreferrer\" data-shared=\"\" class=\"share-jetpack-whatsapp sd-button share-icon no-text\" href=\"http:\/\/www.rtvnoticias.com.ar\/?p=35725&amp;share=jetpack-whatsapp\" target=\"_blank\" title=\"Haz clic para compartir en WhatsApp\"><span><\/span><span class=\"sharing-screen-reader-text\">Haz clic para compartir en WhatsApp (Se abre en una ventana nueva)<\/span><\/a><\/li><li class=\"share-telegram\"><a rel=\"nofollow noopener noreferrer\" data-shared=\"\" class=\"share-telegram sd-button share-icon no-text\" href=\"http:\/\/www.rtvnoticias.com.ar\/?p=35725&amp;share=telegram\" target=\"_blank\" title=\"Haz clic para compartir en Telegram\"><span><\/span><span class=\"sharing-screen-reader-text\">Haz clic para compartir en Telegram (Se abre en una ventana nueva)<\/span><\/a><\/li><li class=\"share-end\"><\/li><\/ul><\/div><\/div><\/div>","protected":false},"excerpt":{"rendered":"<p>Una urgente reuni\u00f3n con el Ministerio de la Producci\u00f3n, fue uno de los temas centrales que reclamaron las bases federadas en una reuni\u00f3n del Consejo<\/p>\n<div class=\"sharedaddy sd-sharing-enabled\"><div class=\"robots-nocontent sd-block sd-social sd-social-icon sd-sharing\"><h3 class=\"sd-title\">Comparte esto:<\/h3><div class=\"sd-content\"><ul><li class=\"share-twitter\"><a rel=\"nofollow noopener noreferrer\" data-shared=\"sharing-twitter-35725\" class=\"share-twitter sd-button share-icon no-text\" href=\"http:\/\/www.rtvnoticias.com.ar\/?p=35725&amp;share=twitter\" target=\"_blank\" title=\"Haz clic para compartir en Twitter\"><span><\/span><span class=\"sharing-screen-reader-text\">Haz clic para compartir en Twitter (Se abre en una ventana nueva)<\/span><\/a><\/li><li class=\"share-facebook\"><a rel=\"nofollow noopener noreferrer\" data-shared=\"sharing-facebook-35725\" class=\"share-facebook sd-button share-icon no-text\" href=\"http:\/\/www.rtvnoticias.com.ar\/?p=35725&amp;share=facebook\" target=\"_blank\" title=\"Haz clic para compartir en Facebook\"><span><\/span><span class=\"sharing-screen-reader-text\">Haz clic para compartir en Facebook (Se abre en una ventana nueva)<\/span><\/a><\/li><li class=\"share-jetpack-whatsapp\"><a rel=\"nofollow noopener noreferrer\" data-shared=\"\" class=\"share-jetpack-whatsapp sd-button share-icon no-text\" href=\"http:\/\/www.rtvnoticias.com.ar\/?p=35725&amp;share=jetpack-whatsapp\" target=\"_blank\" title=\"Haz clic para compartir en WhatsApp\"><span><\/span><span class=\"sharing-screen-reader-text\">Haz clic para compartir en WhatsApp (Se abre en una ventana nueva)<\/span><\/a><\/li><li class=\"share-telegram\"><a rel=\"nofollow noopener noreferrer\" data-shared=\"\" class=\"share-telegram sd-button share-icon no-text\" href=\"http:\/\/www.rtvnoticias.com.ar\/?p=35725&amp;share=telegram\" target=\"_blank\" title=\"Haz clic para compartir en Telegram\"><span><\/span><span class=\"sharing-screen-reader-text\">Haz clic para compartir en Telegram (Se abre en una ventana nueva)<\/span><\/a><\/li><li class=\"share-end\"><\/li><\/ul><\/div><\/div><\/div>","protected":false},"author":7,"featured_media":35726,"comment_status":"closed","ping_status":"closed","sticky":false,"template":"","format":"standard","meta":{"spay_email":"","jetpack_publicize_message":"","jetpack_is_tweetstorm":false,"jetpack_publicize_feature_enabled":true},"categories":[4],"tags":[],"jetpack_featured_media_url":"http:\/\/www.rtvnoticias.com.ar\/wp-content\/uploads\/2023\/02\/faa.jpg","jetpack_publicize_connections":[],"jetpack_sharing_enabled":true,"_links":{"self":[{"href":"http:\/\/www.rtvnoticias.com.ar\/index.php?rest_route=\/wp\/v2\/posts\/35725"}],"collection":[{"href":"http:\/\/www.rtvnoticias.com.ar\/index.php?rest_route=\/wp\/v2\/posts"}],"about":[{"href":"http:\/\/www.rtvnoticias.com.ar\/index.php?rest_route=\/wp\/v2\/types\/post"}],"author":[{"embeddable":true,"href":"http:\/\/www.rtvnoticias.com.ar\/index.php?rest_route=\/wp\/v2\/users\/7"}],"replies":[{"embeddable":true,"href":"http:\/\/www.rtvnoticias.com.ar\/index.php?rest_route=%2Fwp%2Fv2%2Fcomments&post=35725"}],"version-history":[{"count":1,"href":"http:\/\/www.rtvnoticias.com.ar\/index.php?rest_route=\/wp\/v2\/posts\/35725\/revisions"}],"predecessor-version":[{"id":35727,"href":"http:\/\/www.rtvnoticias.com.ar\/index.php?rest_route=\/wp\/v2\/posts\/35725\/revisions\/35727"}],"wp:featuredmedia":[{"embeddable":true,"href":"http:\/\/www.rtvnoticias.com.ar\/index.php?rest_route=\/wp\/v2\/media\/35726"}],"wp:attachment":[{"href":"http:\/\/www.rtvnoticias.com.ar\/index.php?rest_route=%2Fwp%2Fv2%2Fmedia&parent=35725"}],"wp:term":[{"taxonomy":"category","embeddable":true,"href":"http:\/\/www.rtvnoticias.com.ar\/index.php?rest_route=%2Fwp%2Fv2%2Fcategories&post=35725"},{"taxonomy":"post_tag","embeddable":true,"href":"http:\/\/www.rtvnoticias.com.ar\/index.php?rest_route=%2Fwp%2Fv2%2Ftags&post=35725"}],"curies":[{"name":"wp","href":"https:\/\/api.w.org\/{rel}","templated":true}]}}