{"id":35728,"date":"2023-02-26T12:28:36","date_gmt":"2023-02-26T15:28:36","guid":{"rendered":"http:\/\/www.rtvnoticias.com.ar\/?p=35728"},"modified":"2023-02-26T12:28:38","modified_gmt":"2023-02-26T15:28:38","slug":"arrasa-como-topadora-hoy-en-el-parador","status":"publish","type":"post","link":"http:\/\/www.rtvnoticias.com.ar\/?p=35728","title":{"rendered":"\u00abArrasa como Topadora\u00bb hoy en El Parador"},"content":{"rendered":"\n<p>Los piquenses podr\u00e1n disfrutar de una jornada con actividades gratuitas en el Fog\u00f3n de Juventud, iniciativa que a\u00f1o tras a\u00f1o suma un gran n\u00famero de adeptos. El mismo, organizado por la Municipalidad de General Pico, tendr\u00e1 lugar en El Parador, desde las 19 horas.<\/p>\n\n\n\n<p>En este contexto de numerosas atracciones, se presentar\u00e1n en escenario, Tacoma F.C., Sangre y Ra\u00edz, La Machada, Escuela de Formaci\u00f3n, Art\u00edstica The Wolves, Mart\u00edn Fornero y DJ Tato Vargas para amenizar la jornada.&nbsp;<\/p>\n\n\n\n<p>El n\u00famero principal de la celebraci\u00f3n lo llevar\u00e1 a cabo Arrasa como Topadora, conformado por estudiantes, docentes y licenciadas en m\u00fasica que, oriundas de diversas localidades de C\u00f3rdoba, son residentes en Villa Mar\u00eda. Sus m\u00fasicos, al igual que ellas, tambi\u00e9n provienen de la vecina provincia.&nbsp;<\/p>\n\n\n\n<p>La banda surgi\u00f3 a comienzos del a\u00f1o 2012 y en su amplio repertorio se pueden hallar composiciones propias y versiones de canciones de la m\u00fasica popular. El grupo se caracteriza por su alegr\u00eda y ritmo contagioso, instrumentos que cantan al comp\u00e1s de una cumbia influenciada por distintos ritmos de Latinoam\u00e9rica.<\/p>\n\n\n\n<p>Cabe destacar que el conjunto cuenta con m\u00faltiples actuaciones en todo el pa\u00eds, compartiendo escenarios con grandes figuras de la m\u00fasica. Su actuaci\u00f3n destacada en el Festival Internacional de Pe\u00f1as de Villa Mar\u00eda 2016, 2017 y 2020 fue gratamente recibida por el p\u00fablico, lo que les dio gran trascendencia a lo largo y ancho de Argentina.&nbsp;<\/p>\n\n\n\n<p><strong>Atractivos<\/strong><\/p>\n\n\n\n<p>Adem\u00e1s, los asistentes podr\u00e1n recorrer un sector de j\u00f3venes emprendedoras y emprendedoras donde adquirir productos de diferentes rubros. Por otra parte, se desarrollar\u00e1 un torneo de truco y un espacio gamer en el que las y los interesados se sumergir\u00e1n en dispositivos de realidad virtual o jugar PlayStation.\u00a0\u00a0\u00a0<\/p>\n<div class=\"sharedaddy sd-sharing-enabled\"><div class=\"robots-nocontent sd-block sd-social sd-social-icon sd-sharing\"><h3 class=\"sd-title\">Comparte esto:<\/h3><div class=\"sd-content\"><ul><li class=\"share-twitter\"><a rel=\"nofollow noopener noreferrer\" data-shared=\"sharing-twitter-35728\" class=\"share-twitter sd-button share-icon no-text\" href=\"http:\/\/www.rtvnoticias.com.ar\/?p=35728&amp;share=twitter\" target=\"_blank\" title=\"Haz clic para compartir en Twitter\"><span><\/span><span class=\"sharing-screen-reader-text\">Haz clic para compartir en Twitter (Se abre en una ventana nueva)<\/span><\/a><\/li><li class=\"share-facebook\"><a rel=\"nofollow noopener noreferrer\" data-shared=\"sharing-facebook-35728\" class=\"share-facebook sd-button share-icon no-text\" href=\"http:\/\/www.rtvnoticias.com.ar\/?p=35728&amp;share=facebook\" target=\"_blank\" title=\"Haz clic para compartir en Facebook\"><span><\/span><span class=\"sharing-screen-reader-text\">Haz clic para compartir en Facebook (Se abre en una ventana nueva)<\/span><\/a><\/li><li class=\"share-jetpack-whatsapp\"><a rel=\"nofollow noopener noreferrer\" data-shared=\"\" class=\"share-jetpack-whatsapp sd-button share-icon no-text\" href=\"http:\/\/www.rtvnoticias.com.ar\/?p=35728&amp;share=jetpack-whatsapp\" target=\"_blank\" title=\"Haz clic para compartir en WhatsApp\"><span><\/span><span class=\"sharing-screen-reader-text\">Haz clic para compartir en WhatsApp (Se abre en una ventana nueva)<\/span><\/a><\/li><li class=\"share-telegram\"><a rel=\"nofollow noopener noreferrer\" data-shared=\"\" class=\"share-telegram sd-button share-icon no-text\" href=\"http:\/\/www.rtvnoticias.com.ar\/?p=35728&amp;share=telegram\" target=\"_blank\" title=\"Haz clic para compartir en Telegram\"><span><\/span><span class=\"sharing-screen-reader-text\">Haz clic para compartir en Telegram (Se abre en una ventana nueva)<\/span><\/a><\/li><li class=\"share-end\"><\/li><\/ul><\/div><\/div><\/div>","protected":false},"excerpt":{"rendered":"<p>Los piquenses podr\u00e1n disfrutar de una jornada con actividades gratuitas en el Fog\u00f3n de Juventud, iniciativa que a\u00f1o tras a\u00f1o suma un gran n\u00famero de<\/p>\n<div class=\"sharedaddy sd-sharing-enabled\"><div class=\"robots-nocontent sd-block sd-social sd-social-icon sd-sharing\"><h3 class=\"sd-title\">Comparte esto:<\/h3><div class=\"sd-content\"><ul><li class=\"share-twitter\"><a rel=\"nofollow noopener noreferrer\" data-shared=\"sharing-twitter-35728\" class=\"share-twitter sd-button share-icon no-text\" href=\"http:\/\/www.rtvnoticias.com.ar\/?p=35728&amp;share=twitter\" target=\"_blank\" title=\"Haz clic para compartir en Twitter\"><span><\/span><span class=\"sharing-screen-reader-text\">Haz clic para compartir en Twitter (Se abre en una ventana nueva)<\/span><\/a><\/li><li class=\"share-facebook\"><a rel=\"nofollow noopener noreferrer\" data-shared=\"sharing-facebook-35728\" class=\"share-facebook sd-button share-icon no-text\" href=\"http:\/\/www.rtvnoticias.com.ar\/?p=35728&amp;share=facebook\" target=\"_blank\" title=\"Haz clic para compartir en Facebook\"><span><\/span><span class=\"sharing-screen-reader-text\">Haz clic para compartir en Facebook (Se abre en una ventana nueva)<\/span><\/a><\/li><li class=\"share-jetpack-whatsapp\"><a rel=\"nofollow noopener noreferrer\" data-shared=\"\" class=\"share-jetpack-whatsapp sd-button share-icon no-text\" href=\"http:\/\/www.rtvnoticias.com.ar\/?p=35728&amp;share=jetpack-whatsapp\" target=\"_blank\" title=\"Haz clic para compartir en WhatsApp\"><span><\/span><span class=\"sharing-screen-reader-text\">Haz clic para compartir en WhatsApp (Se abre en una ventana nueva)<\/span><\/a><\/li><li class=\"share-telegram\"><a rel=\"nofollow noopener noreferrer\" data-shared=\"\" class=\"share-telegram sd-button share-icon no-text\" href=\"http:\/\/www.rtvnoticias.com.ar\/?p=35728&amp;share=telegram\" target=\"_blank\" title=\"Haz clic para compartir en Telegram\"><span><\/span><span class=\"sharing-screen-reader-text\">Haz clic para compartir en Telegram (Se abre en una ventana nueva)<\/span><\/a><\/li><li class=\"share-end\"><\/li><\/ul><\/div><\/div><\/div>","protected":false},"author":7,"featured_media":35729,"comment_status":"closed","ping_status":"closed","sticky":false,"template":"","format":"standard","meta":{"spay_email":"","jetpack_publicize_message":"","jetpack_is_tweetstorm":false,"jetpack_publicize_feature_enabled":true},"categories":[3],"tags":[],"jetpack_featured_media_url":"http:\/\/www.rtvnoticias.com.ar\/wp-content\/uploads\/2023\/02\/Arrasa-como-Topadora1.jpg","jetpack_publicize_connections":[],"jetpack_sharing_enabled":true,"_links":{"self":[{"href":"http:\/\/www.rtvnoticias.com.ar\/index.php?rest_route=\/wp\/v2\/posts\/35728"}],"collection":[{"href":"http:\/\/www.rtvnoticias.com.ar\/index.php?rest_route=\/wp\/v2\/posts"}],"about":[{"href":"http:\/\/www.rtvnoticias.com.ar\/index.php?rest_route=\/wp\/v2\/types\/post"}],"author":[{"embeddable":true,"href":"http:\/\/www.rtvnoticias.com.ar\/index.php?rest_route=\/wp\/v2\/users\/7"}],"replies":[{"embeddable":true,"href":"http:\/\/www.rtvnoticias.com.ar\/index.php?rest_route=%2Fwp%2Fv2%2Fcomments&post=35728"}],"version-history":[{"count":1,"href":"http:\/\/www.rtvnoticias.com.ar\/index.php?rest_route=\/wp\/v2\/posts\/35728\/revisions"}],"predecessor-version":[{"id":35730,"href":"http:\/\/www.rtvnoticias.com.ar\/index.php?rest_route=\/wp\/v2\/posts\/35728\/revisions\/35730"}],"wp:featuredmedia":[{"embeddable":true,"href":"http:\/\/www.rtvnoticias.com.ar\/index.php?rest_route=\/wp\/v2\/media\/35729"}],"wp:attachment":[{"href":"http:\/\/www.rtvnoticias.com.ar\/index.php?rest_route=%2Fwp%2Fv2%2Fmedia&parent=35728"}],"wp:term":[{"taxonomy":"category","embeddable":true,"href":"http:\/\/www.rtvnoticias.com.ar\/index.php?rest_route=%2Fwp%2Fv2%2Fcategories&post=35728"},{"taxonomy":"post_tag","embeddable":true,"href":"http:\/\/www.rtvnoticias.com.ar\/index.php?rest_route=%2Fwp%2Fv2%2Ftags&post=35728"}],"curies":[{"name":"wp","href":"https:\/\/api.w.org\/{rel}","templated":true}]}}