{"id":35749,"date":"2023-02-28T12:42:18","date_gmt":"2023-02-28T15:42:18","guid":{"rendered":"http:\/\/www.rtvnoticias.com.ar\/?p=35749"},"modified":"2023-02-28T12:42:21","modified_gmt":"2023-02-28T15:42:21","slug":"en-alerta-por-la-sequia-el-campo-se-moviliza-en-rosario","status":"publish","type":"post","link":"http:\/\/www.rtvnoticias.com.ar\/?p=35749","title":{"rendered":"En alerta por la sequ\u00eda, el campo se moviliza en Rosario"},"content":{"rendered":"\n<p>Productores agropecuarios de distintas zonas del pa\u00eds se manifiestan durante la ma\u00f1ana de este martes en reclamo por la pol\u00edtica agropecuaria del Gobierno. La protesta tiene lugar desde las 8.00 horas, a la vera de la autopista Rosario-Buenos Aires, en el Acceso a Villa Constituci\u00f3n.<\/p>\n\n\n\n<p>La convocatoria fue realizada por la Federaci\u00f3n Agraria Argentina (FAA), y luego se sum\u00f3 el resto de la mesa de enlace: Sociedad Rural Argentina (SRA), Confederaciones Rurales Argentinas (CRA) y Coninagro, entre otras entidades que representan al sector a lo largo del pa\u00eds.<\/p>\n\n\n\n<p>Entre los ejes de la protesta se destaca el pedido de eliminar las retenciones y reducir la brecha cambiaria que, entienden, \u00abimplica una mayor presi\u00f3n fiscal en un escenario de sequ\u00eda extrema que ya padeci\u00f3 el trigo y ahora se sufre en los cultivos de soja y de ma\u00edz\u00bb.<\/p>\n\n\n\n<p>A su vez, no se descarta que se realicen pr\u00f3ximamente movilizaciones en la ciudad de Buenos Aires, seg\u00fan se\u00f1al\u00f3 el presidente FAA, Carlos Achetoni. Para el dirigente, el Gobierno podr\u00eda tomar acciones m\u00e1s concretas ante los da\u00f1os clim\u00e1ticos. \u00abLa verdad no se est\u00e1 haciendo todo; hay que hacer un esfuerzo mayor\u00bb, sostuvo Achetoni.<\/p>\n\n\n\n<p>Y detall\u00f3: \u00abComo entidad hemos participado de cada uno de los espacios de di\u00e1logo y trabajo; hemos llevado todas las necesidades a la mesa de funcionarios, legisladores y decisores, as\u00ed como tambi\u00e9n las propuestas y alternativas para resolverlas. En todos los casos escuchamos anuncios vac\u00edos, sin soluciones concretas. Hoy contamos la desaparici\u00f3n de 5000 productores por a\u00f1o, mientras los que gobiernan solo deciden recaudar de cara al FMI o a las elecciones, negociar con unos pocos grupos concentrados y seguir ganando tiempo\u00bb.<\/p>\n\n\n\n<p>A su vez, concluy\u00f3: \u00abHartos de las promesas incumplidas, queremos pol\u00edticas que nos den previsibilidad. Necesitamos soluciones y las necesitamos ya\u00bb.<\/p>\n\n\n\n<p>Por su parte, Nicol\u00e1s Pino, el presidente de la SRA, consider\u00f3 que \u00abla situaci\u00f3n se est\u00e1 poniendo cada En alerta por la sequ\u00eda, el campo se moviliza en Rosariovez m\u00e1s cr\u00edtica y los gobiernos nacional, provinciales y municipales tienen que dar respuestas a cada reclamo y soluciones ciertas para resolver esta crisis. Nos hacen falta no solo medidas para la coyuntura, sino tambi\u00e9n cambios de fondo como la eliminaci\u00f3n de retenciones y los diferentes tipos de cambio\u00bb.<\/p>\n\n\n\n<p>En la misma l\u00ednea se pronunciaron desde las Confederaciones Rurales Argentinas (CRA) y enfatizaron que \u00abfrente a la real situaci\u00f3n de los productores argentinos, que adem\u00e1s de los problemas de la macroeconom\u00eda suman los grav\u00edsimos da\u00f1os producto de la sequ\u00eda, todo el presente, muestra que es tiempo de tomar decisiones reales, concretas y \u00fatiles, no se puede enfrentar tama\u00f1a crisis solo con parches, anuncios y burocracia\u00bb.<\/p>\n\n\n\n<p>A su vez, Coninagro, la \u00faltima entidad de la mesa de enlace en sumarse, coincidi\u00f3 con las razones de la convocatoria. \u00abDebemos participar con todos aquellos productores que sienten que su presente es insostenible y que merecen un horizonte absolutamente diferente\u00bb, afirmaron.<\/p>\n<div class=\"sharedaddy sd-sharing-enabled\"><div class=\"robots-nocontent sd-block sd-social sd-social-icon sd-sharing\"><h3 class=\"sd-title\">Comparte esto:<\/h3><div class=\"sd-content\"><ul><li class=\"share-twitter\"><a rel=\"nofollow noopener noreferrer\" data-shared=\"sharing-twitter-35749\" class=\"share-twitter sd-button share-icon no-text\" href=\"http:\/\/www.rtvnoticias.com.ar\/?p=35749&amp;share=twitter\" target=\"_blank\" title=\"Haz clic para compartir en Twitter\"><span><\/span><span class=\"sharing-screen-reader-text\">Haz clic para compartir en Twitter (Se abre en una ventana nueva)<\/span><\/a><\/li><li class=\"share-facebook\"><a rel=\"nofollow noopener noreferrer\" data-shared=\"sharing-facebook-35749\" class=\"share-facebook sd-button share-icon no-text\" href=\"http:\/\/www.rtvnoticias.com.ar\/?p=35749&amp;share=facebook\" target=\"_blank\" title=\"Haz clic para compartir en Facebook\"><span><\/span><span class=\"sharing-screen-reader-text\">Haz clic para compartir en Facebook (Se abre en una ventana nueva)<\/span><\/a><\/li><li class=\"share-jetpack-whatsapp\"><a rel=\"nofollow noopener noreferrer\" data-shared=\"\" class=\"share-jetpack-whatsapp sd-button share-icon no-text\" href=\"http:\/\/www.rtvnoticias.com.ar\/?p=35749&amp;share=jetpack-whatsapp\" target=\"_blank\" title=\"Haz clic para compartir en WhatsApp\"><span><\/span><span class=\"sharing-screen-reader-text\">Haz clic para compartir en WhatsApp (Se abre en una ventana nueva)<\/span><\/a><\/li><li class=\"share-telegram\"><a rel=\"nofollow noopener noreferrer\" data-shared=\"\" class=\"share-telegram sd-button share-icon no-text\" href=\"http:\/\/www.rtvnoticias.com.ar\/?p=35749&amp;share=telegram\" target=\"_blank\" title=\"Haz clic para compartir en Telegram\"><span><\/span><span class=\"sharing-screen-reader-text\">Haz clic para compartir en Telegram (Se abre en una ventana nueva)<\/span><\/a><\/li><li class=\"share-end\"><\/li><\/ul><\/div><\/div><\/div>","protected":false},"excerpt":{"rendered":"<p>Productores agropecuarios de distintas zonas del pa\u00eds se manifiestan durante la ma\u00f1ana de este martes en reclamo por la pol\u00edtica agropecuaria del Gobierno. La protesta<\/p>\n<div class=\"sharedaddy sd-sharing-enabled\"><div class=\"robots-nocontent sd-block sd-social sd-social-icon sd-sharing\"><h3 class=\"sd-title\">Comparte esto:<\/h3><div class=\"sd-content\"><ul><li class=\"share-twitter\"><a rel=\"nofollow noopener noreferrer\" data-shared=\"sharing-twitter-35749\" class=\"share-twitter sd-button share-icon no-text\" href=\"http:\/\/www.rtvnoticias.com.ar\/?p=35749&amp;share=twitter\" target=\"_blank\" title=\"Haz clic para compartir en Twitter\"><span><\/span><span class=\"sharing-screen-reader-text\">Haz clic para compartir en Twitter (Se abre en una ventana nueva)<\/span><\/a><\/li><li class=\"share-facebook\"><a rel=\"nofollow noopener noreferrer\" data-shared=\"sharing-facebook-35749\" class=\"share-facebook sd-button share-icon no-text\" href=\"http:\/\/www.rtvnoticias.com.ar\/?p=35749&amp;share=facebook\" target=\"_blank\" title=\"Haz clic para compartir en Facebook\"><span><\/span><span class=\"sharing-screen-reader-text\">Haz clic para compartir en Facebook (Se abre en una ventana nueva)<\/span><\/a><\/li><li class=\"share-jetpack-whatsapp\"><a rel=\"nofollow noopener noreferrer\" data-shared=\"\" class=\"share-jetpack-whatsapp sd-button share-icon no-text\" href=\"http:\/\/www.rtvnoticias.com.ar\/?p=35749&amp;share=jetpack-whatsapp\" target=\"_blank\" title=\"Haz clic para compartir en WhatsApp\"><span><\/span><span class=\"sharing-screen-reader-text\">Haz clic para compartir en WhatsApp (Se abre en una ventana nueva)<\/span><\/a><\/li><li class=\"share-telegram\"><a rel=\"nofollow noopener noreferrer\" data-shared=\"\" class=\"share-telegram sd-button share-icon no-text\" href=\"http:\/\/www.rtvnoticias.com.ar\/?p=35749&amp;share=telegram\" target=\"_blank\" title=\"Haz clic para compartir en Telegram\"><span><\/span><span class=\"sharing-screen-reader-text\">Haz clic para compartir en Telegram (Se abre en una ventana nueva)<\/span><\/a><\/li><li class=\"share-end\"><\/li><\/ul><\/div><\/div><\/div>","protected":false},"author":7,"featured_media":35750,"comment_status":"closed","ping_status":"closed","sticky":false,"template":"","format":"standard","meta":{"spay_email":"","jetpack_publicize_message":"","jetpack_is_tweetstorm":false,"jetpack_publicize_feature_enabled":true},"categories":[5],"tags":[],"jetpack_featured_media_url":"http:\/\/www.rtvnoticias.com.ar\/wp-content\/uploads\/2023\/02\/campo.jpg","jetpack_publicize_connections":[],"jetpack_sharing_enabled":true,"_links":{"self":[{"href":"http:\/\/www.rtvnoticias.com.ar\/index.php?rest_route=\/wp\/v2\/posts\/35749"}],"collection":[{"href":"http:\/\/www.rtvnoticias.com.ar\/index.php?rest_route=\/wp\/v2\/posts"}],"about":[{"href":"http:\/\/www.rtvnoticias.com.ar\/index.php?rest_route=\/wp\/v2\/types\/post"}],"author":[{"embeddable":true,"href":"http:\/\/www.rtvnoticias.com.ar\/index.php?rest_route=\/wp\/v2\/users\/7"}],"replies":[{"embeddable":true,"href":"http:\/\/www.rtvnoticias.com.ar\/index.php?rest_route=%2Fwp%2Fv2%2Fcomments&post=35749"}],"version-history":[{"count":1,"href":"http:\/\/www.rtvnoticias.com.ar\/index.php?rest_route=\/wp\/v2\/posts\/35749\/revisions"}],"predecessor-version":[{"id":35751,"href":"http:\/\/www.rtvnoticias.com.ar\/index.php?rest_route=\/wp\/v2\/posts\/35749\/revisions\/35751"}],"wp:featuredmedia":[{"embeddable":true,"href":"http:\/\/www.rtvnoticias.com.ar\/index.php?rest_route=\/wp\/v2\/media\/35750"}],"wp:attachment":[{"href":"http:\/\/www.rtvnoticias.com.ar\/index.php?rest_route=%2Fwp%2Fv2%2Fmedia&parent=35749"}],"wp:term":[{"taxonomy":"category","embeddable":true,"href":"http:\/\/www.rtvnoticias.com.ar\/index.php?rest_route=%2Fwp%2Fv2%2Fcategories&post=35749"},{"taxonomy":"post_tag","embeddable":true,"href":"http:\/\/www.rtvnoticias.com.ar\/index.php?rest_route=%2Fwp%2Fv2%2Ftags&post=35749"}],"curies":[{"name":"wp","href":"https:\/\/api.w.org\/{rel}","templated":true}]}}