{"id":35752,"date":"2023-02-28T19:40:58","date_gmt":"2023-02-28T22:40:58","guid":{"rendered":"http:\/\/www.rtvnoticias.com.ar\/?p=35752"},"modified":"2023-02-28T19:41:00","modified_gmt":"2023-02-28T22:41:00","slug":"quedo-inaugurado-el-hospital-rene-favaloro","status":"publish","type":"post","link":"http:\/\/www.rtvnoticias.com.ar\/?p=35752","title":{"rendered":"Qued\u00f3 inaugurado el Hospital \u201cRen\u00e9 Favaloro\u201d"},"content":{"rendered":"\n<p>\u201cHay un actor principal que est\u00e1 por sobre todos nosotros: el equipo de Salud, que se banc\u00f3 la peor de las crisis humanitarias de los \u00faltimos cien a\u00f1os. Algunos dieron hasta su vida por proteger a los dem\u00e1s\u201d dijo esta ma\u00f1ana el gobernador Sergio Ziliotto al dejar inaugurado el Hospital de Complejidad Creciente \u201cRen\u00e9 Favaloro\u201d junto a la ministra de Salud de la Naci\u00f3n, Carla Vizzotti. El nosocomio es, sin dudas, un referente regional, que recibir\u00e1 tanto a pampeanas y pampeanos como a vecinos de otras provincias. La inversi\u00f3n supera los 13 mil millones de pesos. &nbsp;El gobernador Sergio Ziliotto y el ministro de Salud de La Pampa. Mario Rub\u00e9n Kohan recibieron a la ministra de Salud de la Naci\u00f3n, Carla Vizzotti, y a su comitiva, integrada por el secretario de Equidad en Salud, V\u00edctor Urbani, el secretario de Gesti\u00f3n Administrativa, Mauricio Monsalvo, el subsecretario de Calidad, Regulaci\u00f3n y Fiscalizaci\u00f3n, Claudio Ort\u00edz, y el director general de Administraci\u00f3n, Alfredo Maldonado.&nbsp;<br>Los funcionarios nacionales se sumaron as\u00ed a los provinciales para descubrir la placa inaugural y realizar el corte de cintas protocolar. Seguidamente las autoridades, entre las que se contaban el vicegobernador Mariano Fern\u00e1ndez; el intendente de Santa Rosa, Luciano di N\u00e1poli; el subsecretario de Salud, Gustavo Vera; funcionarios, funcionarias, diputados, diputadas,&nbsp; intendentas e intendentes pampeanos, recorrieron el hospital guiados por su &nbsp;director, Ra\u00fal \u00c1lvarez.<br><br><strong>\u201cUn enorme paso\u201d<\/strong><br>Ziliotto agradeci\u00f3 \u201cla presencia, la predisposici\u00f3n y el apoyo de la ministra Vizzotti. Veo aqu\u00ed representantes de la institucionalidad de La Pampa, integrantes del gabinete provincial, del Superior Tribunal de Justicia, de la C\u00e1mara de Diputados, legisladores nacionales e integrantes del Tribunal de Cuentas, esto da una muestra de la magnitud del paso que estamos dando. Me toca hoy a m\u00ed, como Gobernador, estar aqu\u00ed, pero much\u00edsima gente le puso el hombro y la decisi\u00f3n para llegar a esta hermosa realidad\u201d.&nbsp;<br>Destac\u00f3 la presencia del ex gobernador Oscar Mario Jorge, \u201cquien tom\u00f3 la decisi\u00f3n de ejecutar un hospital que escalara la calidad de la Salud P\u00fablica de La Pampa\u201d, y record\u00f3 el accionar del ex gobernador Carlos Verna, \u201ccuyo impulso fue determinante para finalizar esta obra\u201d. Asimismo valor\u00f3 la intervenci\u00f3n de &nbsp;la C\u00e1mara de Diputados \u201cque aport\u00f3 su mirada cuando, como siempre sucede en Argentina, los vaivenes de la econom\u00eda nacional nos pegan en el coraz\u00f3n de nuestro funcionamiento, que son los recursos del presupuesto provincial\u201d.&nbsp;<br>\u201cEsto es una pel\u00edcula -remarc\u00f3 Ziliotto-, quiz\u00e1 hoy la foto nos detenga en el hecho ic\u00f3nico de inaugurar un centro de referencia regional, que tiene la capacidad para absorber el crecimiento de La Pampa hasta los 500 mil habitantes, pero hoy tiene capacidad para dar respuestas a habitantes de la regi\u00f3n, porque sabemos que pacientes de provincias vecinas vienen a atenderse en la salud p\u00fablica pampeana. Y todos, en un marco de igualdad, acceden a ese enorme servicio p\u00fablico. Algo que est\u00e1 merituado de la mejor manera en la sociedad\u201d.<br><br><strong>Fortaleciendo la red de salud<\/strong><br>\u201cEsto es un centro de referencia, es un enorme paso -subray\u00f3 el Gobernador-, pero tambi\u00e9n es un paso m\u00e1s. Fortalecer\u00e1 la red de salud que tenemos en La Pampa, m\u00e1s de cien centros de salud que prestan servicios en lo m\u00e1s rec\u00f3ndito de nuestro territorio, aquellos con m\u00e1s dif\u00edcil acceso, porque no nos interesa la cantidad, nos interesa la necesidad e, ideol\u00f3gicamente, garantizamos ese derecho\u201d.&nbsp;<br>\u201cPor eso -continu\u00f3- hablamos de Redes de Salud. Algo que no s\u00f3lo se viene fortaleciendo con infraestructura, con equipamiento, con recurso humano calificado; sino tambi\u00e9n con esa enorme herramienta que es, a partir de la conectividad, la Telemedicina. El a\u00f1o pasado la C\u00e1mara de Diputados le dio rango de Ley, rango de pol\u00edtica de Estado, para que podamos tener Telemedicina e Historia Cl\u00ednica Digital \u00danica, esto permite atender la salud en igualdad de condiciones y con igualdad de acceso\u201d.&nbsp;<br>Destac\u00f3 &nbsp;que \u201cen esta foto hay un actor principal que est\u00e1 por sobre todos nosotros: el equipo de Salud, que se banc\u00f3 la peor de las crisis humanitarias de los \u00faltimos cien a\u00f1os. Algunos dieron hasta su vida por proteger a los dem\u00e1s. Este es un d\u00eda muy importante para La Pampa. La mejor imagen que nos podemos llevar es la alegr\u00eda que tiene este equipo de salud\u201d, finaliz\u00f3.<br><br><strong>Articulaci\u00f3n federal<\/strong><br>La ministra Vizzotti asegur\u00f3: \u201cpriorizamos la salud y La Pampa ha tenido una gran respuesta durante la pandemia. El esfuerzo fue enorme, por eso valoramos estar hoy aqu\u00ed, inaugurando este hospital, que demuestra el \u00e9xito de articularse en forma federal\u201d.<br>Detall\u00f3 la ministra que se trata de un hospital \u201cmoderno, con todas las caracter\u00edsticas de \u00faltima tecnolog\u00eda, con una aparatolog\u00eda de \u00faltima generaci\u00f3n &nbsp;y una inversi\u00f3n muy grande y, sobre todo, centrada en los pacientes, que son lo m\u00e1s importante\u201d.<br>La funcionaria nacional explic\u00f3 que el presidente \u201cprioriz\u00f3 la salud antes de la pandemia. Luego respondimos a este flagelo. A partir de ah\u00ed comenzamos a pensar en la reconstrucci\u00f3n del sistema de salud, que tiene una inversi\u00f3n de m\u00e1s de 500 millones de d\u00f3lares. La Pampa participa de ese trabajo, por eso vemos en la entrada 4 de las 10 ambulancias que recibi\u00f3 la Provincia\u201d.<br>Parte del equipamiento del hospital Favaloro es aportado por el gobierno nacional. \u201cEl resonador, el primero que tiene Salud P\u00fablica; el angi\u00f3grafo digital y un tom\u00f3grafo de alta calidad; adem\u00e1s del tom\u00f3grafo ya instalado en el hospital Luisa Pedemonte de Pistarini de Victorica\u201d, detall\u00f3 la ministra y adelant\u00f3 que con recursos nacionales \u201cestamos empezando a construir, en este predio -el del Hospital Favaloro-, un almac\u00e9n&nbsp; de vacunas con un presupuesto de $165.000.000\u201d.<br>\u201cVer la cara del equipo de salud, compartir su alegr\u00eda, es un orgullo. Estamos trabajando de manera conjunta. Felicitaciones a todos. Seguimos adelante\u201d concluy\u00f3 la titular del ministerio de Salud de la Naci\u00f3n.<br><br><strong>Sumar esfuerzos<\/strong><br>En tanto, el ministro de Salud pampeano, Mario Rub\u00e9n Kohan, agradeci\u00f3 \u201cprofundamente a todos los integrantes del equipo de Salud que siempre est\u00e1n presentes\u00bb y destac\u00f3 el \u201cpermanente apoyo en las pol\u00edticas sanitarias del gobernador Sergio Ziliotto\u00bb.&nbsp;<br>\u201cEsto -dijo Kohan- significa fortalecer la red de salud y se transforma en una poderosa herramienta para la regi\u00f3n. Sin el compromiso del Gobernador y sin la articulaci\u00f3n con Naci\u00f3n esto hubiera sido imposible. Pero -subray\u00f3- cuando se suman los esfuerzos a la vista est\u00e1n los resultados\u201d.&nbsp;<br>El titular de la cartera de Salud detall\u00f3 que \u201cestamos frente a un nuevo paradigma, donde se atiende por la complejidad del paciente y no por divisi\u00f3n de servicios\u201d y explic\u00f3 que la mudanza del Molas al Favaloro ser\u00e1 progresiva, porque \u201cmientras hacemos el proceso de traslado, estamos asistiendo a pacientes en el hospital Lucio Molas\u201d.&nbsp;<br><br><strong>Puesta en marcha progresiva<\/strong><br>Cabe aclarar que el hospital, cuya obra edilicia est\u00e1 finalizada, tendr\u00e1 una puesta en marcha progresiva y por etapas, incorporando servicios hasta alcanzar el total funcionamiento en los meses sucesivos.<br>Los ya inaugurados son: Diagn\u00f3stico por Im\u00e1genes, Banco de Sangre, Anatom\u00eda Patol\u00f3gica, Traumatolog\u00eda, Vacunaci\u00f3n, Admisi\u00f3n Central y \u00c1rea Administrativa. En tanto se espera que dentro de dos meses, luego del servicio de Internaci\u00f3n, se ponga en funcionamiento el Resonador.<br>Se trata de un edificio desarrollado en dos plantas que ocupan 26.000 metros cuadrados; con un ingreso al p\u00fablico por la calle Aconcagua y la entrada de servicios por la calle Filiberto.<br>Sus 250 camas de internaci\u00f3n de \u201ccuidados progresivos\u201d est\u00e1n destinadas a diferentes especialidades como Pediatr\u00eda, Gineco Obstetricia y Adultos. Involucrando tambi\u00e9n las Terapias Intensivas de Adultos (28 camas), de Pediatr\u00eda (8 camas) y Neonatolog\u00eda (18 unidades). La Terapia Intensiva de Adultos podr\u00eda extenderse a 16 camas m\u00e1s en funci\u00f3n de la demanda. Posee tambi\u00e9n 9 quir\u00f3fanos (5 funcionaran como los habituales y los otros 4 para distintas prestaciones complejas).<br><br><strong>Equipamiento<\/strong><br>La naci\u00f3n aport\u00f3 para este proyecto: $ 790.000.000 e importante equipamiento. El primer Resonador Nuclear Magn\u00e9tico de 1.5 Tesla para Salud P\u00fablica, al que se sumar\u00e1n, pr\u00f3ximamente un cineangiografo para hacer cateterismos card\u00edacos y un el Sistema de Alta Productividad que incluye: un seri\u00f3grafo, un mam\u00f3grafo, un ec\u00f3grafo general que permite realizar elastograf\u00eda (evaluar la rigidez de los \u00f3rganos), un eco doppler color con sonda transesof\u00e1gica y un equipo port\u00e1til de rayos.<br>Tambi\u00e9n cinco Estaciones de Trabajo: una estaci\u00f3n de Diagn\u00f3stico; una impresora de placas radiogr\u00e1ficas; un equipo fijo de Rayos; un digitalizador de Im\u00e1genes; y un Sistema Digital de Manejo, Comunicaci\u00f3n y Transporte de Im\u00e1genes.<\/p>\n<div class=\"sharedaddy sd-sharing-enabled\"><div class=\"robots-nocontent sd-block sd-social sd-social-icon sd-sharing\"><h3 class=\"sd-title\">Comparte esto:<\/h3><div class=\"sd-content\"><ul><li class=\"share-twitter\"><a rel=\"nofollow noopener noreferrer\" data-shared=\"sharing-twitter-35752\" class=\"share-twitter sd-button share-icon no-text\" href=\"http:\/\/www.rtvnoticias.com.ar\/?p=35752&amp;share=twitter\" target=\"_blank\" title=\"Haz clic para compartir en Twitter\"><span><\/span><span class=\"sharing-screen-reader-text\">Haz clic para compartir en Twitter (Se abre en una ventana nueva)<\/span><\/a><\/li><li class=\"share-facebook\"><a rel=\"nofollow noopener noreferrer\" data-shared=\"sharing-facebook-35752\" class=\"share-facebook sd-button share-icon no-text\" href=\"http:\/\/www.rtvnoticias.com.ar\/?p=35752&amp;share=facebook\" target=\"_blank\" title=\"Haz clic para compartir en Facebook\"><span><\/span><span class=\"sharing-screen-reader-text\">Haz clic para compartir en Facebook (Se abre en una ventana nueva)<\/span><\/a><\/li><li class=\"share-jetpack-whatsapp\"><a rel=\"nofollow noopener noreferrer\" data-shared=\"\" class=\"share-jetpack-whatsapp sd-button share-icon no-text\" href=\"http:\/\/www.rtvnoticias.com.ar\/?p=35752&amp;share=jetpack-whatsapp\" target=\"_blank\" title=\"Haz clic para compartir en WhatsApp\"><span><\/span><span class=\"sharing-screen-reader-text\">Haz clic para compartir en WhatsApp (Se abre en una ventana nueva)<\/span><\/a><\/li><li class=\"share-telegram\"><a rel=\"nofollow noopener noreferrer\" data-shared=\"\" class=\"share-telegram sd-button share-icon no-text\" href=\"http:\/\/www.rtvnoticias.com.ar\/?p=35752&amp;share=telegram\" target=\"_blank\" title=\"Haz clic para compartir en Telegram\"><span><\/span><span class=\"sharing-screen-reader-text\">Haz clic para compartir en Telegram (Se abre en una ventana nueva)<\/span><\/a><\/li><li class=\"share-end\"><\/li><\/ul><\/div><\/div><\/div>","protected":false},"excerpt":{"rendered":"<p>\u201cHay un actor principal que est\u00e1 por sobre todos nosotros: el equipo de Salud, que se banc\u00f3 la peor de las crisis humanitarias de los<\/p>\n<div class=\"sharedaddy sd-sharing-enabled\"><div class=\"robots-nocontent sd-block sd-social sd-social-icon sd-sharing\"><h3 class=\"sd-title\">Comparte esto:<\/h3><div class=\"sd-content\"><ul><li class=\"share-twitter\"><a rel=\"nofollow noopener noreferrer\" data-shared=\"sharing-twitter-35752\" class=\"share-twitter sd-button share-icon no-text\" href=\"http:\/\/www.rtvnoticias.com.ar\/?p=35752&amp;share=twitter\" target=\"_blank\" title=\"Haz clic para compartir en Twitter\"><span><\/span><span class=\"sharing-screen-reader-text\">Haz clic para compartir en Twitter (Se abre en una ventana nueva)<\/span><\/a><\/li><li class=\"share-facebook\"><a rel=\"nofollow noopener noreferrer\" data-shared=\"sharing-facebook-35752\" class=\"share-facebook sd-button share-icon no-text\" href=\"http:\/\/www.rtvnoticias.com.ar\/?p=35752&amp;share=facebook\" target=\"_blank\" title=\"Haz clic para compartir en Facebook\"><span><\/span><span class=\"sharing-screen-reader-text\">Haz clic para compartir en Facebook (Se abre en una ventana nueva)<\/span><\/a><\/li><li class=\"share-jetpack-whatsapp\"><a rel=\"nofollow noopener noreferrer\" data-shared=\"\" class=\"share-jetpack-whatsapp sd-button share-icon no-text\" href=\"http:\/\/www.rtvnoticias.com.ar\/?p=35752&amp;share=jetpack-whatsapp\" target=\"_blank\" title=\"Haz clic para compartir en WhatsApp\"><span><\/span><span class=\"sharing-screen-reader-text\">Haz clic para compartir en WhatsApp (Se abre en una ventana nueva)<\/span><\/a><\/li><li class=\"share-telegram\"><a rel=\"nofollow noopener noreferrer\" data-shared=\"\" class=\"share-telegram sd-button share-icon no-text\" href=\"http:\/\/www.rtvnoticias.com.ar\/?p=35752&amp;share=telegram\" target=\"_blank\" title=\"Haz clic para compartir en Telegram\"><span><\/span><span class=\"sharing-screen-reader-text\">Haz clic para compartir en Telegram (Se abre en una ventana nueva)<\/span><\/a><\/li><li class=\"share-end\"><\/li><\/ul><\/div><\/div><\/div>","protected":false},"author":7,"featured_media":35753,"comment_status":"closed","ping_status":"closed","sticky":false,"template":"","format":"standard","meta":{"spay_email":"","jetpack_publicize_message":"","jetpack_is_tweetstorm":false,"jetpack_publicize_feature_enabled":true},"categories":[1],"tags":[],"jetpack_featured_media_url":"http:\/\/www.rtvnoticias.com.ar\/wp-content\/uploads\/2023\/02\/hospital-favaloro-scaled.jpg","jetpack_publicize_connections":[],"jetpack_sharing_enabled":true,"_links":{"self":[{"href":"http:\/\/www.rtvnoticias.com.ar\/index.php?rest_route=\/wp\/v2\/posts\/35752"}],"collection":[{"href":"http:\/\/www.rtvnoticias.com.ar\/index.php?rest_route=\/wp\/v2\/posts"}],"about":[{"href":"http:\/\/www.rtvnoticias.com.ar\/index.php?rest_route=\/wp\/v2\/types\/post"}],"author":[{"embeddable":true,"href":"http:\/\/www.rtvnoticias.com.ar\/index.php?rest_route=\/wp\/v2\/users\/7"}],"replies":[{"embeddable":true,"href":"http:\/\/www.rtvnoticias.com.ar\/index.php?rest_route=%2Fwp%2Fv2%2Fcomments&post=35752"}],"version-history":[{"count":1,"href":"http:\/\/www.rtvnoticias.com.ar\/index.php?rest_route=\/wp\/v2\/posts\/35752\/revisions"}],"predecessor-version":[{"id":35754,"href":"http:\/\/www.rtvnoticias.com.ar\/index.php?rest_route=\/wp\/v2\/posts\/35752\/revisions\/35754"}],"wp:featuredmedia":[{"embeddable":true,"href":"http:\/\/www.rtvnoticias.com.ar\/index.php?rest_route=\/wp\/v2\/media\/35753"}],"wp:attachment":[{"href":"http:\/\/www.rtvnoticias.com.ar\/index.php?rest_route=%2Fwp%2Fv2%2Fmedia&parent=35752"}],"wp:term":[{"taxonomy":"category","embeddable":true,"href":"http:\/\/www.rtvnoticias.com.ar\/index.php?rest_route=%2Fwp%2Fv2%2Fcategories&post=35752"},{"taxonomy":"post_tag","embeddable":true,"href":"http:\/\/www.rtvnoticias.com.ar\/index.php?rest_route=%2Fwp%2Fv2%2Ftags&post=35752"}],"curies":[{"name":"wp","href":"https:\/\/api.w.org\/{rel}","templated":true}]}}