{"id":35755,"date":"2023-02-28T19:43:53","date_gmt":"2023-02-28T22:43:53","guid":{"rendered":"http:\/\/www.rtvnoticias.com.ar\/?p=35755"},"modified":"2023-02-28T19:43:55","modified_gmt":"2023-02-28T22:43:55","slug":"con-fuertes-cruces-el-oficialismo-convirtio-en-ley-la-moratoria-previsional","status":"publish","type":"post","link":"http:\/\/www.rtvnoticias.com.ar\/?p=35755","title":{"rendered":"Con fuertes cruces, el oficialismo convirti\u00f3 en ley la moratoria previsional"},"content":{"rendered":"\n<p class=\"has-text-align-center\"><strong>tras un ajustado qu\u00f3rum en Diputados con ayuda de partidos minoritarios, el Frente de Todos aprob\u00f3 la norma que permitir\u00e1 jubilarse a unas 800 mil personas sin 30 a\u00f1os de aportes.<\/strong><\/p>\n\n\n\n<p>Tras alcanzar un ajustado qu\u00f3rum en el recinto, el Frente de Todos logr\u00f3 habilitar una sesi\u00f3n luego de tres meses y, al cabo de un tenso debate con la oposici\u00f3n, consigui\u00f3 este martes aprobar el proyecto de regularizaci\u00f3n de deudas previsionales.<\/p>\n\n\n\n<p>Con 134 votos afirmativos y 107 negativos, el oficialismo logr\u00f3 la sanci\u00f3n de esta moratoria previsional, que permitir\u00e1 que cerca de 800.000 personas, que no llegan a los 30 a\u00f1os de aportes, tengan la posibilidad de jubilarse.<\/p>\n\n\n\n<p>A trav\u00e9s de un comunicado, Juntos por el Cambio hab\u00eda adelantado momentos antes de iniciarse la sesi\u00f3n su rechazo a la moratoria previsional por considerarla un \u00abparche\u00bb, que no hace justicia con las personas que aportaron a la seguridad social toda la vida.<\/p>\n\n\n\n<p>El oficialismo hab\u00eda logrado asistencia perfecta, con sus 117 integrantes sentados en sus bancas, sumado a los cuatro diputados del Frente de Izquierda, dos del Frente de la Concordia y Luis Di Gi\u00e1como, de Juntos Somos R\u00edo Negro, pero, faltando un pu\u00f1ado de minutos para las 11, todav\u00eda le restaban cuatro representantes para llegar al n\u00famero de 129.<\/p>\n\n\n\n<p>A \u00faltimo momento, ingresaron los socialistas santafesinos, M\u00f3nica Fein y Enrique Est\u00e9vez, y los peronistas disidentes de Identidad Bonaerense, Alejandro \u00abTopo\u00bb Rodr\u00edguez y Graciela Cama\u00f1o.<\/p>\n\n\n\n<p>La C\u00e1mara Baja no sesionaba desde el 24 de noviembre pasado, hace m\u00e1s de tres meses: en diciembre, hubo tres sesiones que se cayeron estrepitosamente por la renuncia de Juntos por el Cambio a otorgar qu\u00f3rum, en medio de su pelea con el Frente de Todos por el conflicto del Consejo de la Magistratura.<\/p>\n\n\n\n<p>Durante todo el verano, el oficialismo busc\u00f3 caminos para convocar a una sesi\u00f3n, pero el inicio del procedimiento de Juicio Pol\u00edtico contra la Corte soliviant\u00f3 a la oposici\u00f3n y atent\u00f3 contra la posibilidad de reunir al recinto para votar leyes.<\/p>\n\n\n\n<p>El proyecto central, que estuvo sobre la palestra en la sesi\u00f3n de este martes, es el programa de regularizaci\u00f3n de deudas previsionales -mal llamada moratoria-, que caduc\u00f3 el 31 de diciembre pasado y que, sin su pr\u00f3rroga, deja a cerca de 800.000 personas, que no llegan con los 30 a\u00f1os de aportes, fuera de la posibilidad de jubilarse<\/p>\n<div class=\"sharedaddy sd-sharing-enabled\"><div class=\"robots-nocontent sd-block sd-social sd-social-icon sd-sharing\"><h3 class=\"sd-title\">Comparte esto:<\/h3><div class=\"sd-content\"><ul><li class=\"share-twitter\"><a rel=\"nofollow noopener noreferrer\" data-shared=\"sharing-twitter-35755\" class=\"share-twitter sd-button share-icon no-text\" href=\"http:\/\/www.rtvnoticias.com.ar\/?p=35755&amp;share=twitter\" target=\"_blank\" title=\"Haz clic para compartir en Twitter\"><span><\/span><span class=\"sharing-screen-reader-text\">Haz clic para compartir en Twitter (Se abre en una ventana nueva)<\/span><\/a><\/li><li class=\"share-facebook\"><a rel=\"nofollow noopener noreferrer\" data-shared=\"sharing-facebook-35755\" class=\"share-facebook sd-button share-icon no-text\" href=\"http:\/\/www.rtvnoticias.com.ar\/?p=35755&amp;share=facebook\" target=\"_blank\" title=\"Haz clic para compartir en Facebook\"><span><\/span><span class=\"sharing-screen-reader-text\">Haz clic para compartir en Facebook (Se abre en una ventana nueva)<\/span><\/a><\/li><li class=\"share-jetpack-whatsapp\"><a rel=\"nofollow noopener noreferrer\" data-shared=\"\" class=\"share-jetpack-whatsapp sd-button share-icon no-text\" href=\"http:\/\/www.rtvnoticias.com.ar\/?p=35755&amp;share=jetpack-whatsapp\" target=\"_blank\" title=\"Haz clic para compartir en WhatsApp\"><span><\/span><span class=\"sharing-screen-reader-text\">Haz clic para compartir en WhatsApp (Se abre en una ventana nueva)<\/span><\/a><\/li><li class=\"share-telegram\"><a rel=\"nofollow noopener noreferrer\" data-shared=\"\" class=\"share-telegram sd-button share-icon no-text\" href=\"http:\/\/www.rtvnoticias.com.ar\/?p=35755&amp;share=telegram\" target=\"_blank\" title=\"Haz clic para compartir en Telegram\"><span><\/span><span class=\"sharing-screen-reader-text\">Haz clic para compartir en Telegram (Se abre en una ventana nueva)<\/span><\/a><\/li><li class=\"share-end\"><\/li><\/ul><\/div><\/div><\/div>","protected":false},"excerpt":{"rendered":"<p>tras un ajustado qu\u00f3rum en Diputados con ayuda de partidos minoritarios, el Frente de Todos aprob\u00f3 la norma que permitir\u00e1 jubilarse a unas 800 mil<\/p>\n<div class=\"sharedaddy sd-sharing-enabled\"><div class=\"robots-nocontent sd-block sd-social sd-social-icon sd-sharing\"><h3 class=\"sd-title\">Comparte esto:<\/h3><div class=\"sd-content\"><ul><li class=\"share-twitter\"><a rel=\"nofollow noopener noreferrer\" data-shared=\"sharing-twitter-35755\" class=\"share-twitter sd-button share-icon no-text\" href=\"http:\/\/www.rtvnoticias.com.ar\/?p=35755&amp;share=twitter\" target=\"_blank\" title=\"Haz clic para compartir en Twitter\"><span><\/span><span class=\"sharing-screen-reader-text\">Haz clic para compartir en Twitter (Se abre en una ventana nueva)<\/span><\/a><\/li><li class=\"share-facebook\"><a rel=\"nofollow noopener noreferrer\" data-shared=\"sharing-facebook-35755\" class=\"share-facebook sd-button share-icon no-text\" href=\"http:\/\/www.rtvnoticias.com.ar\/?p=35755&amp;share=facebook\" target=\"_blank\" title=\"Haz clic para compartir en Facebook\"><span><\/span><span class=\"sharing-screen-reader-text\">Haz clic para compartir en Facebook (Se abre en una ventana nueva)<\/span><\/a><\/li><li class=\"share-jetpack-whatsapp\"><a rel=\"nofollow noopener noreferrer\" data-shared=\"\" class=\"share-jetpack-whatsapp sd-button share-icon no-text\" href=\"http:\/\/www.rtvnoticias.com.ar\/?p=35755&amp;share=jetpack-whatsapp\" target=\"_blank\" title=\"Haz clic para compartir en WhatsApp\"><span><\/span><span class=\"sharing-screen-reader-text\">Haz clic para compartir en WhatsApp (Se abre en una ventana nueva)<\/span><\/a><\/li><li class=\"share-telegram\"><a rel=\"nofollow noopener noreferrer\" data-shared=\"\" class=\"share-telegram sd-button share-icon no-text\" href=\"http:\/\/www.rtvnoticias.com.ar\/?p=35755&amp;share=telegram\" target=\"_blank\" title=\"Haz clic para compartir en Telegram\"><span><\/span><span class=\"sharing-screen-reader-text\">Haz clic para compartir en Telegram (Se abre en una ventana nueva)<\/span><\/a><\/li><li class=\"share-end\"><\/li><\/ul><\/div><\/div><\/div>","protected":false},"author":7,"featured_media":15087,"comment_status":"closed","ping_status":"closed","sticky":false,"template":"","format":"standard","meta":{"spay_email":"","jetpack_publicize_message":"","jetpack_is_tweetstorm":false,"jetpack_publicize_feature_enabled":true},"categories":[5],"tags":[],"jetpack_featured_media_url":"http:\/\/www.rtvnoticias.com.ar\/wp-content\/uploads\/2019\/09\/diputados-nacional.jpg","jetpack_publicize_connections":[],"jetpack_sharing_enabled":true,"_links":{"self":[{"href":"http:\/\/www.rtvnoticias.com.ar\/index.php?rest_route=\/wp\/v2\/posts\/35755"}],"collection":[{"href":"http:\/\/www.rtvnoticias.com.ar\/index.php?rest_route=\/wp\/v2\/posts"}],"about":[{"href":"http:\/\/www.rtvnoticias.com.ar\/index.php?rest_route=\/wp\/v2\/types\/post"}],"author":[{"embeddable":true,"href":"http:\/\/www.rtvnoticias.com.ar\/index.php?rest_route=\/wp\/v2\/users\/7"}],"replies":[{"embeddable":true,"href":"http:\/\/www.rtvnoticias.com.ar\/index.php?rest_route=%2Fwp%2Fv2%2Fcomments&post=35755"}],"version-history":[{"count":1,"href":"http:\/\/www.rtvnoticias.com.ar\/index.php?rest_route=\/wp\/v2\/posts\/35755\/revisions"}],"predecessor-version":[{"id":35756,"href":"http:\/\/www.rtvnoticias.com.ar\/index.php?rest_route=\/wp\/v2\/posts\/35755\/revisions\/35756"}],"wp:featuredmedia":[{"embeddable":true,"href":"http:\/\/www.rtvnoticias.com.ar\/index.php?rest_route=\/wp\/v2\/media\/15087"}],"wp:attachment":[{"href":"http:\/\/www.rtvnoticias.com.ar\/index.php?rest_route=%2Fwp%2Fv2%2Fmedia&parent=35755"}],"wp:term":[{"taxonomy":"category","embeddable":true,"href":"http:\/\/www.rtvnoticias.com.ar\/index.php?rest_route=%2Fwp%2Fv2%2Fcategories&post=35755"},{"taxonomy":"post_tag","embeddable":true,"href":"http:\/\/www.rtvnoticias.com.ar\/index.php?rest_route=%2Fwp%2Fv2%2Ftags&post=35755"}],"curies":[{"name":"wp","href":"https:\/\/api.w.org\/{rel}","templated":true}]}}