{"id":35759,"date":"2023-03-01T10:28:56","date_gmt":"2023-03-01T13:28:56","guid":{"rendered":"http:\/\/www.rtvnoticias.com.ar\/?p=35759"},"modified":"2023-03-01T10:28:59","modified_gmt":"2023-03-01T13:28:59","slug":"con-la-interna-de-fondo-fernandez-abre-sesiones-del-congreso-con-cristina","status":"publish","type":"post","link":"http:\/\/www.rtvnoticias.com.ar\/?p=35759","title":{"rendered":"Con la interna de fondo, Fern\u00e1ndez abre sesiones del Congreso con Cristina"},"content":{"rendered":"\n<p class=\"has-text-align-center\"><strong>El Presidente encabezar\u00e1 a las 11 su cuarto y \u00faltimo discurso ante la Asamblea Legislativa. Se reencontrar\u00e1 con la vicepresidenta luego de meses. Ir\u00e1n dos jueces de la Corte Suprema.<\/strong><\/p>\n\n\n\n<p>El presidente Alberto Fern\u00e1ndez encabezar\u00e1 este mi\u00e9rcoles su cuarto y \u00faltimo discurso ante la Asamblea Legislativa para dejar inaugurado el 141\u00b0 Per\u00edodo de Sesiones Ordinarias en el Congreso de la Naci\u00f3n, oportunidad en la que se volver\u00e1 a ver cara a cara con la vicepresidenta Cristina Kirchner, en medio de los conflictos internos que atraviesa el Frente de Todos por las candidaturas electorales.<\/p>\n\n\n\n<p>\u00abVa a ser una actividad protocolar, en la que se van a encontrar el presidente y la vicepresidenta. No le busquen m\u00e1s vuelta al tema\u00bb, sentenci\u00f3 a NA una importante fuente del Ejecutivo nacional, quien busc\u00f3 bajar la expectativa que se gener\u00f3 alrededor del reencuentro p\u00fablico de los m\u00e1ximos dirigentes de la coalici\u00f3n gobernante.<\/p>\n\n\n\n<p>El discurso de Fern\u00e1ndez frente al Parlamento transcurrir\u00e1 en medio de las tensiones que existen entre la Casa Rosada y el kirchnerismo, acentuadas por el armado electoral de cara a las elecciones de este a\u00f1o, sumado a que el Presidente deber\u00e1 tomar\u00e1 asiento junto a Cristina Kirchner, con quien no comparte actividad desde hace meses.<\/p>\n\n\n\n<p>Seg\u00fan supo NA, el jefe de Estado realizar\u00e1 \u00abun repaso de los logros de su gesti\u00f3n y plantear\u00e1 los desaf\u00edos que quedan por delante\u00bb, a pocos meses de concluir con su tarea al frente del Ejecutivo nacional.<\/p>\n\n\n\n<p>Desde Balcarce 50, anticiparon que la alocuci\u00f3n de Fern\u00e1ndez se extender\u00e1 al menos durante una hora y media, en la que abordar\u00e1 una amplia gama de temas y reflotar\u00e1 algunos proyectos de ley que no fueron tratados por el Congreso de la Naci\u00f3n por negativa de la oposici\u00f3n.<\/p>\n\n\n\n<p>En medio de la pol\u00e9mica por el pedido de juicio pol\u00edtico contra los miembros de la Corte Suprema de Justicia, impulsado por el Ejecutivo nacional, los miembros del m\u00e1ximo tribunal resolvieron que ser\u00e1n representados en el Congreso por dos de los integrantes, Horacio Rosatti y Carlos Rosenkrantz.<\/p>\n\n\n\n<p>En cuanto al discurso de Alberto Fern\u00e1ndez ante la Asamblea Legislativa, el canciller Santiago Cafiero asegur\u00f3 que tendr\u00e1 \u00abel objetivo de vencer el des\u00e1nimo\u00bb y no aprovechar\u00e1 la oportunidad para \u00abuna cuesti\u00f3n electoral o partidaria\u00bb.<\/p>\n\n\n\n<p>En declaraciones radiales, el funcionario nacional confirm\u00f3 que no podr\u00e1 asistir al Congreso por encontrarse cumpliendo con agenda oficial en el exterior del pa\u00eds, pero confi\u00f3 en que las palabras del jefe de Estado ser\u00e1n de tinte \u00abesperanzador\u00bb.<\/p>\n\n\n\n<p>Fern\u00e1ndez dejar\u00e1 inaugurado el nuevo per\u00edodo de sesiones ordinarias en una ceremonia prevista para las 11, en el recinto de la C\u00e1mara de Diputados, donde Cristina Kirchner ser\u00e1 la encargada de los rigores formales del acto y de recibir al mandatario en la explanada del Palacio Legislativo.<\/p>\n\n\n\n<p>La exmandataria, quien estar\u00e1 acompa\u00f1ada por la titular de la C\u00e1mara de Diputados, Cecilia Moreau, ser\u00e1 la encargada de escoltar al Presidente hasta el Sal\u00f3n Azul del Senado para la firma del libro de actas.<\/p>\n\n\n\n<p>Fern\u00e1ndez tendr\u00e1 entre sus espectadores a los integrantes del gabinete nacional, los gobernadores y miembros del Poder Judicial y de la diplomacia.<\/p>\n\n\n\n<p>Fuente: NA<\/p>\n<div class=\"sharedaddy sd-sharing-enabled\"><div class=\"robots-nocontent sd-block sd-social sd-social-icon sd-sharing\"><h3 class=\"sd-title\">Comparte esto:<\/h3><div class=\"sd-content\"><ul><li class=\"share-twitter\"><a rel=\"nofollow noopener noreferrer\" data-shared=\"sharing-twitter-35759\" class=\"share-twitter sd-button share-icon no-text\" href=\"http:\/\/www.rtvnoticias.com.ar\/?p=35759&amp;share=twitter\" target=\"_blank\" title=\"Haz clic para compartir en Twitter\"><span><\/span><span class=\"sharing-screen-reader-text\">Haz clic para compartir en Twitter (Se abre en una ventana nueva)<\/span><\/a><\/li><li class=\"share-facebook\"><a rel=\"nofollow noopener noreferrer\" data-shared=\"sharing-facebook-35759\" class=\"share-facebook sd-button share-icon no-text\" href=\"http:\/\/www.rtvnoticias.com.ar\/?p=35759&amp;share=facebook\" target=\"_blank\" title=\"Haz clic para compartir en Facebook\"><span><\/span><span class=\"sharing-screen-reader-text\">Haz clic para compartir en Facebook (Se abre en una ventana nueva)<\/span><\/a><\/li><li class=\"share-jetpack-whatsapp\"><a rel=\"nofollow noopener noreferrer\" data-shared=\"\" class=\"share-jetpack-whatsapp sd-button share-icon no-text\" href=\"http:\/\/www.rtvnoticias.com.ar\/?p=35759&amp;share=jetpack-whatsapp\" target=\"_blank\" title=\"Haz clic para compartir en WhatsApp\"><span><\/span><span class=\"sharing-screen-reader-text\">Haz clic para compartir en WhatsApp (Se abre en una ventana nueva)<\/span><\/a><\/li><li class=\"share-telegram\"><a rel=\"nofollow noopener noreferrer\" data-shared=\"\" class=\"share-telegram sd-button share-icon no-text\" href=\"http:\/\/www.rtvnoticias.com.ar\/?p=35759&amp;share=telegram\" target=\"_blank\" title=\"Haz clic para compartir en Telegram\"><span><\/span><span class=\"sharing-screen-reader-text\">Haz clic para compartir en Telegram (Se abre en una ventana nueva)<\/span><\/a><\/li><li class=\"share-end\"><\/li><\/ul><\/div><\/div><\/div>","protected":false},"excerpt":{"rendered":"<p>El Presidente encabezar\u00e1 a las 11 su cuarto y \u00faltimo discurso ante la Asamblea Legislativa. Se reencontrar\u00e1 con la vicepresidenta luego de meses. Ir\u00e1n dos<\/p>\n<div class=\"sharedaddy sd-sharing-enabled\"><div class=\"robots-nocontent sd-block sd-social sd-social-icon sd-sharing\"><h3 class=\"sd-title\">Comparte esto:<\/h3><div class=\"sd-content\"><ul><li class=\"share-twitter\"><a rel=\"nofollow noopener noreferrer\" data-shared=\"sharing-twitter-35759\" class=\"share-twitter sd-button share-icon no-text\" href=\"http:\/\/www.rtvnoticias.com.ar\/?p=35759&amp;share=twitter\" target=\"_blank\" title=\"Haz clic para compartir en Twitter\"><span><\/span><span class=\"sharing-screen-reader-text\">Haz clic para compartir en Twitter (Se abre en una ventana nueva)<\/span><\/a><\/li><li class=\"share-facebook\"><a rel=\"nofollow noopener noreferrer\" data-shared=\"sharing-facebook-35759\" class=\"share-facebook sd-button share-icon no-text\" href=\"http:\/\/www.rtvnoticias.com.ar\/?p=35759&amp;share=facebook\" target=\"_blank\" title=\"Haz clic para compartir en Facebook\"><span><\/span><span class=\"sharing-screen-reader-text\">Haz clic para compartir en Facebook (Se abre en una ventana nueva)<\/span><\/a><\/li><li class=\"share-jetpack-whatsapp\"><a rel=\"nofollow noopener noreferrer\" data-shared=\"\" class=\"share-jetpack-whatsapp sd-button share-icon no-text\" href=\"http:\/\/www.rtvnoticias.com.ar\/?p=35759&amp;share=jetpack-whatsapp\" target=\"_blank\" title=\"Haz clic para compartir en WhatsApp\"><span><\/span><span class=\"sharing-screen-reader-text\">Haz clic para compartir en WhatsApp (Se abre en una ventana nueva)<\/span><\/a><\/li><li class=\"share-telegram\"><a rel=\"nofollow noopener noreferrer\" data-shared=\"\" class=\"share-telegram sd-button share-icon no-text\" href=\"http:\/\/www.rtvnoticias.com.ar\/?p=35759&amp;share=telegram\" target=\"_blank\" title=\"Haz clic para compartir en Telegram\"><span><\/span><span class=\"sharing-screen-reader-text\">Haz clic para compartir en Telegram (Se abre en una ventana nueva)<\/span><\/a><\/li><li class=\"share-end\"><\/li><\/ul><\/div><\/div><\/div>","protected":false},"author":7,"featured_media":25760,"comment_status":"closed","ping_status":"closed","sticky":false,"template":"","format":"standard","meta":{"spay_email":"","jetpack_publicize_message":"","jetpack_is_tweetstorm":false,"jetpack_publicize_feature_enabled":true},"categories":[5],"tags":[],"jetpack_featured_media_url":"http:\/\/www.rtvnoticias.com.ar\/wp-content\/uploads\/2021\/03\/alberto-tres.jpg","jetpack_publicize_connections":[],"jetpack_sharing_enabled":true,"_links":{"self":[{"href":"http:\/\/www.rtvnoticias.com.ar\/index.php?rest_route=\/wp\/v2\/posts\/35759"}],"collection":[{"href":"http:\/\/www.rtvnoticias.com.ar\/index.php?rest_route=\/wp\/v2\/posts"}],"about":[{"href":"http:\/\/www.rtvnoticias.com.ar\/index.php?rest_route=\/wp\/v2\/types\/post"}],"author":[{"embeddable":true,"href":"http:\/\/www.rtvnoticias.com.ar\/index.php?rest_route=\/wp\/v2\/users\/7"}],"replies":[{"embeddable":true,"href":"http:\/\/www.rtvnoticias.com.ar\/index.php?rest_route=%2Fwp%2Fv2%2Fcomments&post=35759"}],"version-history":[{"count":1,"href":"http:\/\/www.rtvnoticias.com.ar\/index.php?rest_route=\/wp\/v2\/posts\/35759\/revisions"}],"predecessor-version":[{"id":35760,"href":"http:\/\/www.rtvnoticias.com.ar\/index.php?rest_route=\/wp\/v2\/posts\/35759\/revisions\/35760"}],"wp:featuredmedia":[{"embeddable":true,"href":"http:\/\/www.rtvnoticias.com.ar\/index.php?rest_route=\/wp\/v2\/media\/25760"}],"wp:attachment":[{"href":"http:\/\/www.rtvnoticias.com.ar\/index.php?rest_route=%2Fwp%2Fv2%2Fmedia&parent=35759"}],"wp:term":[{"taxonomy":"category","embeddable":true,"href":"http:\/\/www.rtvnoticias.com.ar\/index.php?rest_route=%2Fwp%2Fv2%2Fcategories&post=35759"},{"taxonomy":"post_tag","embeddable":true,"href":"http:\/\/www.rtvnoticias.com.ar\/index.php?rest_route=%2Fwp%2Fv2%2Ftags&post=35759"}],"curies":[{"name":"wp","href":"https:\/\/api.w.org\/{rel}","templated":true}]}}