{"id":35765,"date":"2023-03-01T20:02:31","date_gmt":"2023-03-01T23:02:31","guid":{"rendered":"http:\/\/www.rtvnoticias.com.ar\/?p=35765"},"modified":"2023-03-01T20:02:32","modified_gmt":"2023-03-01T23:02:32","slug":"sabado-y-domingo-feria-de-artesanos-en-el-parador","status":"publish","type":"post","link":"http:\/\/www.rtvnoticias.com.ar\/?p=35765","title":{"rendered":"S\u00e1bado y domingo Feria de Artesanos en \u00abEl Parador\u00bb"},"content":{"rendered":"\n<p>En la ma\u00f1ana del mi\u00e9rcoles la Municipalidad de General Pico llev\u00f3 a cabo en MEDANO el anuncio oficial de la Feria de Artesanos y Artesanas que se realizar\u00e1 este fin de semana en el ya reconocido espacio de El Parador, a partir de las 18:00 horas, con m\u00e1s de 50 stands de producciones locales y visitantes, capacitaciones, m\u00fasica y trabajos en vivo.<\/p>\n\n\n\n<p>De la conferencia participaron el secretario de Gobierno, Seguridad, Educaci\u00f3n y Cultura, Nicol\u00e1s Mendoza; el director de Cultura, Mat\u00edas Rach; la responsable de la Oficina de Turismo, Margarita Cervio, e integrantes del Consejo Municipal de Artesanos y Artesanas, organismo que lleva adelante el evento.<\/p>\n\n\n\n<p>En cuanto a la iniciativa multidisciplinaria que contar\u00e1 con artesanas y artesanos piquenses y provenientes de Santa Rosa, Toay, Carlos Casares, Alta Italia, Winifreda y Tandil y tendr\u00e1 rubros como cuchiller\u00eda, madera, duendes, cer\u00e1mica y tejido, el director de Cultura, Mat\u00edas Rach destac\u00f3: \u201cEn el marco del D\u00eda Internacional del Artesano, que se conmemora el 19 de marzo, este fin de semana vamos a tener diferentes capacitaciones en el Centro Cultural Marac\u00f3 y un espacio ferial en El Parador\u201d.&nbsp;<\/p>\n\n\n\n<p><strong>S\u00e1bado 4<\/strong><\/p>\n\n\n\n<p>A partir de las 20:45 se presentar\u00e1n Sof\u00eda Grosso, J\u00e9sica Peralta y el cierre estar\u00e1 a cargo de M\u00e1s Poco.<\/p>\n\n\n\n<p><strong>Domingo 5<\/strong><\/p>\n\n\n\n<p>Ser\u00e1n parte de El Parador, DJ Bellezze, Mayra Mallet, Sof\u00eda Grosso y Josefina Cid, adem\u00e1s se entregar\u00e1n reconocimientos a dos artesanos piquenses por sus trabajos, H\u00e9ctor Ferreyra y Ricardo Corona, artistas seleccionados para el homenaje por sus propios pares. Por otra parte estar\u00e1n presentes Cristian Soriano, M\u00f3nica Martos y Maximiliano Villanueva quienes realizar\u00e1n capacitaciones en plater\u00eda y joyer\u00eda.<\/p>\n<div class=\"sharedaddy sd-sharing-enabled\"><div class=\"robots-nocontent sd-block sd-social sd-social-icon sd-sharing\"><h3 class=\"sd-title\">Comparte esto:<\/h3><div class=\"sd-content\"><ul><li class=\"share-twitter\"><a rel=\"nofollow noopener noreferrer\" data-shared=\"sharing-twitter-35765\" class=\"share-twitter sd-button share-icon no-text\" href=\"http:\/\/www.rtvnoticias.com.ar\/?p=35765&amp;share=twitter\" target=\"_blank\" title=\"Haz clic para compartir en Twitter\"><span><\/span><span class=\"sharing-screen-reader-text\">Haz clic para compartir en Twitter (Se abre en una ventana nueva)<\/span><\/a><\/li><li class=\"share-facebook\"><a rel=\"nofollow noopener noreferrer\" data-shared=\"sharing-facebook-35765\" class=\"share-facebook sd-button share-icon no-text\" href=\"http:\/\/www.rtvnoticias.com.ar\/?p=35765&amp;share=facebook\" target=\"_blank\" title=\"Haz clic para compartir en Facebook\"><span><\/span><span class=\"sharing-screen-reader-text\">Haz clic para compartir en Facebook (Se abre en una ventana nueva)<\/span><\/a><\/li><li class=\"share-jetpack-whatsapp\"><a rel=\"nofollow noopener noreferrer\" data-shared=\"\" class=\"share-jetpack-whatsapp sd-button share-icon no-text\" href=\"http:\/\/www.rtvnoticias.com.ar\/?p=35765&amp;share=jetpack-whatsapp\" target=\"_blank\" title=\"Haz clic para compartir en WhatsApp\"><span><\/span><span class=\"sharing-screen-reader-text\">Haz clic para compartir en WhatsApp (Se abre en una ventana nueva)<\/span><\/a><\/li><li class=\"share-telegram\"><a rel=\"nofollow noopener noreferrer\" data-shared=\"\" class=\"share-telegram sd-button share-icon no-text\" href=\"http:\/\/www.rtvnoticias.com.ar\/?p=35765&amp;share=telegram\" target=\"_blank\" title=\"Haz clic para compartir en Telegram\"><span><\/span><span class=\"sharing-screen-reader-text\">Haz clic para compartir en Telegram (Se abre en una ventana nueva)<\/span><\/a><\/li><li class=\"share-end\"><\/li><\/ul><\/div><\/div><\/div>","protected":false},"excerpt":{"rendered":"<p>En la ma\u00f1ana del mi\u00e9rcoles la Municipalidad de General Pico llev\u00f3 a cabo en MEDANO el anuncio oficial de la Feria de Artesanos y Artesanas<\/p>\n<div class=\"sharedaddy sd-sharing-enabled\"><div class=\"robots-nocontent sd-block sd-social sd-social-icon sd-sharing\"><h3 class=\"sd-title\">Comparte esto:<\/h3><div class=\"sd-content\"><ul><li class=\"share-twitter\"><a rel=\"nofollow noopener noreferrer\" data-shared=\"sharing-twitter-35765\" class=\"share-twitter sd-button share-icon no-text\" href=\"http:\/\/www.rtvnoticias.com.ar\/?p=35765&amp;share=twitter\" target=\"_blank\" title=\"Haz clic para compartir en Twitter\"><span><\/span><span class=\"sharing-screen-reader-text\">Haz clic para compartir en Twitter (Se abre en una ventana nueva)<\/span><\/a><\/li><li class=\"share-facebook\"><a rel=\"nofollow noopener noreferrer\" data-shared=\"sharing-facebook-35765\" class=\"share-facebook sd-button share-icon no-text\" href=\"http:\/\/www.rtvnoticias.com.ar\/?p=35765&amp;share=facebook\" target=\"_blank\" title=\"Haz clic para compartir en Facebook\"><span><\/span><span class=\"sharing-screen-reader-text\">Haz clic para compartir en Facebook (Se abre en una ventana nueva)<\/span><\/a><\/li><li class=\"share-jetpack-whatsapp\"><a rel=\"nofollow noopener noreferrer\" data-shared=\"\" class=\"share-jetpack-whatsapp sd-button share-icon no-text\" href=\"http:\/\/www.rtvnoticias.com.ar\/?p=35765&amp;share=jetpack-whatsapp\" target=\"_blank\" title=\"Haz clic para compartir en WhatsApp\"><span><\/span><span class=\"sharing-screen-reader-text\">Haz clic para compartir en WhatsApp (Se abre en una ventana nueva)<\/span><\/a><\/li><li class=\"share-telegram\"><a rel=\"nofollow noopener noreferrer\" data-shared=\"\" class=\"share-telegram sd-button share-icon no-text\" href=\"http:\/\/www.rtvnoticias.com.ar\/?p=35765&amp;share=telegram\" target=\"_blank\" title=\"Haz clic para compartir en Telegram\"><span><\/span><span class=\"sharing-screen-reader-text\">Haz clic para compartir en Telegram (Se abre en una ventana nueva)<\/span><\/a><\/li><li class=\"share-end\"><\/li><\/ul><\/div><\/div><\/div>","protected":false},"author":7,"featured_media":35766,"comment_status":"closed","ping_status":"closed","sticky":false,"template":"","format":"standard","meta":{"spay_email":"","jetpack_publicize_message":"","jetpack_is_tweetstorm":false,"jetpack_publicize_feature_enabled":true},"categories":[3],"tags":[],"jetpack_featured_media_url":"http:\/\/www.rtvnoticias.com.ar\/wp-content\/uploads\/2023\/03\/feria.jpg","jetpack_publicize_connections":[],"jetpack_sharing_enabled":true,"_links":{"self":[{"href":"http:\/\/www.rtvnoticias.com.ar\/index.php?rest_route=\/wp\/v2\/posts\/35765"}],"collection":[{"href":"http:\/\/www.rtvnoticias.com.ar\/index.php?rest_route=\/wp\/v2\/posts"}],"about":[{"href":"http:\/\/www.rtvnoticias.com.ar\/index.php?rest_route=\/wp\/v2\/types\/post"}],"author":[{"embeddable":true,"href":"http:\/\/www.rtvnoticias.com.ar\/index.php?rest_route=\/wp\/v2\/users\/7"}],"replies":[{"embeddable":true,"href":"http:\/\/www.rtvnoticias.com.ar\/index.php?rest_route=%2Fwp%2Fv2%2Fcomments&post=35765"}],"version-history":[{"count":1,"href":"http:\/\/www.rtvnoticias.com.ar\/index.php?rest_route=\/wp\/v2\/posts\/35765\/revisions"}],"predecessor-version":[{"id":35767,"href":"http:\/\/www.rtvnoticias.com.ar\/index.php?rest_route=\/wp\/v2\/posts\/35765\/revisions\/35767"}],"wp:featuredmedia":[{"embeddable":true,"href":"http:\/\/www.rtvnoticias.com.ar\/index.php?rest_route=\/wp\/v2\/media\/35766"}],"wp:attachment":[{"href":"http:\/\/www.rtvnoticias.com.ar\/index.php?rest_route=%2Fwp%2Fv2%2Fmedia&parent=35765"}],"wp:term":[{"taxonomy":"category","embeddable":true,"href":"http:\/\/www.rtvnoticias.com.ar\/index.php?rest_route=%2Fwp%2Fv2%2Fcategories&post=35765"},{"taxonomy":"post_tag","embeddable":true,"href":"http:\/\/www.rtvnoticias.com.ar\/index.php?rest_route=%2Fwp%2Fv2%2Ftags&post=35765"}],"curies":[{"name":"wp","href":"https:\/\/api.w.org\/{rel}","templated":true}]}}