{"id":35781,"date":"2023-03-02T09:17:16","date_gmt":"2023-03-02T12:17:16","guid":{"rendered":"http:\/\/www.rtvnoticias.com.ar\/?p=35781"},"modified":"2023-03-02T09:17:18","modified_gmt":"2023-03-02T12:17:18","slug":"maccione-nosotros-no-creemos-que-el-sistema-educativo-de-la-pampa-haya-perdido-calidad","status":"publish","type":"post","link":"http:\/\/www.rtvnoticias.com.ar\/?p=35781","title":{"rendered":"Maccione: \u00abNosotros no creemos que el sistema educativo de La Pampa haya perdido calidad\u00bb"},"content":{"rendered":"\n<p class=\"has-text-align-center\"><strong>A orillas del r\u00edo Colorado se inici\u00f3 formalmente el Ciclo Lectivo 2023<\/strong><\/p>\n\n\n\n<p>La ceremonia tuvo lugar en cercan\u00edas al hist\u00f3rico Puente Carretero de La Adela. El acto fue encabezado por el ministro de Educaci\u00f3n de La Pampa, Pablo Maccione, acompa\u00f1ado por integrantes del equipo ministerial y el intendente municipal, Juan Barrionuevo.<\/p>\n\n\n\n<p>La apertura reuni\u00f3 a autoridades provinciales, municipales, eclesi\u00e1sticas y policiales, directivos, docentes, estudiantes y familias del JIN N\u00b0 23, Escuela N\u00b0 61, Colegio Secundario y Extensi\u00f3n \u00c1ulica N\u00ba 8 de la modalidad EPJA de La Adela, Escuela Hogar N\u00b0 175 y Colegio Secundario Ruralizado de Cuchillo Co, y la Escuela N\u00b0 186 de Anzo\u00e1tegui.<\/p>\n\n\n\n<p>Maccione transmiti\u00f3 el saludo del gobernador de la Provincia, Sergio Ziliotto, quien por cuestiones de agenda no pudo estar presente pero envi\u00f3 un fraternal saludo a vecinos y vecinas de La Adela, compartiendo la alegr\u00eda de iniciar all\u00ed un nuevo ciclo escolar. \u201cNos genera mucho entusiasmo encontrarnos a orillas del r\u00edo Colorado, el cual aprendemos a conocer, amar y defender en nuestras escuelas. A lo largo de la escolaridad, adquirimos saberes sobre nuestra historia, geograf\u00eda, cultura, nos formamos como ciudadanos democr\u00e1ticos con pensamiento cr\u00edtico, aprendemos a cuidar nuestro cuerpo, entre otras herramientas necesarias para desempe\u00f1arnos en el mundo del trabajo y a lo largo de la vida\u201d. Tambi\u00e9n expres\u00f3 el enorme orgullo que siente el Gobierno provincial por la educaci\u00f3n pampeana. \u201cNosotros no creemos que el sistema educativo de La Pampa haya perdido calidad porque sabemos el trabajo que hace cada uno\/a de los y las docentes en cada rinc\u00f3n de la Provincia, el compromiso y el profesionalismo que emplean, ponen cuerpo y alma en la labor junto a los y las estudiantes. Desde el Ministerio, desarrollamos pol\u00edticas p\u00fablicas claras y avanzaremos en ese sentido con grandes desaf\u00edos por delante\u201d.<\/p>\n\n\n\n<p><strong>Acompa\u00f1amiento<br><\/strong>Por su parte, el intendente anfitri\u00f3n manifest\u00f3 que \u201ctrabajamos much\u00edsimo para posicionar la localidad, generar infraestructura y mejores condiciones de vida. Junto al Ministerio de Educaci\u00f3n, se adecuaron las instalaciones y nuestra Escuela N\u00b0 61 pasar\u00e1 a ser de jornada completa, contando con todas las comodidades para estudiar y trabajar. En La Adela y en toda la Provincia se apuesta a la educaci\u00f3n como herramienta fundamental de desarrollo y es por ello que este no es un acto m\u00e1s, sino que marca nuestra historia y sin lugar a dudas nos quedar\u00e1 guardado en la memoria, en el coraz\u00f3n y en el alma para siempre\u201d.<\/p>\n\n\n\n<p>En tanto la directora de la Escuela Primaria N\u00b0 61, Pamela Benassi, coment\u00f3 que la instituci\u00f3n se fund\u00f3 el 17 de abril de 1922, y desde entonces, han transitado por ella numerosos estudiantes, equipos docentes, no docentes y familias, construyendo pilares fundamentales para sostener el proyecto escolar. \u201cYa llevamos m\u00e1s de 100 a\u00f1os juntos y juntas, esto nos impulsa a seguir trabajando con el prop\u00f3sito de lograr una educaci\u00f3n inclusiva, de calidad y con igualdad de oportunidades. Como agentes de Estado asumimos el compromiso de avanzar en la equidad, garantizando el acceso a aprendizajes relevantes y significativos\u201d.<\/p>\n\n\n\n<p>Finalizada la ceremonia inaugural, funcionarios y funcionarias provinciales visitaron las instituciones educativas locales para acompa\u00f1ar el comienzo de las actividades y dialogar con actores de la comunidad escolar.<\/p>\n<div class=\"sharedaddy sd-sharing-enabled\"><div class=\"robots-nocontent sd-block sd-social sd-social-icon sd-sharing\"><h3 class=\"sd-title\">Comparte esto:<\/h3><div class=\"sd-content\"><ul><li class=\"share-twitter\"><a rel=\"nofollow noopener noreferrer\" data-shared=\"sharing-twitter-35781\" class=\"share-twitter sd-button share-icon no-text\" href=\"http:\/\/www.rtvnoticias.com.ar\/?p=35781&amp;share=twitter\" target=\"_blank\" title=\"Haz clic para compartir en Twitter\"><span><\/span><span class=\"sharing-screen-reader-text\">Haz clic para compartir en Twitter (Se abre en una ventana nueva)<\/span><\/a><\/li><li class=\"share-facebook\"><a rel=\"nofollow noopener noreferrer\" data-shared=\"sharing-facebook-35781\" class=\"share-facebook sd-button share-icon no-text\" href=\"http:\/\/www.rtvnoticias.com.ar\/?p=35781&amp;share=facebook\" target=\"_blank\" title=\"Haz clic para compartir en Facebook\"><span><\/span><span class=\"sharing-screen-reader-text\">Haz clic para compartir en Facebook (Se abre en una ventana nueva)<\/span><\/a><\/li><li class=\"share-jetpack-whatsapp\"><a rel=\"nofollow noopener noreferrer\" data-shared=\"\" class=\"share-jetpack-whatsapp sd-button share-icon no-text\" href=\"http:\/\/www.rtvnoticias.com.ar\/?p=35781&amp;share=jetpack-whatsapp\" target=\"_blank\" title=\"Haz clic para compartir en WhatsApp\"><span><\/span><span class=\"sharing-screen-reader-text\">Haz clic para compartir en WhatsApp (Se abre en una ventana nueva)<\/span><\/a><\/li><li class=\"share-telegram\"><a rel=\"nofollow noopener noreferrer\" data-shared=\"\" class=\"share-telegram sd-button share-icon no-text\" href=\"http:\/\/www.rtvnoticias.com.ar\/?p=35781&amp;share=telegram\" target=\"_blank\" title=\"Haz clic para compartir en Telegram\"><span><\/span><span class=\"sharing-screen-reader-text\">Haz clic para compartir en Telegram (Se abre en una ventana nueva)<\/span><\/a><\/li><li class=\"share-end\"><\/li><\/ul><\/div><\/div><\/div>","protected":false},"excerpt":{"rendered":"<p>A orillas del r\u00edo Colorado se inici\u00f3 formalmente el Ciclo Lectivo 2023 La ceremonia tuvo lugar en cercan\u00edas al hist\u00f3rico Puente Carretero de La Adela.<\/p>\n<div class=\"sharedaddy sd-sharing-enabled\"><div class=\"robots-nocontent sd-block sd-social sd-social-icon sd-sharing\"><h3 class=\"sd-title\">Comparte esto:<\/h3><div class=\"sd-content\"><ul><li class=\"share-twitter\"><a rel=\"nofollow noopener noreferrer\" data-shared=\"sharing-twitter-35781\" class=\"share-twitter sd-button share-icon no-text\" href=\"http:\/\/www.rtvnoticias.com.ar\/?p=35781&amp;share=twitter\" target=\"_blank\" title=\"Haz clic para compartir en Twitter\"><span><\/span><span class=\"sharing-screen-reader-text\">Haz clic para compartir en Twitter (Se abre en una ventana nueva)<\/span><\/a><\/li><li class=\"share-facebook\"><a rel=\"nofollow noopener noreferrer\" data-shared=\"sharing-facebook-35781\" class=\"share-facebook sd-button share-icon no-text\" href=\"http:\/\/www.rtvnoticias.com.ar\/?p=35781&amp;share=facebook\" target=\"_blank\" title=\"Haz clic para compartir en Facebook\"><span><\/span><span class=\"sharing-screen-reader-text\">Haz clic para compartir en Facebook (Se abre en una ventana nueva)<\/span><\/a><\/li><li class=\"share-jetpack-whatsapp\"><a rel=\"nofollow noopener noreferrer\" data-shared=\"\" class=\"share-jetpack-whatsapp sd-button share-icon no-text\" href=\"http:\/\/www.rtvnoticias.com.ar\/?p=35781&amp;share=jetpack-whatsapp\" target=\"_blank\" title=\"Haz clic para compartir en WhatsApp\"><span><\/span><span class=\"sharing-screen-reader-text\">Haz clic para compartir en WhatsApp (Se abre en una ventana nueva)<\/span><\/a><\/li><li class=\"share-telegram\"><a rel=\"nofollow noopener noreferrer\" data-shared=\"\" class=\"share-telegram sd-button share-icon no-text\" href=\"http:\/\/www.rtvnoticias.com.ar\/?p=35781&amp;share=telegram\" target=\"_blank\" title=\"Haz clic para compartir en Telegram\"><span><\/span><span class=\"sharing-screen-reader-text\">Haz clic para compartir en Telegram (Se abre en una ventana nueva)<\/span><\/a><\/li><li class=\"share-end\"><\/li><\/ul><\/div><\/div><\/div>","protected":false},"author":7,"featured_media":35782,"comment_status":"closed","ping_status":"closed","sticky":false,"template":"","format":"standard","meta":{"spay_email":"","jetpack_publicize_message":"","jetpack_is_tweetstorm":false,"jetpack_publicize_feature_enabled":true},"categories":[5],"tags":[],"jetpack_featured_media_url":"http:\/\/www.rtvnoticias.com.ar\/wp-content\/uploads\/2023\/03\/maccione.jpeg","jetpack_publicize_connections":[],"jetpack_sharing_enabled":true,"_links":{"self":[{"href":"http:\/\/www.rtvnoticias.com.ar\/index.php?rest_route=\/wp\/v2\/posts\/35781"}],"collection":[{"href":"http:\/\/www.rtvnoticias.com.ar\/index.php?rest_route=\/wp\/v2\/posts"}],"about":[{"href":"http:\/\/www.rtvnoticias.com.ar\/index.php?rest_route=\/wp\/v2\/types\/post"}],"author":[{"embeddable":true,"href":"http:\/\/www.rtvnoticias.com.ar\/index.php?rest_route=\/wp\/v2\/users\/7"}],"replies":[{"embeddable":true,"href":"http:\/\/www.rtvnoticias.com.ar\/index.php?rest_route=%2Fwp%2Fv2%2Fcomments&post=35781"}],"version-history":[{"count":1,"href":"http:\/\/www.rtvnoticias.com.ar\/index.php?rest_route=\/wp\/v2\/posts\/35781\/revisions"}],"predecessor-version":[{"id":35783,"href":"http:\/\/www.rtvnoticias.com.ar\/index.php?rest_route=\/wp\/v2\/posts\/35781\/revisions\/35783"}],"wp:featuredmedia":[{"embeddable":true,"href":"http:\/\/www.rtvnoticias.com.ar\/index.php?rest_route=\/wp\/v2\/media\/35782"}],"wp:attachment":[{"href":"http:\/\/www.rtvnoticias.com.ar\/index.php?rest_route=%2Fwp%2Fv2%2Fmedia&parent=35781"}],"wp:term":[{"taxonomy":"category","embeddable":true,"href":"http:\/\/www.rtvnoticias.com.ar\/index.php?rest_route=%2Fwp%2Fv2%2Fcategories&post=35781"},{"taxonomy":"post_tag","embeddable":true,"href":"http:\/\/www.rtvnoticias.com.ar\/index.php?rest_route=%2Fwp%2Fv2%2Ftags&post=35781"}],"curies":[{"name":"wp","href":"https:\/\/api.w.org\/{rel}","templated":true}]}}