{"id":35784,"date":"2023-03-02T09:22:01","date_gmt":"2023-03-02T12:22:01","guid":{"rendered":"http:\/\/www.rtvnoticias.com.ar\/?p=35784"},"modified":"2023-03-02T09:22:04","modified_gmt":"2023-03-02T12:22:04","slug":"realico-cumple-116-anos-y-lo-festeja-con-entrega-de-viviendas","status":"publish","type":"post","link":"http:\/\/www.rtvnoticias.com.ar\/?p=35784","title":{"rendered":"Realic\u00f3 cumple 116 a\u00f1os y lo festeja con entrega de viviendas"},"content":{"rendered":"\n<p>La localidad de Realic\u00f3 arriba hoy a sus 116 a\u00f1os de vida y la oportunidad ser\u00e1 propicia para la entrega de 10 viviendas del Plan Mi Casa. Adem\u00e1s \u201chabr\u00e1 festejos el d\u00eda s\u00e1bado con importantes n\u00fameros art\u00edsticos\u201d seg\u00fan cont\u00f3 a la Agencia Provincial de Noticias la intendenta, Viviana Bongiovanni.<\/p>\n\n\n\n<p>Adem\u00e1s, la jefa comunal hizo referencia a las diversas obras que se realizaron en la localidad en forma conjunta entre Naci\u00f3n, Provincia y Municipio, con una inversi\u00f3n cercana a los mil millones de pesos y tuvo palabras de agradecimiento para el gobernador Sergio Ziliotto y sus funcionarios \u201cquienes nos acompa\u00f1aron siempre durante la gesti\u00f3n\u201d.<br>Resalt\u00f3 el Plan Mi Casa que permiti\u00f3 que las viviendas \u201cse construyan con gente de la localidad y materiales comprados en la localidad\u201d. La intendenta record\u00f3 que \u201ceste 2 de marzo Realic\u00f3 cumple 116 a\u00f1os y para comenzar con las actividades tenemos inauguraci\u00f3n de viviendas que para nosotros es una enorme satisfacci\u00f3n, pertenecen al Plan Mi Casa 1 construidas en su totalidad por gente de nuestro pueblo\u201d.<br>Inform\u00f3 que el municipio realiquense es accionista mayoritario de una SAPEM \u201cpor lo que significa mano de obra local y todo el material comprado tambi\u00e9n ac\u00e1. A las 11 nos vamos a trasladar a la plaza central al monumento del fundador donde se hace el acto protocolar. A las 20 concretaremos la apertura de sesiones del Concejo Deliberante con el discurso resumiendo estos dos a\u00f1os de gobierno y la proyecci\u00f3n para este 2023\u201d.<br>Mencion\u00f3 que se encuentra en el cargo desde noviembre de 2022, al producirse el fallecimiento -a causa de la pandemia- del entonces intendente Jos\u00e9 \u00c1lvarez. \u201cCuando estuve (ayer) en la inauguraci\u00f3n del nuevo hospital provincial Ren\u00e9 Favaloro volv\u00ed a recordar lo que signific\u00f3 la pandemia, pero a\u00fan hay cuestiones que estamos superando d\u00eda a d\u00eda\u201d, apunt\u00f3.<\/p>\n\n\n\n<p><strong>Espect\u00e1culos para toda la gente<\/strong><br>Bongiovanni indic\u00f3 que \u201cel s\u00e1bado 4 de marzo tenemos la fiesta central en el predio del polideportivo con la presencia de los artistas locales desde las 20 y luego la actuaci\u00f3n de Lucio Rojas, seguramente ser\u00e1 una fiesta multitudinaria para brindarle a la localidad un espect\u00e1culo de nivel nacional que a su vez es una movida econ\u00f3mica important\u00edsima porque trabajan los artesanos, la gastronom\u00eda, los hoteles y los emprendedores locales y de la regi\u00f3n. La cantina de comidas estar\u00e1 a cargo de los tres clubes y la de bebidas a cargo del municipio para recaudar fondos.&nbsp;La entrada ser\u00e1 libre y gratuita para que todos y todas puedan asistir, es pensado para los vecinos y vecinas, ya que no todo el mundo tiene las posibilidades de presenciar este tipo de eventos, adem\u00e1s Realic\u00f3 est\u00e1 en un punto estrat\u00e9gico y se lo piensa tambi\u00e9n desde lo econ\u00f3mico\u201d. Puntualiz\u00f3 que \u201cel a\u00f1o pasado se vio reflejada la gran movida de personas de pueblos vecinos y de otros que est\u00e1n en la provincia de C\u00f3rdoba, San Luis y tambi\u00e9n de Buenos Aires que no queda tan lejos el l\u00edmite\u201d.<\/p>\n\n\n\n<p><strong>Obra p\u00fablica<\/strong><br>La jefa comunal inform\u00f3 que \u201cen cuanto a viviendas vamos a completar casi el 25%&nbsp;del padr\u00f3n de personas inscriptas en el IPAV, ya se entregaron 76 casas, este 2 de marzo se entregan otras 10, hay 30 muy avanzadas con financiaci\u00f3n de Naci\u00f3n y nos queda licitar pr\u00f3ximamente otras 25 del Plan Mi Casa 3 con fondos provinciales, un plan que puso en marcha la provincia de La Pampa a causa de que el Gobierno nacional anterior no otorg\u00f3 ninguna vivienda\u201d.<\/p>\n\n\n\n<p><strong>Asfalto<\/strong><br>Inform\u00f3 que \u201cen cuanto a la obra de asfalto estamos pr\u00f3ximos a iniciar 41 cuadras, en su momento le presentamos al gobernador Sergio Ziliotto un proyecto de 140 cuadras de asfalto en tres etapas que ser\u00eda la necesidad de Realic\u00f3. Tambi\u00e9n se repavimentaron cinco cuadras por lo que estamos trabajando fuertemente\u201d.<\/p>\n\n\n\n<p><strong>CDI y refacci\u00f3n de la estaci\u00f3n de trenes<\/strong><br>Bongiovanni destac\u00f3 que \u201cestamos pr\u00f3ximos a inaugurar la remodelaci\u00f3n de la estaci\u00f3n de trenes en este mes de marzo, es muy significativo para la historia del pueblo y de aquellos que trabajaron en el sector ya que fuimos en su momento un lugar de mucho movimiento de trenes, esta obra se realiza con fondos de Naci\u00f3n con Trenes Argentinos.<br>En cuanto al CDI,&nbsp;va a dar una respuesta a la contenci\u00f3n de ni\u00f1os y ni\u00f1as desde los 45 d\u00edas hasta los 3 a\u00f1os y a partir de all\u00ed sigue toda la educaci\u00f3n formal.<br>Tambi\u00e9n en Realic\u00f3 debemos destacar el funcionamiento del Centro de D\u00eda que viene a brindar derechos a personas con discapacidad j\u00f3venes y adultos que ya no est\u00e1n contenidos por las cuestiones educativas, por eso vienen a hacer talleres y es una reivindicaci\u00f3n de sus derechos.<br>Otra obra importante que se realizar\u00e1 con fondos provinciales es la construcci\u00f3n del nuevo edificio del centro profesional. Sabemos que el Gobernador siempre estuvo a favor de la educaci\u00f3n con una r\u00e1pida salida laboral con capacitaciones en construcci\u00f3n en seco, electricidad, etc.\u201d.<br>Destac\u00f3 que toda la instalaci\u00f3n el\u00e9ctrica de las viviendas del Plan Mi Casa se hizo con las pr\u00e1cticas de quienes hacen el curso en el centro profesional. \u201cTampoco me quiero olvidar de otro logro de la gesti\u00f3n que es la universidad en el territorio, otra apuesta del gobernador Sergio Ziliotto y la Universidad Nacional de La Pampa, esa descentralizaci\u00f3n y el pensar en todos los pampeanos y pampeanas, en Realic\u00f3 est\u00e1 el ejemplo\u201d, apunt\u00f3.<\/p>\n\n\n\n<p><strong>Relaci\u00f3n con el Gobierno provincial<\/strong><br>Asegur\u00f3 que \u201ces muy buena la relaci\u00f3n con el gobernador Sergio Ziliotto y sus funcionarios y funcionarias, me acompa\u00f1aron y escucharon las propuestas que en este caso, la intendenta, tiene y acerca para que ellos den respuestas. Por eso mi agradecimiento a todo el Gobierno provincial\u201d.<\/p>\n\n\n\n<p><strong>Mensaje aniversario<\/strong><br>Como mensaje final manifest\u00f3 que \u201cme siento muy satisfecha de haber estado como intendenta de mi pueblo y quiero decirle a mis vecinos y vecinas que todos los d\u00edas pensamos en cada necesidad de los pobladores. Cuidemos entre todos y todas a Realic\u00f3 y pensemos siempre en mejorarlo porque es la casa de todos\u201d.<\/p>\n<div class=\"sharedaddy sd-sharing-enabled\"><div class=\"robots-nocontent sd-block sd-social sd-social-icon sd-sharing\"><h3 class=\"sd-title\">Comparte esto:<\/h3><div class=\"sd-content\"><ul><li class=\"share-twitter\"><a rel=\"nofollow noopener noreferrer\" data-shared=\"sharing-twitter-35784\" class=\"share-twitter sd-button share-icon no-text\" href=\"http:\/\/www.rtvnoticias.com.ar\/?p=35784&amp;share=twitter\" target=\"_blank\" title=\"Haz clic para compartir en Twitter\"><span><\/span><span class=\"sharing-screen-reader-text\">Haz clic para compartir en Twitter (Se abre en una ventana nueva)<\/span><\/a><\/li><li class=\"share-facebook\"><a rel=\"nofollow noopener noreferrer\" data-shared=\"sharing-facebook-35784\" class=\"share-facebook sd-button share-icon no-text\" href=\"http:\/\/www.rtvnoticias.com.ar\/?p=35784&amp;share=facebook\" target=\"_blank\" title=\"Haz clic para compartir en Facebook\"><span><\/span><span class=\"sharing-screen-reader-text\">Haz clic para compartir en Facebook (Se abre en una ventana nueva)<\/span><\/a><\/li><li class=\"share-jetpack-whatsapp\"><a rel=\"nofollow noopener noreferrer\" data-shared=\"\" class=\"share-jetpack-whatsapp sd-button share-icon no-text\" href=\"http:\/\/www.rtvnoticias.com.ar\/?p=35784&amp;share=jetpack-whatsapp\" target=\"_blank\" title=\"Haz clic para compartir en WhatsApp\"><span><\/span><span class=\"sharing-screen-reader-text\">Haz clic para compartir en WhatsApp (Se abre en una ventana nueva)<\/span><\/a><\/li><li class=\"share-telegram\"><a rel=\"nofollow noopener noreferrer\" data-shared=\"\" class=\"share-telegram sd-button share-icon no-text\" href=\"http:\/\/www.rtvnoticias.com.ar\/?p=35784&amp;share=telegram\" target=\"_blank\" title=\"Haz clic para compartir en Telegram\"><span><\/span><span class=\"sharing-screen-reader-text\">Haz clic para compartir en Telegram (Se abre en una ventana nueva)<\/span><\/a><\/li><li class=\"share-end\"><\/li><\/ul><\/div><\/div><\/div>","protected":false},"excerpt":{"rendered":"<p>La localidad de Realic\u00f3 arriba hoy a sus 116 a\u00f1os de vida y la oportunidad ser\u00e1 propicia para la entrega de 10 viviendas del Plan<\/p>\n<div class=\"sharedaddy sd-sharing-enabled\"><div class=\"robots-nocontent sd-block sd-social sd-social-icon sd-sharing\"><h3 class=\"sd-title\">Comparte esto:<\/h3><div class=\"sd-content\"><ul><li class=\"share-twitter\"><a rel=\"nofollow noopener noreferrer\" data-shared=\"sharing-twitter-35784\" class=\"share-twitter sd-button share-icon no-text\" href=\"http:\/\/www.rtvnoticias.com.ar\/?p=35784&amp;share=twitter\" target=\"_blank\" title=\"Haz clic para compartir en Twitter\"><span><\/span><span class=\"sharing-screen-reader-text\">Haz clic para compartir en Twitter (Se abre en una ventana nueva)<\/span><\/a><\/li><li class=\"share-facebook\"><a rel=\"nofollow noopener noreferrer\" data-shared=\"sharing-facebook-35784\" class=\"share-facebook sd-button share-icon no-text\" href=\"http:\/\/www.rtvnoticias.com.ar\/?p=35784&amp;share=facebook\" target=\"_blank\" title=\"Haz clic para compartir en Facebook\"><span><\/span><span class=\"sharing-screen-reader-text\">Haz clic para compartir en Facebook (Se abre en una ventana nueva)<\/span><\/a><\/li><li class=\"share-jetpack-whatsapp\"><a rel=\"nofollow noopener noreferrer\" data-shared=\"\" class=\"share-jetpack-whatsapp sd-button share-icon no-text\" href=\"http:\/\/www.rtvnoticias.com.ar\/?p=35784&amp;share=jetpack-whatsapp\" target=\"_blank\" title=\"Haz clic para compartir en WhatsApp\"><span><\/span><span class=\"sharing-screen-reader-text\">Haz clic para compartir en WhatsApp (Se abre en una ventana nueva)<\/span><\/a><\/li><li class=\"share-telegram\"><a rel=\"nofollow noopener noreferrer\" data-shared=\"\" class=\"share-telegram sd-button share-icon no-text\" href=\"http:\/\/www.rtvnoticias.com.ar\/?p=35784&amp;share=telegram\" target=\"_blank\" title=\"Haz clic para compartir en Telegram\"><span><\/span><span class=\"sharing-screen-reader-text\">Haz clic para compartir en Telegram (Se abre en una ventana nueva)<\/span><\/a><\/li><li class=\"share-end\"><\/li><\/ul><\/div><\/div><\/div>","protected":false},"author":7,"featured_media":35785,"comment_status":"closed","ping_status":"closed","sticky":false,"template":"","format":"standard","meta":{"spay_email":"","jetpack_publicize_message":"","jetpack_is_tweetstorm":false,"jetpack_publicize_feature_enabled":true},"categories":[4],"tags":[],"jetpack_featured_media_url":"http:\/\/www.rtvnoticias.com.ar\/wp-content\/uploads\/2023\/03\/realico.jpg","jetpack_publicize_connections":[],"jetpack_sharing_enabled":true,"_links":{"self":[{"href":"http:\/\/www.rtvnoticias.com.ar\/index.php?rest_route=\/wp\/v2\/posts\/35784"}],"collection":[{"href":"http:\/\/www.rtvnoticias.com.ar\/index.php?rest_route=\/wp\/v2\/posts"}],"about":[{"href":"http:\/\/www.rtvnoticias.com.ar\/index.php?rest_route=\/wp\/v2\/types\/post"}],"author":[{"embeddable":true,"href":"http:\/\/www.rtvnoticias.com.ar\/index.php?rest_route=\/wp\/v2\/users\/7"}],"replies":[{"embeddable":true,"href":"http:\/\/www.rtvnoticias.com.ar\/index.php?rest_route=%2Fwp%2Fv2%2Fcomments&post=35784"}],"version-history":[{"count":1,"href":"http:\/\/www.rtvnoticias.com.ar\/index.php?rest_route=\/wp\/v2\/posts\/35784\/revisions"}],"predecessor-version":[{"id":35786,"href":"http:\/\/www.rtvnoticias.com.ar\/index.php?rest_route=\/wp\/v2\/posts\/35784\/revisions\/35786"}],"wp:featuredmedia":[{"embeddable":true,"href":"http:\/\/www.rtvnoticias.com.ar\/index.php?rest_route=\/wp\/v2\/media\/35785"}],"wp:attachment":[{"href":"http:\/\/www.rtvnoticias.com.ar\/index.php?rest_route=%2Fwp%2Fv2%2Fmedia&parent=35784"}],"wp:term":[{"taxonomy":"category","embeddable":true,"href":"http:\/\/www.rtvnoticias.com.ar\/index.php?rest_route=%2Fwp%2Fv2%2Fcategories&post=35784"},{"taxonomy":"post_tag","embeddable":true,"href":"http:\/\/www.rtvnoticias.com.ar\/index.php?rest_route=%2Fwp%2Fv2%2Ftags&post=35784"}],"curies":[{"name":"wp","href":"https:\/\/api.w.org\/{rel}","templated":true}]}}