{"id":35794,"date":"2023-03-02T11:29:12","date_gmt":"2023-03-02T14:29:12","guid":{"rendered":"http:\/\/www.rtvnoticias.com.ar\/?p=35794"},"modified":"2023-03-02T11:29:17","modified_gmt":"2023-03-02T14:29:17","slug":"kroneberger-el-discurso-del-presidente-no-coincide-con-la-realidad-que-vivimos-los-argentinos","status":"publish","type":"post","link":"http:\/\/www.rtvnoticias.com.ar\/?p=35794","title":{"rendered":"Kroneberger: \u201cEl discurso del Presidente no coincide con la realidad que vivimos los argentinos\u201d"},"content":{"rendered":"\n<p>El senador nacional de Juntos por el Cambio- UCR de La Pampa, Daniel Kroneberger, particip\u00f3 de la apertura de sesiones ordinarias del Senado de la Naci\u00f3n y escuch\u00f3, junto a sus pares, el discurso del presidente de la Naci\u00f3n, Alberto Fern\u00e1ndez, en el inicio de sesiones ordinarias del Congreso para el 2023.<\/p>\n\n\n\n<p>En ese sentido, el Senador plante\u00f3: \u201cFue un discurso vac\u00edo, rimbombante, que exhibi\u00f3 datos, n\u00fameros y estad\u00edsticas de una agenda alejada de la gente. En estos tiempos tan complejos que vive Argentina, lo que necesitamos es una gran cuota de responsabilidad, de institucionalidad, de empat\u00eda y respuestas a las problem\u00e1ticas que vive Argentina. Nada de eso pudimos escuchar hoy, lamentablemente\u201d.<\/p>\n\n\n\n<p>\u201cUno viene con cierta intriga a escuchar al Presidente, tal como la Constituci\u00f3n manda, pero esa intriga r\u00e1pidamente se transform\u00f3 en una gran certeza: el Frente de Todos no sabe qu\u00e9 hacer para detener la inflaci\u00f3n, para salir de la pobreza, para mejorar los ingresos del grupo familiar. Tampoco hubo certezas para mejorar la situaci\u00f3n de quienes producen, de las PyMEs, del campo, de las industrias que lograron sobrevivir y ni hablar de los emprendedores que ponen conocimiento, tecnolog\u00eda y esperanzas en un pa\u00eds que va para atr\u00e1s\u201d, expres\u00f3 Kroneberger.<\/p>\n\n\n\n<p>\u201cEl discurso del Presidente no coincide con la realidad que vivimos los argentinos. El Gobierno Nacional sigue sin dar respuestas para mejorar la educaci\u00f3n, la salud, la inseguridad, ni para detener el narcotr\u00e1fico y cada uno de los flagelos que hoy golpean a toda la ciudadan\u00eda. No puede ser que dos de cada tres ni\u00f1os y ni\u00f1as hoy sean pobres en Argentina. El gobierno deber\u00eda tomar nota de lo que est\u00e1 sucediendo y dejar de lado su propia agenda, para ocuparse de la agenda que necesita la ciudadan\u00eda.<\/p>\n\n\n\n<p>En relaci\u00f3n al a\u00f1o legislativo, el senador oriundo de Colonia Bar\u00f3n destac\u00f3: \u201cTengo una gran expectativa. Estamos en una situaci\u00f3n especial por las elecciones con distintas fechas en el pa\u00eds. Espero que esto no sea detonante de la tarea legislativa y de que no funcione el Congreso. En pol\u00edtica tiene que primar el consenso y el di\u00e1logo, m\u00e1s all\u00e1 de las diferencias. La gente espera respuestas; hay proyectos que inciden directamente en la diaria del ciudadano y eso es lo que hay que privilegiar, dejando de lado lo estrictamente partidario\u201d.<\/p>\n<div class=\"sharedaddy sd-sharing-enabled\"><div class=\"robots-nocontent sd-block sd-social sd-social-icon sd-sharing\"><h3 class=\"sd-title\">Comparte esto:<\/h3><div class=\"sd-content\"><ul><li class=\"share-twitter\"><a rel=\"nofollow noopener noreferrer\" data-shared=\"sharing-twitter-35794\" class=\"share-twitter sd-button share-icon no-text\" href=\"http:\/\/www.rtvnoticias.com.ar\/?p=35794&amp;share=twitter\" target=\"_blank\" title=\"Haz clic para compartir en Twitter\"><span><\/span><span class=\"sharing-screen-reader-text\">Haz clic para compartir en Twitter (Se abre en una ventana nueva)<\/span><\/a><\/li><li class=\"share-facebook\"><a rel=\"nofollow noopener noreferrer\" data-shared=\"sharing-facebook-35794\" class=\"share-facebook sd-button share-icon no-text\" href=\"http:\/\/www.rtvnoticias.com.ar\/?p=35794&amp;share=facebook\" target=\"_blank\" title=\"Haz clic para compartir en Facebook\"><span><\/span><span class=\"sharing-screen-reader-text\">Haz clic para compartir en Facebook (Se abre en una ventana nueva)<\/span><\/a><\/li><li class=\"share-jetpack-whatsapp\"><a rel=\"nofollow noopener noreferrer\" data-shared=\"\" class=\"share-jetpack-whatsapp sd-button share-icon no-text\" href=\"http:\/\/www.rtvnoticias.com.ar\/?p=35794&amp;share=jetpack-whatsapp\" target=\"_blank\" title=\"Haz clic para compartir en WhatsApp\"><span><\/span><span class=\"sharing-screen-reader-text\">Haz clic para compartir en WhatsApp (Se abre en una ventana nueva)<\/span><\/a><\/li><li class=\"share-telegram\"><a rel=\"nofollow noopener noreferrer\" data-shared=\"\" class=\"share-telegram sd-button share-icon no-text\" href=\"http:\/\/www.rtvnoticias.com.ar\/?p=35794&amp;share=telegram\" target=\"_blank\" title=\"Haz clic para compartir en Telegram\"><span><\/span><span class=\"sharing-screen-reader-text\">Haz clic para compartir en Telegram (Se abre en una ventana nueva)<\/span><\/a><\/li><li class=\"share-end\"><\/li><\/ul><\/div><\/div><\/div>","protected":false},"excerpt":{"rendered":"<p>El senador nacional de Juntos por el Cambio- UCR de La Pampa, Daniel Kroneberger, particip\u00f3 de la apertura de sesiones ordinarias del Senado de la<\/p>\n<div class=\"sharedaddy sd-sharing-enabled\"><div class=\"robots-nocontent sd-block sd-social sd-social-icon sd-sharing\"><h3 class=\"sd-title\">Comparte esto:<\/h3><div class=\"sd-content\"><ul><li class=\"share-twitter\"><a rel=\"nofollow noopener noreferrer\" data-shared=\"sharing-twitter-35794\" class=\"share-twitter sd-button share-icon no-text\" href=\"http:\/\/www.rtvnoticias.com.ar\/?p=35794&amp;share=twitter\" target=\"_blank\" title=\"Haz clic para compartir en Twitter\"><span><\/span><span class=\"sharing-screen-reader-text\">Haz clic para compartir en Twitter (Se abre en una ventana nueva)<\/span><\/a><\/li><li class=\"share-facebook\"><a rel=\"nofollow noopener noreferrer\" data-shared=\"sharing-facebook-35794\" class=\"share-facebook sd-button share-icon no-text\" href=\"http:\/\/www.rtvnoticias.com.ar\/?p=35794&amp;share=facebook\" target=\"_blank\" title=\"Haz clic para compartir en Facebook\"><span><\/span><span class=\"sharing-screen-reader-text\">Haz clic para compartir en Facebook (Se abre en una ventana nueva)<\/span><\/a><\/li><li class=\"share-jetpack-whatsapp\"><a rel=\"nofollow noopener noreferrer\" data-shared=\"\" class=\"share-jetpack-whatsapp sd-button share-icon no-text\" href=\"http:\/\/www.rtvnoticias.com.ar\/?p=35794&amp;share=jetpack-whatsapp\" target=\"_blank\" title=\"Haz clic para compartir en WhatsApp\"><span><\/span><span class=\"sharing-screen-reader-text\">Haz clic para compartir en WhatsApp (Se abre en una ventana nueva)<\/span><\/a><\/li><li class=\"share-telegram\"><a rel=\"nofollow noopener noreferrer\" data-shared=\"\" class=\"share-telegram sd-button share-icon no-text\" href=\"http:\/\/www.rtvnoticias.com.ar\/?p=35794&amp;share=telegram\" target=\"_blank\" title=\"Haz clic para compartir en Telegram\"><span><\/span><span class=\"sharing-screen-reader-text\">Haz clic para compartir en Telegram (Se abre en una ventana nueva)<\/span><\/a><\/li><li class=\"share-end\"><\/li><\/ul><\/div><\/div><\/div>","protected":false},"author":7,"featured_media":35795,"comment_status":"closed","ping_status":"closed","sticky":false,"template":"","format":"standard","meta":{"spay_email":"","jetpack_publicize_message":"","jetpack_is_tweetstorm":false,"jetpack_publicize_feature_enabled":true},"categories":[5],"tags":[],"jetpack_featured_media_url":"http:\/\/www.rtvnoticias.com.ar\/wp-content\/uploads\/2023\/03\/3de85578-cff3-4cf9-a26c-e29988c241a5.jpeg","jetpack_publicize_connections":[],"jetpack_sharing_enabled":true,"_links":{"self":[{"href":"http:\/\/www.rtvnoticias.com.ar\/index.php?rest_route=\/wp\/v2\/posts\/35794"}],"collection":[{"href":"http:\/\/www.rtvnoticias.com.ar\/index.php?rest_route=\/wp\/v2\/posts"}],"about":[{"href":"http:\/\/www.rtvnoticias.com.ar\/index.php?rest_route=\/wp\/v2\/types\/post"}],"author":[{"embeddable":true,"href":"http:\/\/www.rtvnoticias.com.ar\/index.php?rest_route=\/wp\/v2\/users\/7"}],"replies":[{"embeddable":true,"href":"http:\/\/www.rtvnoticias.com.ar\/index.php?rest_route=%2Fwp%2Fv2%2Fcomments&post=35794"}],"version-history":[{"count":1,"href":"http:\/\/www.rtvnoticias.com.ar\/index.php?rest_route=\/wp\/v2\/posts\/35794\/revisions"}],"predecessor-version":[{"id":35796,"href":"http:\/\/www.rtvnoticias.com.ar\/index.php?rest_route=\/wp\/v2\/posts\/35794\/revisions\/35796"}],"wp:featuredmedia":[{"embeddable":true,"href":"http:\/\/www.rtvnoticias.com.ar\/index.php?rest_route=\/wp\/v2\/media\/35795"}],"wp:attachment":[{"href":"http:\/\/www.rtvnoticias.com.ar\/index.php?rest_route=%2Fwp%2Fv2%2Fmedia&parent=35794"}],"wp:term":[{"taxonomy":"category","embeddable":true,"href":"http:\/\/www.rtvnoticias.com.ar\/index.php?rest_route=%2Fwp%2Fv2%2Fcategories&post=35794"},{"taxonomy":"post_tag","embeddable":true,"href":"http:\/\/www.rtvnoticias.com.ar\/index.php?rest_route=%2Fwp%2Fv2%2Ftags&post=35794"}],"curies":[{"name":"wp","href":"https:\/\/api.w.org\/{rel}","templated":true}]}}