{"id":35797,"date":"2023-03-02T20:05:01","date_gmt":"2023-03-02T23:05:01","guid":{"rendered":"http:\/\/www.rtvnoticias.com.ar\/?p=35797"},"modified":"2023-03-02T20:05:04","modified_gmt":"2023-03-02T23:05:04","slug":"hemos-logrado-normativas-que-mejoran-nuestra-ciudad-y-seguiremos-sin-dudas-en-ese-camino-de-construccion-colectiva-dijo-daniel-lopez","status":"publish","type":"post","link":"http:\/\/www.rtvnoticias.com.ar\/?p=35797","title":{"rendered":"\u201cHemos logrado normativas que mejoran nuestra ciudad y seguiremos sin dudas en ese camino de construcci\u00f3n colectiva\u201d, dijo Daniel L\u00f3pez"},"content":{"rendered":"\n<p>Una vez finalizada la sesi\u00f3n inaugural del Concejo Deliberante de General Pico, el titular del cuerpo deliberativo, Daniel L\u00f3pez, hizo referencia al discurso enunciado por la mandataria local, Fernanda Alonso.<\/p>\n\n\n\n<p>Al inicio de la entrevista L\u00f3pez estableci\u00f3 \u201cLlegamos, como cada a\u00f1o, expectantes frente al discurso de Fernanda (Alonso), un discurso que cont\u00f3 con la enumeraci\u00f3n de las acciones m\u00e1s sobresaliente de estos 3 a\u00f1os de gesti\u00f3n y de la planificaci\u00f3n para este 2023. Una enunciaci\u00f3n caracterizada por las obras locales, provinciales, con objetivos cumplidos y con el notorio acompa\u00f1amiento del Gobierno de la provincia\u201d.<\/p>\n\n\n\n<p>Y agreg\u00f3 que \u201cUn placer poder haber compartido esta \u00faltima sesi\u00f3n inaugural de nuestra gesti\u00f3n con la presencia del Gobernador, de muchas autoridades provinciales y locales lo cual nos hace sentir acompa\u00f1ados. Hubo personas referentes de instituciones intermedias, organizaciones, muchas de las cuales trabajamos a diario en acciones que impulsamos desde el Concejo con la apertura necesaria para enriquecer cada una de las mismas\u201d.<\/p>\n\n\n\n<p>\u201cContinuaremos con un trabajo de apertura a la comunidad, de di\u00e1logo, acompa\u00f1ando los proyectos del Departamento Ejecutivo Municipal, haciendo nuestros aportes, como hasta ahora, e impulsando proyectos propios que tengan como fin aportar a la comunidad\u201d, dijo Daniel L\u00f3pez.<\/p>\n\n\n\n<p><strong>Sesiones<\/strong><\/p>\n\n\n\n<p>Consultado sobre el desarrollo del per\u00edodo legislativo L\u00f3pez estableci\u00f3 \u201ctenemos la pr\u00f3xima sesi\u00f3n el jueves 9 de marzo, y de all\u00ed cada 15 d\u00edas, ya con el tratamiento de expedientes de diversos or\u00edgenes. Esperamos la conformaci\u00f3n de las comisiones internas, aunque con el bloque (FreJuPa) ya nos hemos reunido para el tratamiento de algunos temas que tenemos en agenda\u201d.<\/p>\n\n\n\n<p>\u201cPlanificamos un a\u00f1o con el mismo criterio que los anteriores, donde estemos en contacto con vecinos y vecinas, donde nos involucremos con distintos sectores que aporten a cada proyecto que evaluamos y tratamos en este espacio deliberativo. Desde presidencia insisto en la importancia de asegurar la participaci\u00f3n, de escuchar y a partir de all\u00ed no solo emergen temas de este \u00e1mbito, sino que vamos m\u00e1s all\u00e1, al territorio, a impulsar acciones que sean transversales a la comunidad y no solo dentro del Concejo Deliberante\u201d, sostuvo el vice intendente de la ciudad.<\/p>\n\n\n\n<p>Para finalizar Daniel L\u00f3pez agreg\u00f3 que \u201cen definitiva es aportar a esta ciudad que crece y que nos demanda estar a la altura de este crecimiento. Estoy convencido que hemos logrado muchas normativas que mejoran la calidad de vida de los y las habitantes de nuestra querida ciudad, seguiremos sin dudas en ese camino de construcci\u00f3n colectiva\u201d.<\/p>\n<div class=\"sharedaddy sd-sharing-enabled\"><div class=\"robots-nocontent sd-block sd-social sd-social-icon sd-sharing\"><h3 class=\"sd-title\">Comparte esto:<\/h3><div class=\"sd-content\"><ul><li class=\"share-twitter\"><a rel=\"nofollow noopener noreferrer\" data-shared=\"sharing-twitter-35797\" class=\"share-twitter sd-button share-icon no-text\" href=\"http:\/\/www.rtvnoticias.com.ar\/?p=35797&amp;share=twitter\" target=\"_blank\" title=\"Haz clic para compartir en Twitter\"><span><\/span><span class=\"sharing-screen-reader-text\">Haz clic para compartir en Twitter (Se abre en una ventana nueva)<\/span><\/a><\/li><li class=\"share-facebook\"><a rel=\"nofollow noopener noreferrer\" data-shared=\"sharing-facebook-35797\" class=\"share-facebook sd-button share-icon no-text\" href=\"http:\/\/www.rtvnoticias.com.ar\/?p=35797&amp;share=facebook\" target=\"_blank\" title=\"Haz clic para compartir en Facebook\"><span><\/span><span class=\"sharing-screen-reader-text\">Haz clic para compartir en Facebook (Se abre en una ventana nueva)<\/span><\/a><\/li><li class=\"share-jetpack-whatsapp\"><a rel=\"nofollow noopener noreferrer\" data-shared=\"\" class=\"share-jetpack-whatsapp sd-button share-icon no-text\" href=\"http:\/\/www.rtvnoticias.com.ar\/?p=35797&amp;share=jetpack-whatsapp\" target=\"_blank\" title=\"Haz clic para compartir en WhatsApp\"><span><\/span><span class=\"sharing-screen-reader-text\">Haz clic para compartir en WhatsApp (Se abre en una ventana nueva)<\/span><\/a><\/li><li class=\"share-telegram\"><a rel=\"nofollow noopener noreferrer\" data-shared=\"\" class=\"share-telegram sd-button share-icon no-text\" href=\"http:\/\/www.rtvnoticias.com.ar\/?p=35797&amp;share=telegram\" target=\"_blank\" title=\"Haz clic para compartir en Telegram\"><span><\/span><span class=\"sharing-screen-reader-text\">Haz clic para compartir en Telegram (Se abre en una ventana nueva)<\/span><\/a><\/li><li class=\"share-end\"><\/li><\/ul><\/div><\/div><\/div>","protected":false},"excerpt":{"rendered":"<p>Una vez finalizada la sesi\u00f3n inaugural del Concejo Deliberante de General Pico, el titular del cuerpo deliberativo, Daniel L\u00f3pez, hizo referencia al discurso enunciado por<\/p>\n<div class=\"sharedaddy sd-sharing-enabled\"><div class=\"robots-nocontent sd-block sd-social sd-social-icon sd-sharing\"><h3 class=\"sd-title\">Comparte esto:<\/h3><div class=\"sd-content\"><ul><li class=\"share-twitter\"><a rel=\"nofollow noopener noreferrer\" data-shared=\"sharing-twitter-35797\" class=\"share-twitter sd-button share-icon no-text\" href=\"http:\/\/www.rtvnoticias.com.ar\/?p=35797&amp;share=twitter\" target=\"_blank\" title=\"Haz clic para compartir en Twitter\"><span><\/span><span class=\"sharing-screen-reader-text\">Haz clic para compartir en Twitter (Se abre en una ventana nueva)<\/span><\/a><\/li><li class=\"share-facebook\"><a rel=\"nofollow noopener noreferrer\" data-shared=\"sharing-facebook-35797\" class=\"share-facebook sd-button share-icon no-text\" href=\"http:\/\/www.rtvnoticias.com.ar\/?p=35797&amp;share=facebook\" target=\"_blank\" title=\"Haz clic para compartir en Facebook\"><span><\/span><span class=\"sharing-screen-reader-text\">Haz clic para compartir en Facebook (Se abre en una ventana nueva)<\/span><\/a><\/li><li class=\"share-jetpack-whatsapp\"><a rel=\"nofollow noopener noreferrer\" data-shared=\"\" class=\"share-jetpack-whatsapp sd-button share-icon no-text\" href=\"http:\/\/www.rtvnoticias.com.ar\/?p=35797&amp;share=jetpack-whatsapp\" target=\"_blank\" title=\"Haz clic para compartir en WhatsApp\"><span><\/span><span class=\"sharing-screen-reader-text\">Haz clic para compartir en WhatsApp (Se abre en una ventana nueva)<\/span><\/a><\/li><li class=\"share-telegram\"><a rel=\"nofollow noopener noreferrer\" data-shared=\"\" class=\"share-telegram sd-button share-icon no-text\" href=\"http:\/\/www.rtvnoticias.com.ar\/?p=35797&amp;share=telegram\" target=\"_blank\" title=\"Haz clic para compartir en Telegram\"><span><\/span><span class=\"sharing-screen-reader-text\">Haz clic para compartir en Telegram (Se abre en una ventana nueva)<\/span><\/a><\/li><li class=\"share-end\"><\/li><\/ul><\/div><\/div><\/div>","protected":false},"author":7,"featured_media":35798,"comment_status":"closed","ping_status":"closed","sticky":false,"template":"","format":"standard","meta":{"spay_email":"","jetpack_publicize_message":"","jetpack_is_tweetstorm":false,"jetpack_publicize_feature_enabled":true},"categories":[3],"tags":[],"jetpack_featured_media_url":"http:\/\/www.rtvnoticias.com.ar\/wp-content\/uploads\/2023\/03\/C-6-1.jpg","jetpack_publicize_connections":[],"jetpack_sharing_enabled":true,"_links":{"self":[{"href":"http:\/\/www.rtvnoticias.com.ar\/index.php?rest_route=\/wp\/v2\/posts\/35797"}],"collection":[{"href":"http:\/\/www.rtvnoticias.com.ar\/index.php?rest_route=\/wp\/v2\/posts"}],"about":[{"href":"http:\/\/www.rtvnoticias.com.ar\/index.php?rest_route=\/wp\/v2\/types\/post"}],"author":[{"embeddable":true,"href":"http:\/\/www.rtvnoticias.com.ar\/index.php?rest_route=\/wp\/v2\/users\/7"}],"replies":[{"embeddable":true,"href":"http:\/\/www.rtvnoticias.com.ar\/index.php?rest_route=%2Fwp%2Fv2%2Fcomments&post=35797"}],"version-history":[{"count":1,"href":"http:\/\/www.rtvnoticias.com.ar\/index.php?rest_route=\/wp\/v2\/posts\/35797\/revisions"}],"predecessor-version":[{"id":35799,"href":"http:\/\/www.rtvnoticias.com.ar\/index.php?rest_route=\/wp\/v2\/posts\/35797\/revisions\/35799"}],"wp:featuredmedia":[{"embeddable":true,"href":"http:\/\/www.rtvnoticias.com.ar\/index.php?rest_route=\/wp\/v2\/media\/35798"}],"wp:attachment":[{"href":"http:\/\/www.rtvnoticias.com.ar\/index.php?rest_route=%2Fwp%2Fv2%2Fmedia&parent=35797"}],"wp:term":[{"taxonomy":"category","embeddable":true,"href":"http:\/\/www.rtvnoticias.com.ar\/index.php?rest_route=%2Fwp%2Fv2%2Fcategories&post=35797"},{"taxonomy":"post_tag","embeddable":true,"href":"http:\/\/www.rtvnoticias.com.ar\/index.php?rest_route=%2Fwp%2Fv2%2Ftags&post=35797"}],"curies":[{"name":"wp","href":"https:\/\/api.w.org\/{rel}","templated":true}]}}