{"id":35800,"date":"2023-03-02T20:18:53","date_gmt":"2023-03-02T23:18:53","guid":{"rendered":"http:\/\/www.rtvnoticias.com.ar\/?p=35800"},"modified":"2023-03-02T20:18:55","modified_gmt":"2023-03-02T23:18:55","slug":"alonso-presidio-la-apertura-del-periodo-de-sesiones-ordinarias","status":"publish","type":"post","link":"http:\/\/www.rtvnoticias.com.ar\/?p=35800","title":{"rendered":"Alonso presidi\u00f3 la apertura del per\u00edodo de sesiones ordinarias"},"content":{"rendered":"\n<p>La intendenta Fernanda Alonso presidi\u00f3, en la ma\u00f1ana de este jueves 2 de marzo, la apertura del per\u00edodo de sesiones ordinarias que se llev\u00f3 a cabo en el Concejo Deliberante de General Pico. La misma pudo ser seguida a trav\u00e9s de una pantalla desde el exterior del recinto y tambi\u00e9n mediante una transmisi\u00f3n v\u00eda streaming.<\/p>\n\n\n\n<iframe loading=\"lazy\" width=\"560\" height=\"315\" src=\"https:\/\/www.youtube.com\/embed\/c1uVebRL6MY\" title=\"YouTube video player\" frameborder=\"0\" allow=\"accelerometer; autoplay; clipboard-write; encrypted-media; gyroscope; picture-in-picture; web-share\" allowfullscreen><\/iframe>\n\n\n\n<p>Durante el acto en cuesti\u00f3n, la jefa comunal brind\u00f3 su discurso anual con 200 puntos, realizando un balance de lo actuado y ofreciendo un detalle de lo que se proyecta para el presente a\u00f1o desde el Poder Ejecutivo.<\/p>\n\n\n\n<p>La ceremonia cont\u00f3 con la presencia del gobernador de La Pampa, Sergio Ziliotto; la vicepresidenta 1\u00b0 de la C\u00e1mara de Diputados, Alicia Mayoral; la intendenta municipal, Fernanda Alonso; el presidente del Concejo Deliberante, Daniel L\u00f3pez; el diputado nacional, Hern\u00e1n P\u00e9rez Araujo; el ministro de Seguridad, Horacio di N\u00e1poli; el ministro de Gobierno, Justicia y Derechos Humanos, Ariel Rauschenberger; el ministro de Educaci\u00f3n, Pablo Maccione; el ministro de Obras P\u00fablicas, Julio Rojo; concejales y concejalas; autoridades policiales, militares y del Poder Judicial; funcionarios del Departamento Ejecutivo provincial y municipal; representantes intermedias; organizaciones sociales y p\u00fablico en general.<\/p>\n\n\n\n<p>Se destaca en la alocuci\u00f3n de la mandataria local, la intervenci\u00f3n de 760 cuadras mediante tres obras ejecutadas por el Gobierno provincial; la construcci\u00f3n, reparaci\u00f3n y entubaci\u00f3n de canales pluviales en distintos sectores de la ciudad; la adquisici\u00f3n de 8 mil luminarias LED que garantizar\u00e1n eficiencia energ\u00e9tica, sustentabilidad y seguridad; la remodelaci\u00f3n de la Estaci\u00f3n de Transferencia Norte y la creaci\u00f3n de la Estaci\u00f3n de Transferencia Sur, entre otros.<\/p>\n\n\n\n<p>Adem\u00e1s, se anunciaron dos acueductos al Norte y Sur de Pico para abastecer con agua de calidad a la ciudadan\u00eda, la licitaci\u00f3n de los canales pluviales de la zona Oeste. Por otra parte, se distingue la aprobaci\u00f3n del proyecto, por parte de ENOHSA, que permitir\u00e1 realizar el recambio total de la red de agua potable del barrio Malvinas y se presentar\u00e1 el estudio t\u00e9cnico ya finalizado para crear una doble v\u00eda en la zona Norte de Pico.<\/p>\n<div class=\"sharedaddy sd-sharing-enabled\"><div class=\"robots-nocontent sd-block sd-social sd-social-icon sd-sharing\"><h3 class=\"sd-title\">Comparte esto:<\/h3><div class=\"sd-content\"><ul><li class=\"share-twitter\"><a rel=\"nofollow noopener noreferrer\" data-shared=\"sharing-twitter-35800\" class=\"share-twitter sd-button share-icon no-text\" href=\"http:\/\/www.rtvnoticias.com.ar\/?p=35800&amp;share=twitter\" target=\"_blank\" title=\"Haz clic para compartir en Twitter\"><span><\/span><span class=\"sharing-screen-reader-text\">Haz clic para compartir en Twitter (Se abre en una ventana nueva)<\/span><\/a><\/li><li class=\"share-facebook\"><a rel=\"nofollow noopener noreferrer\" data-shared=\"sharing-facebook-35800\" class=\"share-facebook sd-button share-icon no-text\" href=\"http:\/\/www.rtvnoticias.com.ar\/?p=35800&amp;share=facebook\" target=\"_blank\" title=\"Haz clic para compartir en Facebook\"><span><\/span><span class=\"sharing-screen-reader-text\">Haz clic para compartir en Facebook (Se abre en una ventana nueva)<\/span><\/a><\/li><li class=\"share-jetpack-whatsapp\"><a rel=\"nofollow noopener noreferrer\" data-shared=\"\" class=\"share-jetpack-whatsapp sd-button share-icon no-text\" href=\"http:\/\/www.rtvnoticias.com.ar\/?p=35800&amp;share=jetpack-whatsapp\" target=\"_blank\" title=\"Haz clic para compartir en WhatsApp\"><span><\/span><span class=\"sharing-screen-reader-text\">Haz clic para compartir en WhatsApp (Se abre en una ventana nueva)<\/span><\/a><\/li><li class=\"share-telegram\"><a rel=\"nofollow noopener noreferrer\" data-shared=\"\" class=\"share-telegram sd-button share-icon no-text\" href=\"http:\/\/www.rtvnoticias.com.ar\/?p=35800&amp;share=telegram\" target=\"_blank\" title=\"Haz clic para compartir en Telegram\"><span><\/span><span class=\"sharing-screen-reader-text\">Haz clic para compartir en Telegram (Se abre en una ventana nueva)<\/span><\/a><\/li><li class=\"share-end\"><\/li><\/ul><\/div><\/div><\/div>","protected":false},"excerpt":{"rendered":"<p>La intendenta Fernanda Alonso presidi\u00f3, en la ma\u00f1ana de este jueves 2 de marzo, la apertura del per\u00edodo de sesiones ordinarias que se llev\u00f3 a<\/p>\n<div class=\"sharedaddy sd-sharing-enabled\"><div class=\"robots-nocontent sd-block sd-social sd-social-icon sd-sharing\"><h3 class=\"sd-title\">Comparte esto:<\/h3><div class=\"sd-content\"><ul><li class=\"share-twitter\"><a rel=\"nofollow noopener noreferrer\" data-shared=\"sharing-twitter-35800\" class=\"share-twitter sd-button share-icon no-text\" href=\"http:\/\/www.rtvnoticias.com.ar\/?p=35800&amp;share=twitter\" target=\"_blank\" title=\"Haz clic para compartir en Twitter\"><span><\/span><span class=\"sharing-screen-reader-text\">Haz clic para compartir en Twitter (Se abre en una ventana nueva)<\/span><\/a><\/li><li class=\"share-facebook\"><a rel=\"nofollow noopener noreferrer\" data-shared=\"sharing-facebook-35800\" class=\"share-facebook sd-button share-icon no-text\" href=\"http:\/\/www.rtvnoticias.com.ar\/?p=35800&amp;share=facebook\" target=\"_blank\" title=\"Haz clic para compartir en Facebook\"><span><\/span><span class=\"sharing-screen-reader-text\">Haz clic para compartir en Facebook (Se abre en una ventana nueva)<\/span><\/a><\/li><li class=\"share-jetpack-whatsapp\"><a rel=\"nofollow noopener noreferrer\" data-shared=\"\" class=\"share-jetpack-whatsapp sd-button share-icon no-text\" href=\"http:\/\/www.rtvnoticias.com.ar\/?p=35800&amp;share=jetpack-whatsapp\" target=\"_blank\" title=\"Haz clic para compartir en WhatsApp\"><span><\/span><span class=\"sharing-screen-reader-text\">Haz clic para compartir en WhatsApp (Se abre en una ventana nueva)<\/span><\/a><\/li><li class=\"share-telegram\"><a rel=\"nofollow noopener noreferrer\" data-shared=\"\" class=\"share-telegram sd-button share-icon no-text\" href=\"http:\/\/www.rtvnoticias.com.ar\/?p=35800&amp;share=telegram\" target=\"_blank\" title=\"Haz clic para compartir en Telegram\"><span><\/span><span class=\"sharing-screen-reader-text\">Haz clic para compartir en Telegram (Se abre en una ventana nueva)<\/span><\/a><\/li><li class=\"share-end\"><\/li><\/ul><\/div><\/div><\/div>","protected":false},"author":7,"featured_media":35801,"comment_status":"closed","ping_status":"closed","sticky":false,"template":"","format":"standard","meta":{"spay_email":"","jetpack_publicize_message":"","jetpack_is_tweetstorm":false,"jetpack_publicize_feature_enabled":true},"categories":[3],"tags":[],"jetpack_featured_media_url":"http:\/\/www.rtvnoticias.com.ar\/wp-content\/uploads\/2023\/03\/alonso-inauguracion-sesiones.jpg","jetpack_publicize_connections":[],"jetpack_sharing_enabled":true,"_links":{"self":[{"href":"http:\/\/www.rtvnoticias.com.ar\/index.php?rest_route=\/wp\/v2\/posts\/35800"}],"collection":[{"href":"http:\/\/www.rtvnoticias.com.ar\/index.php?rest_route=\/wp\/v2\/posts"}],"about":[{"href":"http:\/\/www.rtvnoticias.com.ar\/index.php?rest_route=\/wp\/v2\/types\/post"}],"author":[{"embeddable":true,"href":"http:\/\/www.rtvnoticias.com.ar\/index.php?rest_route=\/wp\/v2\/users\/7"}],"replies":[{"embeddable":true,"href":"http:\/\/www.rtvnoticias.com.ar\/index.php?rest_route=%2Fwp%2Fv2%2Fcomments&post=35800"}],"version-history":[{"count":1,"href":"http:\/\/www.rtvnoticias.com.ar\/index.php?rest_route=\/wp\/v2\/posts\/35800\/revisions"}],"predecessor-version":[{"id":35802,"href":"http:\/\/www.rtvnoticias.com.ar\/index.php?rest_route=\/wp\/v2\/posts\/35800\/revisions\/35802"}],"wp:featuredmedia":[{"embeddable":true,"href":"http:\/\/www.rtvnoticias.com.ar\/index.php?rest_route=\/wp\/v2\/media\/35801"}],"wp:attachment":[{"href":"http:\/\/www.rtvnoticias.com.ar\/index.php?rest_route=%2Fwp%2Fv2%2Fmedia&parent=35800"}],"wp:term":[{"taxonomy":"category","embeddable":true,"href":"http:\/\/www.rtvnoticias.com.ar\/index.php?rest_route=%2Fwp%2Fv2%2Fcategories&post=35800"},{"taxonomy":"post_tag","embeddable":true,"href":"http:\/\/www.rtvnoticias.com.ar\/index.php?rest_route=%2Fwp%2Fv2%2Ftags&post=35800"}],"curies":[{"name":"wp","href":"https:\/\/api.w.org\/{rel}","templated":true}]}}