{"id":35809,"date":"2023-03-03T10:26:15","date_gmt":"2023-03-03T13:26:15","guid":{"rendered":"http:\/\/www.rtvnoticias.com.ar\/?p=35809"},"modified":"2023-03-03T10:26:19","modified_gmt":"2023-03-03T13:26:19","slug":"las-fuerzas-armadas-no-quieren-estar-en-rosario-dijo-agustin-rossi","status":"publish","type":"post","link":"http:\/\/www.rtvnoticias.com.ar\/?p=35809","title":{"rendered":"\u00abLas Fuerzas Armadas no quieren estar en Rosario\u00bb, dijo Agust\u00edn Rossi"},"content":{"rendered":"\n<p class=\"has-text-align-center\"><strong>El jefe de Gabinete sali\u00f3 al cruce de Patricia Bullrich, quien propuso desplegar militares para combatir el narco tras el ataque al s\u00faper de la familia de Antonela Roccuzzo.<\/strong><\/p>\n\n\n\n<p>El jefe de Gabinete nacional, Agust\u00edn Rossi, habl\u00f3 sobre la violencia en Rosario, vinculada al avance del narco y cruz\u00f3 a la presidenta del PRO, Patricia Bullrich, por sus propuestas de desplegar all\u00ed a las Fuerzas Armadas.<\/p>\n\n\n\n<p>\u00abNo quieren estar en ese lugar\u00bb, dijo al respecto en medio de las repercusiones por el reciente ataque mafioso al supermercado de la familia de Antonela Roccuzzo, mujer de Lionel Messi.<\/p>\n\n\n\n<p>\u201cMessi te estamos esperando. (Pablo) Javkin es narco no te va a cuidar\u201d, reza el mensaje que dejaron quienes balearon la sucursal de la cadena de supermercados \u00danico.<\/p>\n\n\n\n<p>\u00abEst\u00e1 claro que no fueron a cualquier supermercado, buscaban este impacto y ser\u00e1 producto de la investigaci\u00f3n\u201d, se\u00f1al\u00f3.<\/p>\n\n\n\n<p>\u00abEscuchaba al intendente y a la mam\u00e1 de Messi decir que andan sin seguridad, yo tambi\u00e9n. Los que vivimos el drama somos los que estamos ah\u00ed y, claramente, cada cosa que pasa, como este hecho, nos interpela\u201d, sostuvo.<\/p>\n\n\n\n<p>Luego del ataque mafioso, Bullrich, propuso que se despliegue a las Fuerzas Armadas en Rosario. Al respecto, Rossi manifest\u00f3: \u201cBullrich no puso un puto radar en la frontera norte durante los cuatro a\u00f1os de gesti\u00f3n\u201d.<\/p>\n\n\n\n<p>\u00abLas Fuerzas Armadas no quieren estar en ese lugar, tiene que hacerse otra cosa, tiene que hacerse pol\u00edtica de defensa\u201d, sostuvo seg\u00fan reflej\u00f3 el portal Infobae.<\/p>\n\n\n\n<p>Y retom\u00f3 sus cr\u00edticas a la gesti\u00f3n de Bullrich al mencionar que \u201clos radares que estaban son los que se pusieron con Cristina y ahora est\u00e1 poniendo el presidente Alberto Fern\u00e1ndez\u201d.<\/p>\n<div class=\"sharedaddy sd-sharing-enabled\"><div class=\"robots-nocontent sd-block sd-social sd-social-icon sd-sharing\"><h3 class=\"sd-title\">Comparte esto:<\/h3><div class=\"sd-content\"><ul><li class=\"share-twitter\"><a rel=\"nofollow noopener noreferrer\" data-shared=\"sharing-twitter-35809\" class=\"share-twitter sd-button share-icon no-text\" href=\"http:\/\/www.rtvnoticias.com.ar\/?p=35809&amp;share=twitter\" target=\"_blank\" title=\"Haz clic para compartir en Twitter\"><span><\/span><span class=\"sharing-screen-reader-text\">Haz clic para compartir en Twitter (Se abre en una ventana nueva)<\/span><\/a><\/li><li class=\"share-facebook\"><a rel=\"nofollow noopener noreferrer\" data-shared=\"sharing-facebook-35809\" class=\"share-facebook sd-button share-icon no-text\" href=\"http:\/\/www.rtvnoticias.com.ar\/?p=35809&amp;share=facebook\" target=\"_blank\" title=\"Haz clic para compartir en Facebook\"><span><\/span><span class=\"sharing-screen-reader-text\">Haz clic para compartir en Facebook (Se abre en una ventana nueva)<\/span><\/a><\/li><li class=\"share-jetpack-whatsapp\"><a rel=\"nofollow noopener noreferrer\" data-shared=\"\" class=\"share-jetpack-whatsapp sd-button share-icon no-text\" href=\"http:\/\/www.rtvnoticias.com.ar\/?p=35809&amp;share=jetpack-whatsapp\" target=\"_blank\" title=\"Haz clic para compartir en WhatsApp\"><span><\/span><span class=\"sharing-screen-reader-text\">Haz clic para compartir en WhatsApp (Se abre en una ventana nueva)<\/span><\/a><\/li><li class=\"share-telegram\"><a rel=\"nofollow noopener noreferrer\" data-shared=\"\" class=\"share-telegram sd-button share-icon no-text\" href=\"http:\/\/www.rtvnoticias.com.ar\/?p=35809&amp;share=telegram\" target=\"_blank\" title=\"Haz clic para compartir en Telegram\"><span><\/span><span class=\"sharing-screen-reader-text\">Haz clic para compartir en Telegram (Se abre en una ventana nueva)<\/span><\/a><\/li><li class=\"share-end\"><\/li><\/ul><\/div><\/div><\/div>","protected":false},"excerpt":{"rendered":"<p>El jefe de Gabinete sali\u00f3 al cruce de Patricia Bullrich, quien propuso desplegar militares para combatir el narco tras el ataque al s\u00faper de la<\/p>\n<div class=\"sharedaddy sd-sharing-enabled\"><div class=\"robots-nocontent sd-block sd-social sd-social-icon sd-sharing\"><h3 class=\"sd-title\">Comparte esto:<\/h3><div class=\"sd-content\"><ul><li class=\"share-twitter\"><a rel=\"nofollow noopener noreferrer\" data-shared=\"sharing-twitter-35809\" class=\"share-twitter sd-button share-icon no-text\" href=\"http:\/\/www.rtvnoticias.com.ar\/?p=35809&amp;share=twitter\" target=\"_blank\" title=\"Haz clic para compartir en Twitter\"><span><\/span><span class=\"sharing-screen-reader-text\">Haz clic para compartir en Twitter (Se abre en una ventana nueva)<\/span><\/a><\/li><li class=\"share-facebook\"><a rel=\"nofollow noopener noreferrer\" data-shared=\"sharing-facebook-35809\" class=\"share-facebook sd-button share-icon no-text\" href=\"http:\/\/www.rtvnoticias.com.ar\/?p=35809&amp;share=facebook\" target=\"_blank\" title=\"Haz clic para compartir en Facebook\"><span><\/span><span class=\"sharing-screen-reader-text\">Haz clic para compartir en Facebook (Se abre en una ventana nueva)<\/span><\/a><\/li><li class=\"share-jetpack-whatsapp\"><a rel=\"nofollow noopener noreferrer\" data-shared=\"\" class=\"share-jetpack-whatsapp sd-button share-icon no-text\" href=\"http:\/\/www.rtvnoticias.com.ar\/?p=35809&amp;share=jetpack-whatsapp\" target=\"_blank\" title=\"Haz clic para compartir en WhatsApp\"><span><\/span><span class=\"sharing-screen-reader-text\">Haz clic para compartir en WhatsApp (Se abre en una ventana nueva)<\/span><\/a><\/li><li class=\"share-telegram\"><a rel=\"nofollow noopener noreferrer\" data-shared=\"\" class=\"share-telegram sd-button share-icon no-text\" href=\"http:\/\/www.rtvnoticias.com.ar\/?p=35809&amp;share=telegram\" target=\"_blank\" title=\"Haz clic para compartir en Telegram\"><span><\/span><span class=\"sharing-screen-reader-text\">Haz clic para compartir en Telegram (Se abre en una ventana nueva)<\/span><\/a><\/li><li class=\"share-end\"><\/li><\/ul><\/div><\/div><\/div>","protected":false},"author":7,"featured_media":35538,"comment_status":"closed","ping_status":"closed","sticky":false,"template":"","format":"standard","meta":{"spay_email":"","jetpack_publicize_message":"","jetpack_is_tweetstorm":false,"jetpack_publicize_feature_enabled":true},"categories":[5],"tags":[],"jetpack_featured_media_url":"http:\/\/www.rtvnoticias.com.ar\/wp-content\/uploads\/2023\/02\/rossi_gabinete.jpg_1756841869.jpg","jetpack_publicize_connections":[],"jetpack_sharing_enabled":true,"_links":{"self":[{"href":"http:\/\/www.rtvnoticias.com.ar\/index.php?rest_route=\/wp\/v2\/posts\/35809"}],"collection":[{"href":"http:\/\/www.rtvnoticias.com.ar\/index.php?rest_route=\/wp\/v2\/posts"}],"about":[{"href":"http:\/\/www.rtvnoticias.com.ar\/index.php?rest_route=\/wp\/v2\/types\/post"}],"author":[{"embeddable":true,"href":"http:\/\/www.rtvnoticias.com.ar\/index.php?rest_route=\/wp\/v2\/users\/7"}],"replies":[{"embeddable":true,"href":"http:\/\/www.rtvnoticias.com.ar\/index.php?rest_route=%2Fwp%2Fv2%2Fcomments&post=35809"}],"version-history":[{"count":1,"href":"http:\/\/www.rtvnoticias.com.ar\/index.php?rest_route=\/wp\/v2\/posts\/35809\/revisions"}],"predecessor-version":[{"id":35810,"href":"http:\/\/www.rtvnoticias.com.ar\/index.php?rest_route=\/wp\/v2\/posts\/35809\/revisions\/35810"}],"wp:featuredmedia":[{"embeddable":true,"href":"http:\/\/www.rtvnoticias.com.ar\/index.php?rest_route=\/wp\/v2\/media\/35538"}],"wp:attachment":[{"href":"http:\/\/www.rtvnoticias.com.ar\/index.php?rest_route=%2Fwp%2Fv2%2Fmedia&parent=35809"}],"wp:term":[{"taxonomy":"category","embeddable":true,"href":"http:\/\/www.rtvnoticias.com.ar\/index.php?rest_route=%2Fwp%2Fv2%2Fcategories&post=35809"},{"taxonomy":"post_tag","embeddable":true,"href":"http:\/\/www.rtvnoticias.com.ar\/index.php?rest_route=%2Fwp%2Fv2%2Ftags&post=35809"}],"curies":[{"name":"wp","href":"https:\/\/api.w.org\/{rel}","templated":true}]}}