{"id":35814,"date":"2023-03-03T10:59:29","date_gmt":"2023-03-03T13:59:29","guid":{"rendered":"http:\/\/www.rtvnoticias.com.ar\/?p=35814"},"modified":"2023-03-03T10:59:32","modified_gmt":"2023-03-03T13:59:32","slug":"anibal-no-renuncia-no-me-den-por-vencido-ni-aun-vencido","status":"publish","type":"post","link":"http:\/\/www.rtvnoticias.com.ar\/?p=35814","title":{"rendered":"An\u00edbal no renuncia: \u00abNo me den por vencido ni a\u00fan vencido\u00bb"},"content":{"rendered":"\n<p class=\"has-text-align-center\"><strong>\u00abDurante 20 a\u00f1os no resolvieron nada y en un a\u00f1o tuvimos 2077 detenidos\u00bb.<\/strong><\/p>\n\n\n\n<p>Lo dijo el ministro de Seguridad de la Naci\u00f3n en una conferencia de prensa improvisada. \u201cNo hicieron nada en 20 a\u00f1os, nosotros con los n\u00fameros en la mano en 2022 logramos la detenci\u00f3n de 2077 personas con mucho esfuerzo de hombres y mujeres de los servicios federales y muy tareas acertadas\u201d dijo el ministro de Seguridad de la Naci\u00f3n en conferencia de prensa improvisada a Cadena 3 Rosario, desde su m\u00f3vil en Buenos Aires.<\/p>\n\n\n\n<p>Seg\u00fan el funcionario nacional \u201cno tengo que evaluar yo a las polic\u00edas de las provincias\u201d pero advirti\u00f3 que \u201csi en alg\u00fan momento entendemos que tenemos que intervenir porque lo solicitan, lo hacemos. Pero yo no soy quien para decidir una intervenci\u00f3n\u201d, remarca.<\/p>\n\n\n\n<p>Para An\u00edbal Fern\u00e1ndez \u201clas cuatro fuerzas federales trabajan con mucha vocaci\u00f3n\u201d y resalta que \u201cno hay saturaci\u00f3n\u201d en este sentido. \u201cVamos a hacer un trabajo en serio para resolver la situaci\u00f3n abriendo una estrategia muy grande con un \u00fanico comando para pensar con la misma cabeza y encontrar respuestas inmediatas\u201d.<\/p>\n\n\n\n<p>\u201cDurante 20 a\u00f1os no pudieron resolver nada y nosotros en el primer a\u00f1o logramos ese nivel de detenci\u00f3n de 2077 personas\u201d, critica el funcionario de la cartera de seguridad.<\/p>\n\n\n\n<p>\u201cYo voy a Rosario siempre para trabajar con nuestras fuerzas, no trabajo desde una computadora\u201d, dijo Fern\u00e1ndez quien remarc\u00f3 que \u201cel presidente no ejecuta estas cosas y no tiene por qu\u00e9 ir a Rosario. No se tiene que poner al frente de esta situaci\u00f3n\u201d.<\/p>\n\n\n\n<p>Cr\u00edticas a la pol\u00edtica. \u201cHay varios juzgados sin cubrirse y me llama la atenci\u00f3n que los legisladores de la regi\u00f3n no hagan nada para solucionar esto\u201d.<\/p>\n<div class=\"sharedaddy sd-sharing-enabled\"><div class=\"robots-nocontent sd-block sd-social sd-social-icon sd-sharing\"><h3 class=\"sd-title\">Comparte esto:<\/h3><div class=\"sd-content\"><ul><li class=\"share-twitter\"><a rel=\"nofollow noopener noreferrer\" data-shared=\"sharing-twitter-35814\" class=\"share-twitter sd-button share-icon no-text\" href=\"http:\/\/www.rtvnoticias.com.ar\/?p=35814&amp;share=twitter\" target=\"_blank\" title=\"Haz clic para compartir en Twitter\"><span><\/span><span class=\"sharing-screen-reader-text\">Haz clic para compartir en Twitter (Se abre en una ventana nueva)<\/span><\/a><\/li><li class=\"share-facebook\"><a rel=\"nofollow noopener noreferrer\" data-shared=\"sharing-facebook-35814\" class=\"share-facebook sd-button share-icon no-text\" href=\"http:\/\/www.rtvnoticias.com.ar\/?p=35814&amp;share=facebook\" target=\"_blank\" title=\"Haz clic para compartir en Facebook\"><span><\/span><span class=\"sharing-screen-reader-text\">Haz clic para compartir en Facebook (Se abre en una ventana nueva)<\/span><\/a><\/li><li class=\"share-jetpack-whatsapp\"><a rel=\"nofollow noopener noreferrer\" data-shared=\"\" class=\"share-jetpack-whatsapp sd-button share-icon no-text\" href=\"http:\/\/www.rtvnoticias.com.ar\/?p=35814&amp;share=jetpack-whatsapp\" target=\"_blank\" title=\"Haz clic para compartir en WhatsApp\"><span><\/span><span class=\"sharing-screen-reader-text\">Haz clic para compartir en WhatsApp (Se abre en una ventana nueva)<\/span><\/a><\/li><li class=\"share-telegram\"><a rel=\"nofollow noopener noreferrer\" data-shared=\"\" class=\"share-telegram sd-button share-icon no-text\" href=\"http:\/\/www.rtvnoticias.com.ar\/?p=35814&amp;share=telegram\" target=\"_blank\" title=\"Haz clic para compartir en Telegram\"><span><\/span><span class=\"sharing-screen-reader-text\">Haz clic para compartir en Telegram (Se abre en una ventana nueva)<\/span><\/a><\/li><li class=\"share-end\"><\/li><\/ul><\/div><\/div><\/div>","protected":false},"excerpt":{"rendered":"<p>\u00abDurante 20 a\u00f1os no resolvieron nada y en un a\u00f1o tuvimos 2077 detenidos\u00bb. Lo dijo el ministro de Seguridad de la Naci\u00f3n en una conferencia<\/p>\n<div class=\"sharedaddy sd-sharing-enabled\"><div class=\"robots-nocontent sd-block sd-social sd-social-icon sd-sharing\"><h3 class=\"sd-title\">Comparte esto:<\/h3><div class=\"sd-content\"><ul><li class=\"share-twitter\"><a rel=\"nofollow noopener noreferrer\" data-shared=\"sharing-twitter-35814\" class=\"share-twitter sd-button share-icon no-text\" href=\"http:\/\/www.rtvnoticias.com.ar\/?p=35814&amp;share=twitter\" target=\"_blank\" title=\"Haz clic para compartir en Twitter\"><span><\/span><span class=\"sharing-screen-reader-text\">Haz clic para compartir en Twitter (Se abre en una ventana nueva)<\/span><\/a><\/li><li class=\"share-facebook\"><a rel=\"nofollow noopener noreferrer\" data-shared=\"sharing-facebook-35814\" class=\"share-facebook sd-button share-icon no-text\" href=\"http:\/\/www.rtvnoticias.com.ar\/?p=35814&amp;share=facebook\" target=\"_blank\" title=\"Haz clic para compartir en Facebook\"><span><\/span><span class=\"sharing-screen-reader-text\">Haz clic para compartir en Facebook (Se abre en una ventana nueva)<\/span><\/a><\/li><li class=\"share-jetpack-whatsapp\"><a rel=\"nofollow noopener noreferrer\" data-shared=\"\" class=\"share-jetpack-whatsapp sd-button share-icon no-text\" href=\"http:\/\/www.rtvnoticias.com.ar\/?p=35814&amp;share=jetpack-whatsapp\" target=\"_blank\" title=\"Haz clic para compartir en WhatsApp\"><span><\/span><span class=\"sharing-screen-reader-text\">Haz clic para compartir en WhatsApp (Se abre en una ventana nueva)<\/span><\/a><\/li><li class=\"share-telegram\"><a rel=\"nofollow noopener noreferrer\" data-shared=\"\" class=\"share-telegram sd-button share-icon no-text\" href=\"http:\/\/www.rtvnoticias.com.ar\/?p=35814&amp;share=telegram\" target=\"_blank\" title=\"Haz clic para compartir en Telegram\"><span><\/span><span class=\"sharing-screen-reader-text\">Haz clic para compartir en Telegram (Se abre en una ventana nueva)<\/span><\/a><\/li><li class=\"share-end\"><\/li><\/ul><\/div><\/div><\/div>","protected":false},"author":7,"featured_media":29390,"comment_status":"closed","ping_status":"closed","sticky":false,"template":"","format":"standard","meta":{"spay_email":"","jetpack_publicize_message":"","jetpack_is_tweetstorm":false,"jetpack_publicize_feature_enabled":true},"categories":[5],"tags":[],"jetpack_featured_media_url":"http:\/\/www.rtvnoticias.com.ar\/wp-content\/uploads\/2021\/10\/anibal-fernandez.jpg","jetpack_publicize_connections":[],"jetpack_sharing_enabled":true,"_links":{"self":[{"href":"http:\/\/www.rtvnoticias.com.ar\/index.php?rest_route=\/wp\/v2\/posts\/35814"}],"collection":[{"href":"http:\/\/www.rtvnoticias.com.ar\/index.php?rest_route=\/wp\/v2\/posts"}],"about":[{"href":"http:\/\/www.rtvnoticias.com.ar\/index.php?rest_route=\/wp\/v2\/types\/post"}],"author":[{"embeddable":true,"href":"http:\/\/www.rtvnoticias.com.ar\/index.php?rest_route=\/wp\/v2\/users\/7"}],"replies":[{"embeddable":true,"href":"http:\/\/www.rtvnoticias.com.ar\/index.php?rest_route=%2Fwp%2Fv2%2Fcomments&post=35814"}],"version-history":[{"count":1,"href":"http:\/\/www.rtvnoticias.com.ar\/index.php?rest_route=\/wp\/v2\/posts\/35814\/revisions"}],"predecessor-version":[{"id":35815,"href":"http:\/\/www.rtvnoticias.com.ar\/index.php?rest_route=\/wp\/v2\/posts\/35814\/revisions\/35815"}],"wp:featuredmedia":[{"embeddable":true,"href":"http:\/\/www.rtvnoticias.com.ar\/index.php?rest_route=\/wp\/v2\/media\/29390"}],"wp:attachment":[{"href":"http:\/\/www.rtvnoticias.com.ar\/index.php?rest_route=%2Fwp%2Fv2%2Fmedia&parent=35814"}],"wp:term":[{"taxonomy":"category","embeddable":true,"href":"http:\/\/www.rtvnoticias.com.ar\/index.php?rest_route=%2Fwp%2Fv2%2Fcategories&post=35814"},{"taxonomy":"post_tag","embeddable":true,"href":"http:\/\/www.rtvnoticias.com.ar\/index.php?rest_route=%2Fwp%2Fv2%2Ftags&post=35814"}],"curies":[{"name":"wp","href":"https:\/\/api.w.org\/{rel}","templated":true}]}}