{"id":35828,"date":"2023-03-05T18:52:47","date_gmt":"2023-03-05T21:52:47","guid":{"rendered":"http:\/\/www.rtvnoticias.com.ar\/?p=35828"},"modified":"2023-03-05T18:52:49","modified_gmt":"2023-03-05T21:52:49","slug":"caso-lucio-fonseca-pide-juicio-politico-al-gobernador-ziliotto-y-el-ministro-alvarez","status":"publish","type":"post","link":"http:\/\/www.rtvnoticias.com.ar\/?p=35828","title":{"rendered":"Caso Lucio: Fonseca pide juicio pol\u00edtico al gobernador Ziliotto y el ministro Alvarez"},"content":{"rendered":"\n<p>La diputada Sandra Fonseca por el bloque Comunidad Organizada, realiz\u00f3 en el d\u00eda de hoy una presentaci\u00f3n ante la C\u00e1mara de Diputados solicitando el Juicio Pol\u00edtico por mal desempe\u00f1o en sus funciones al Gobernador Sergio Ziliotto y al actual Ministro de Desarrollo Social Diego \u00c1lvarez, por la muerte del ni\u00f1o Lucio Dupuy.<\/p>\n\n\n\n<p>En su pedido , Fonseca determina que el Estado es el garante del efectivo cumplimiento de derechos, garant\u00edas y precisamente es el Gobernador Ziliotto por lo determinado por la Constituci\u00f3n, quien debe hacer cumplir la legislaci\u00f3n vigente, y el Ministro de Desarrollo Social \u00c1lvarez, teniendo a cargo el Ministerio que es la autoridad de aplicaci\u00f3n de la ley provincial de ni\u00f1ez N\u00b0 2.703.<\/p>\n\n\n\n<p>Asimismo la legisladora manifiesta que la interpelaci\u00f3n realizada luego del fallecimiento de Lucio , fue una puesta en escena, la que no convalid\u00f3 , ya que primero deb\u00eda realizarse la investigaci\u00f3n y el correspondiente juicio penal.<\/p>\n\n\n\n<p>Esta no es la primera vez que integrantes de Comunidad Organizada, se expresan en relaci\u00f3n a este hecho, ya que mediante Juan Carlos Tierno se han realizado denuncias en la Fiscal\u00eda de Investigaciones Administrativas (FIA) y en la Comisaria Tercera de Santa Rosa, a fin que se investigue a los responsables por incumplimiento de sus deberes de funcionarios.<\/p>\n\n\n\n<p>Luego del estudio exhaustivo de la sentencia condenatoria a las autoras materiales del crimen de Lucio, se vislumbra grandes responsabilidades del Estado mediante el conocimiento de la situaci\u00f3n de distintos Funcionarios, los que por su inacci\u00f3n colaboraron al fatal desenlace.<\/p>\n\n\n\n<p>Consultada Fonseca, expres\u00f3 \u201cdel estudio de la sentencia surgen elementos determinantes que demuestran el conocimiento de la situaci\u00f3n que atravesaba Lucio, incluso dichos del m\u00e9dico Forense Dr. Toulouse donde manifiesta que es posible que su historia cl\u00ednica fue alterada.\u201d<\/p>\n\n\n\n<p>\u201cAhora quieren responsabilizar en su totalidad a la jueza de Familia de la localidad de General Pico P\u00e9rez Ballester, es una responsable intermedia dentro del Sistema de Protecci\u00f3n Integral, hay un esquema pol\u00edtico social integrado por un conjunto de interacciones que constituyen lo que se denomina principio de corresponsabilidad de todos y cada uno de los actores que lo conforman, posibilitando su correcto funcionamiento.\u201d<\/p>\n\n\n\n<p>\u201cEs importante que las personas conozcan este principio en el abordaje de la ni\u00f1ez y adolescencia, ya que su correcto funcionamiento evitar\u00eda el corrimiento de responsabilidad de los distintos espacios del gobierno, los que est\u00e1n directamente involucrados en la ejecuci\u00f3n del Sistema de Protecci\u00f3n Integral, que es uno solo y al que todos conforman.\u201d<\/p>\n\n\n\n<p>\u201c Es inadmisible luego de conocida la sentencia y los detalles que se desprenden de la misma que los m\u00e1ximos responsables no brinden las explicaciones correspondientes, por ello el pedido de juicio pol\u00edtico, es el \u00fanico mecanismo institucional por el cual pueden hacerlo, dando a conocer si se aplic\u00f3 o no el Sistema de Protecci\u00f3n Integral.\u201d<\/p>\n\n\n\n<p>\u201c Dentro de los incumplimientos por parte del Estado Provincial, mencionamos en la denuncia que: no funciona la Unidad de abordaje local en Santa Rosa, no se todas las capacitaciones establecidas por la ley N\u00b0 2.703, no funcionan los protocolos, no hay equipos t\u00e9cnicos interdisciplinarios coordinados, no realizan informaci\u00f3n p\u00fablica, no ten\u00edan l\u00ednea telef\u00f3nica, ni partidas presupuestarias espec\u00edficas de la ley N\u00b02.703, carecen de Registros de todas las Organizaciones no gubernamentales (ONG) ni tampoco el destino de los fondos p\u00fablicos que se le destinan.\u201d<\/p>\n\n\n\n<p>Que en la presentaci\u00f3n del pedido de juicio pol\u00edtico Fonseca deja expresamente constancia de maniobras de Ziliotto, ni bien se conoci\u00f3 p\u00fablicamente la muerte de Lucio, enviando a cuatro personas en cargo de Ministros a la casa de Ram\u00f3n Dupuy, abuelo del ni\u00f1o, y seg\u00fan este mismo cont\u00f3 delante de varias personas presentes que le hab\u00edan ofrecido la renuncia y dinero, la que fue rechazada y que le manifest\u00f3 a su abogado que iniciara acci\u00f3n de investigaci\u00f3n penal para los responsables principales del Sistema de Protecci\u00f3n Integral de ni\u00f1os, ni\u00f1as y adolescentes, incluido Ziliotto, y que seg\u00fan dichos de Dupuy le habr\u00eda contestado que estaba atorado, quedando en evidencia que intentan cubrir la responsabilidad institucional, deslig\u00e1ndosela solo a una operadora intermedia del Sistema de Protecci\u00f3n, como es la jueza de General Pico P\u00e9rez Ballester, para de esa manera, seg\u00fan Fonseca tratar de eludir ante el pueblo la responsabilidad institucional del gobernador Ziliotto y de \u00c1lvarez como Ministro de Desarrollo Social.<\/p>\n\n\n\n<p>Que luego del fallecimiento de Lucio, se gener\u00f3 un proyecto de ley a nivel nacional con el nombre del ni\u00f1o en tanto en La Pampa existe un sistema legal mucho m\u00e1s pormenorizado, detallado, integrado y de corresponsabilidad para proteger a los ni\u00f1os y ni\u00f1as, el que tendr\u00eda que haber funcionado para evitar la tragedia y muerte de Lucio , y fue totalmente incumplido.<\/p>\n\n\n\n<p>Al finalizar Fonseca expres\u00f3 \u201c en la memoria de Lucio y en la protecci\u00f3n de todos los ni\u00f1os , ni\u00f1as y adolescentes que pueden estar sufriendo vulneraciones en sus derechos, es que solicito que la comisi\u00f3n acusadora de juicio pol\u00edtico, aplique como prioridad el Principio del Inter\u00e9s Superior del Ni\u00f1o y no lo rechace in-limine, ya que esto significar\u00eda impedir, obstruir y generar un marco de silencio sobre el tema, que en este caso es de trascendental importancia para el pueblo pampeano y sus instituciones p\u00fablicas, como es, el abordaje de la Protecci\u00f3n Integral de Ni\u00f1as, Ni\u00f1os y Adolescentes.\u201d<\/p>\n<div class=\"sharedaddy sd-sharing-enabled\"><div class=\"robots-nocontent sd-block sd-social sd-social-icon sd-sharing\"><h3 class=\"sd-title\">Comparte esto:<\/h3><div class=\"sd-content\"><ul><li class=\"share-twitter\"><a rel=\"nofollow noopener noreferrer\" data-shared=\"sharing-twitter-35828\" class=\"share-twitter sd-button share-icon no-text\" href=\"http:\/\/www.rtvnoticias.com.ar\/?p=35828&amp;share=twitter\" target=\"_blank\" title=\"Haz clic para compartir en Twitter\"><span><\/span><span class=\"sharing-screen-reader-text\">Haz clic para compartir en Twitter (Se abre en una ventana nueva)<\/span><\/a><\/li><li class=\"share-facebook\"><a rel=\"nofollow noopener noreferrer\" data-shared=\"sharing-facebook-35828\" class=\"share-facebook sd-button share-icon no-text\" href=\"http:\/\/www.rtvnoticias.com.ar\/?p=35828&amp;share=facebook\" target=\"_blank\" title=\"Haz clic para compartir en Facebook\"><span><\/span><span class=\"sharing-screen-reader-text\">Haz clic para compartir en Facebook (Se abre en una ventana nueva)<\/span><\/a><\/li><li class=\"share-jetpack-whatsapp\"><a rel=\"nofollow noopener noreferrer\" data-shared=\"\" class=\"share-jetpack-whatsapp sd-button share-icon no-text\" href=\"http:\/\/www.rtvnoticias.com.ar\/?p=35828&amp;share=jetpack-whatsapp\" target=\"_blank\" title=\"Haz clic para compartir en WhatsApp\"><span><\/span><span class=\"sharing-screen-reader-text\">Haz clic para compartir en WhatsApp (Se abre en una ventana nueva)<\/span><\/a><\/li><li class=\"share-telegram\"><a rel=\"nofollow noopener noreferrer\" data-shared=\"\" class=\"share-telegram sd-button share-icon no-text\" href=\"http:\/\/www.rtvnoticias.com.ar\/?p=35828&amp;share=telegram\" target=\"_blank\" title=\"Haz clic para compartir en Telegram\"><span><\/span><span class=\"sharing-screen-reader-text\">Haz clic para compartir en Telegram (Se abre en una ventana nueva)<\/span><\/a><\/li><li class=\"share-end\"><\/li><\/ul><\/div><\/div><\/div>","protected":false},"excerpt":{"rendered":"<p>La diputada Sandra Fonseca por el bloque Comunidad Organizada, realiz\u00f3 en el d\u00eda de hoy una presentaci\u00f3n ante la C\u00e1mara de Diputados solicitando el Juicio<\/p>\n<div class=\"sharedaddy sd-sharing-enabled\"><div class=\"robots-nocontent sd-block sd-social sd-social-icon sd-sharing\"><h3 class=\"sd-title\">Comparte esto:<\/h3><div class=\"sd-content\"><ul><li class=\"share-twitter\"><a rel=\"nofollow noopener noreferrer\" data-shared=\"sharing-twitter-35828\" class=\"share-twitter sd-button share-icon no-text\" href=\"http:\/\/www.rtvnoticias.com.ar\/?p=35828&amp;share=twitter\" target=\"_blank\" title=\"Haz clic para compartir en Twitter\"><span><\/span><span class=\"sharing-screen-reader-text\">Haz clic para compartir en Twitter (Se abre en una ventana nueva)<\/span><\/a><\/li><li class=\"share-facebook\"><a rel=\"nofollow noopener noreferrer\" data-shared=\"sharing-facebook-35828\" class=\"share-facebook sd-button share-icon no-text\" href=\"http:\/\/www.rtvnoticias.com.ar\/?p=35828&amp;share=facebook\" target=\"_blank\" title=\"Haz clic para compartir en Facebook\"><span><\/span><span class=\"sharing-screen-reader-text\">Haz clic para compartir en Facebook (Se abre en una ventana nueva)<\/span><\/a><\/li><li class=\"share-jetpack-whatsapp\"><a rel=\"nofollow noopener noreferrer\" data-shared=\"\" class=\"share-jetpack-whatsapp sd-button share-icon no-text\" href=\"http:\/\/www.rtvnoticias.com.ar\/?p=35828&amp;share=jetpack-whatsapp\" target=\"_blank\" title=\"Haz clic para compartir en WhatsApp\"><span><\/span><span class=\"sharing-screen-reader-text\">Haz clic para compartir en WhatsApp (Se abre en una ventana nueva)<\/span><\/a><\/li><li class=\"share-telegram\"><a rel=\"nofollow noopener noreferrer\" data-shared=\"\" class=\"share-telegram sd-button share-icon no-text\" href=\"http:\/\/www.rtvnoticias.com.ar\/?p=35828&amp;share=telegram\" target=\"_blank\" title=\"Haz clic para compartir en Telegram\"><span><\/span><span class=\"sharing-screen-reader-text\">Haz clic para compartir en Telegram (Se abre en una ventana nueva)<\/span><\/a><\/li><li class=\"share-end\"><\/li><\/ul><\/div><\/div><\/div>","protected":false},"author":7,"featured_media":35829,"comment_status":"closed","ping_status":"closed","sticky":false,"template":"","format":"standard","meta":{"spay_email":"","jetpack_publicize_message":"","jetpack_is_tweetstorm":false,"jetpack_publicize_feature_enabled":true},"categories":[4],"tags":[],"jetpack_featured_media_url":"http:\/\/www.rtvnoticias.com.ar\/wp-content\/uploads\/2023\/03\/fonseca.jpeg","jetpack_publicize_connections":[],"jetpack_sharing_enabled":true,"_links":{"self":[{"href":"http:\/\/www.rtvnoticias.com.ar\/index.php?rest_route=\/wp\/v2\/posts\/35828"}],"collection":[{"href":"http:\/\/www.rtvnoticias.com.ar\/index.php?rest_route=\/wp\/v2\/posts"}],"about":[{"href":"http:\/\/www.rtvnoticias.com.ar\/index.php?rest_route=\/wp\/v2\/types\/post"}],"author":[{"embeddable":true,"href":"http:\/\/www.rtvnoticias.com.ar\/index.php?rest_route=\/wp\/v2\/users\/7"}],"replies":[{"embeddable":true,"href":"http:\/\/www.rtvnoticias.com.ar\/index.php?rest_route=%2Fwp%2Fv2%2Fcomments&post=35828"}],"version-history":[{"count":1,"href":"http:\/\/www.rtvnoticias.com.ar\/index.php?rest_route=\/wp\/v2\/posts\/35828\/revisions"}],"predecessor-version":[{"id":35830,"href":"http:\/\/www.rtvnoticias.com.ar\/index.php?rest_route=\/wp\/v2\/posts\/35828\/revisions\/35830"}],"wp:featuredmedia":[{"embeddable":true,"href":"http:\/\/www.rtvnoticias.com.ar\/index.php?rest_route=\/wp\/v2\/media\/35829"}],"wp:attachment":[{"href":"http:\/\/www.rtvnoticias.com.ar\/index.php?rest_route=%2Fwp%2Fv2%2Fmedia&parent=35828"}],"wp:term":[{"taxonomy":"category","embeddable":true,"href":"http:\/\/www.rtvnoticias.com.ar\/index.php?rest_route=%2Fwp%2Fv2%2Fcategories&post=35828"},{"taxonomy":"post_tag","embeddable":true,"href":"http:\/\/www.rtvnoticias.com.ar\/index.php?rest_route=%2Fwp%2Fv2%2Ftags&post=35828"}],"curies":[{"name":"wp","href":"https:\/\/api.w.org\/{rel}","templated":true}]}}