{"id":35837,"date":"2023-03-07T19:06:49","date_gmt":"2023-03-07T22:06:49","guid":{"rendered":"http:\/\/www.rtvnoticias.com.ar\/?p=35837"},"modified":"2023-03-07T19:06:52","modified_gmt":"2023-03-07T22:06:52","slug":"comenzo-expoagro-2023-agenda-y-todo-lo-que-tenes-que-saber","status":"publish","type":"post","link":"http:\/\/www.rtvnoticias.com.ar\/?p=35837","title":{"rendered":"Comenz\u00f3 Expoagro 2023: agenda y todo lo que ten\u00e9s que saber"},"content":{"rendered":"\n<p>La feria Expoagro es una muestra agroindustrial a cielo abierto que inici\u00f3 hoy y que se desarrollar\u00e1 durante toda la semana, hasta el viernes 10 de marzo. El evento tiene lugar en el Predio Ferial y Aut\u00f3dromo de San Nicol\u00e1s de los Arroyos, partido ubicado en la provincia de Buenos Aires.<\/p>\n\n\n\n<p>El horario de visita es de 8:30 a 18 hs. y cuenta con promociones y descuentos a diferentes sectores, como escuelas y universidades, jubilados, menores de 16 a\u00f1os acompa\u00f1ados por alg\u00fan mayor, vecinos nicole\u00f1os y aquellos que utilicen Serviclub YPF. Si no se cumplen ninguno de estos requisitos, se puede comprar la entrada a trav\u00e9s de una plataforma online.<\/p>\n\n\n\n<p>En esta ocasi\u00f3n, Expoagro edici\u00f3n YPF Agro 2023, cuenta con m\u00e1s de 600 expositores,entre ellos, varios pampeanos, y una vasta cantidad de actividades. Hoy, inaugur\u00f3 la feria y los eventos del d\u00eda, dos actividades producidas por Expoagro: El Gran Show de la Maquinaria en el Tecn\u00f3dromo y la Inteligencia Artificial y Datos, la Verdadera Revoluci\u00f3n en el Campo para un Futuro Sostenible en el Auditorio AgTech John Deere.<\/p>\n\n\n\n<p>Cabe destacar que solamente en el d\u00eda de hoy se realizan m\u00e1s de 30 actividades divididas en 7 escenarios distintos.<\/p>\n\n\n\n<p>Entre los temas principales de la feria agroindustrial figuran la tecnolog\u00eda, la inteligencia artificial, la situaci\u00f3n econ\u00f3mica de Argentina y el mundo, la carne, el consumo, la sustentabilidad o la importancia clim\u00e1tica. Adem\u00e1s, en el marco del 8M, se realizar\u00e1n charlas y exposiciones como Mujeres en Expoagro, Experiencias en la Industria, efectuadas por empresarias en el rubro e, Inclusi\u00f3n Laboral, charla realizada por ingenieras.<\/p>\n\n\n\n<p><strong>La importancia de Expoagro en la pol\u00edtica<br><\/strong>El evento congrega a varios referentes y sectores del campo. En este sentido, tanto el oficialismo como la oposici\u00f3n intentar\u00e1n hacerse fuerte en la disputa pol\u00edtica t\u00e1cita (y no tan t\u00e1cita) que se llevar\u00e1 a cabo en la feria.<\/p>\n<div class=\"sharedaddy sd-sharing-enabled\"><div class=\"robots-nocontent sd-block sd-social sd-social-icon sd-sharing\"><h3 class=\"sd-title\">Comparte esto:<\/h3><div class=\"sd-content\"><ul><li class=\"share-twitter\"><a rel=\"nofollow noopener noreferrer\" data-shared=\"sharing-twitter-35837\" class=\"share-twitter sd-button share-icon no-text\" href=\"http:\/\/www.rtvnoticias.com.ar\/?p=35837&amp;share=twitter\" target=\"_blank\" title=\"Haz clic para compartir en Twitter\"><span><\/span><span class=\"sharing-screen-reader-text\">Haz clic para compartir en Twitter (Se abre en una ventana nueva)<\/span><\/a><\/li><li class=\"share-facebook\"><a rel=\"nofollow noopener noreferrer\" data-shared=\"sharing-facebook-35837\" class=\"share-facebook sd-button share-icon no-text\" href=\"http:\/\/www.rtvnoticias.com.ar\/?p=35837&amp;share=facebook\" target=\"_blank\" title=\"Haz clic para compartir en Facebook\"><span><\/span><span class=\"sharing-screen-reader-text\">Haz clic para compartir en Facebook (Se abre en una ventana nueva)<\/span><\/a><\/li><li class=\"share-jetpack-whatsapp\"><a rel=\"nofollow noopener noreferrer\" data-shared=\"\" class=\"share-jetpack-whatsapp sd-button share-icon no-text\" href=\"http:\/\/www.rtvnoticias.com.ar\/?p=35837&amp;share=jetpack-whatsapp\" target=\"_blank\" title=\"Haz clic para compartir en WhatsApp\"><span><\/span><span class=\"sharing-screen-reader-text\">Haz clic para compartir en WhatsApp (Se abre en una ventana nueva)<\/span><\/a><\/li><li class=\"share-telegram\"><a rel=\"nofollow noopener noreferrer\" data-shared=\"\" class=\"share-telegram sd-button share-icon no-text\" href=\"http:\/\/www.rtvnoticias.com.ar\/?p=35837&amp;share=telegram\" target=\"_blank\" title=\"Haz clic para compartir en Telegram\"><span><\/span><span class=\"sharing-screen-reader-text\">Haz clic para compartir en Telegram (Se abre en una ventana nueva)<\/span><\/a><\/li><li class=\"share-end\"><\/li><\/ul><\/div><\/div><\/div>","protected":false},"excerpt":{"rendered":"<p>La feria Expoagro es una muestra agroindustrial a cielo abierto que inici\u00f3 hoy y que se desarrollar\u00e1 durante toda la semana, hasta el viernes 10<\/p>\n<div class=\"sharedaddy sd-sharing-enabled\"><div class=\"robots-nocontent sd-block sd-social sd-social-icon sd-sharing\"><h3 class=\"sd-title\">Comparte esto:<\/h3><div class=\"sd-content\"><ul><li class=\"share-twitter\"><a rel=\"nofollow noopener noreferrer\" data-shared=\"sharing-twitter-35837\" class=\"share-twitter sd-button share-icon no-text\" href=\"http:\/\/www.rtvnoticias.com.ar\/?p=35837&amp;share=twitter\" target=\"_blank\" title=\"Haz clic para compartir en Twitter\"><span><\/span><span class=\"sharing-screen-reader-text\">Haz clic para compartir en Twitter (Se abre en una ventana nueva)<\/span><\/a><\/li><li class=\"share-facebook\"><a rel=\"nofollow noopener noreferrer\" data-shared=\"sharing-facebook-35837\" class=\"share-facebook sd-button share-icon no-text\" href=\"http:\/\/www.rtvnoticias.com.ar\/?p=35837&amp;share=facebook\" target=\"_blank\" title=\"Haz clic para compartir en Facebook\"><span><\/span><span class=\"sharing-screen-reader-text\">Haz clic para compartir en Facebook (Se abre en una ventana nueva)<\/span><\/a><\/li><li class=\"share-jetpack-whatsapp\"><a rel=\"nofollow noopener noreferrer\" data-shared=\"\" class=\"share-jetpack-whatsapp sd-button share-icon no-text\" href=\"http:\/\/www.rtvnoticias.com.ar\/?p=35837&amp;share=jetpack-whatsapp\" target=\"_blank\" title=\"Haz clic para compartir en WhatsApp\"><span><\/span><span class=\"sharing-screen-reader-text\">Haz clic para compartir en WhatsApp (Se abre en una ventana nueva)<\/span><\/a><\/li><li class=\"share-telegram\"><a rel=\"nofollow noopener noreferrer\" data-shared=\"\" class=\"share-telegram sd-button share-icon no-text\" href=\"http:\/\/www.rtvnoticias.com.ar\/?p=35837&amp;share=telegram\" target=\"_blank\" title=\"Haz clic para compartir en Telegram\"><span><\/span><span class=\"sharing-screen-reader-text\">Haz clic para compartir en Telegram (Se abre en una ventana nueva)<\/span><\/a><\/li><li class=\"share-end\"><\/li><\/ul><\/div><\/div><\/div>","protected":false},"author":7,"featured_media":35838,"comment_status":"closed","ping_status":"closed","sticky":false,"template":"","format":"standard","meta":{"spay_email":"","jetpack_publicize_message":"","jetpack_is_tweetstorm":false,"jetpack_publicize_feature_enabled":true},"categories":[5],"tags":[],"jetpack_featured_media_url":"http:\/\/www.rtvnoticias.com.ar\/wp-content\/uploads\/2023\/03\/expoagro.jpg","jetpack_publicize_connections":[],"jetpack_sharing_enabled":true,"_links":{"self":[{"href":"http:\/\/www.rtvnoticias.com.ar\/index.php?rest_route=\/wp\/v2\/posts\/35837"}],"collection":[{"href":"http:\/\/www.rtvnoticias.com.ar\/index.php?rest_route=\/wp\/v2\/posts"}],"about":[{"href":"http:\/\/www.rtvnoticias.com.ar\/index.php?rest_route=\/wp\/v2\/types\/post"}],"author":[{"embeddable":true,"href":"http:\/\/www.rtvnoticias.com.ar\/index.php?rest_route=\/wp\/v2\/users\/7"}],"replies":[{"embeddable":true,"href":"http:\/\/www.rtvnoticias.com.ar\/index.php?rest_route=%2Fwp%2Fv2%2Fcomments&post=35837"}],"version-history":[{"count":1,"href":"http:\/\/www.rtvnoticias.com.ar\/index.php?rest_route=\/wp\/v2\/posts\/35837\/revisions"}],"predecessor-version":[{"id":35839,"href":"http:\/\/www.rtvnoticias.com.ar\/index.php?rest_route=\/wp\/v2\/posts\/35837\/revisions\/35839"}],"wp:featuredmedia":[{"embeddable":true,"href":"http:\/\/www.rtvnoticias.com.ar\/index.php?rest_route=\/wp\/v2\/media\/35838"}],"wp:attachment":[{"href":"http:\/\/www.rtvnoticias.com.ar\/index.php?rest_route=%2Fwp%2Fv2%2Fmedia&parent=35837"}],"wp:term":[{"taxonomy":"category","embeddable":true,"href":"http:\/\/www.rtvnoticias.com.ar\/index.php?rest_route=%2Fwp%2Fv2%2Fcategories&post=35837"},{"taxonomy":"post_tag","embeddable":true,"href":"http:\/\/www.rtvnoticias.com.ar\/index.php?rest_route=%2Fwp%2Fv2%2Ftags&post=35837"}],"curies":[{"name":"wp","href":"https:\/\/api.w.org\/{rel}","templated":true}]}}