{"id":35840,"date":"2023-03-07T20:20:15","date_gmt":"2023-03-07T23:20:15","guid":{"rendered":"http:\/\/www.rtvnoticias.com.ar\/?p=35840"},"modified":"2023-03-07T20:20:18","modified_gmt":"2023-03-07T23:20:18","slug":"la-pampa-presento-la-temporada-de-avistaje-de-ciervos-en-brama","status":"publish","type":"post","link":"http:\/\/www.rtvnoticias.com.ar\/?p=35840","title":{"rendered":"La Pampa present\u00f3 la temporada de avistaje de ciervos en brama"},"content":{"rendered":"\n<p>El Gobierno provincial, a trav\u00e9s de la Secretar\u00eda de Turismo, present\u00f3 la Temporada de Avistaje de Ciervos en Brama 2023, que tendr\u00e1 lugar en los meses de marzo y abril en la Reserva Provincial Parque Luro.El anuncio se concret\u00f3 esta ma\u00f1ana en la Secretar\u00eda de Turismo de La Pampa con la presencia de la titular del \u00e1rea, Adriana Romero; la subsecretaria de Desarrollo de la Oferta Tur\u00edstica, Florencia Stefanazzi; el director de la Reserva, Horacio Riesco y el responsable de la concesi\u00f3n de servicios \u201cChurrinche\u201d, Juan Regalado.<br>La funcionaria provincial remarc\u00f3 que \u201cest\u00e1 todo preparado para que comience un ciclo m\u00e1s de la naturaleza, que tiene lugar en muchos sitios de nuestra Provincia, pero que en la Reserva se transforma en oferta tur\u00edstica, tanto para p\u00fablico local como regional, nacional e internacional\u201d.<br>Por otro lado, coment\u00f3 que desde la Administraci\u00f3n del \u00e1rea de uso p\u00fablico analizan la necesidad de formar un cuerpo de guardaparques. \u201cLo consideramos necesario y lo hemos transmitido. Porque un cuerpo de guardaparques nos ayudar\u00eda con la educaci\u00f3n ambiental y con la supervisi\u00f3n de las actividades de los visitantes en las \u00e1reas de uso p\u00fablico\u201d, cont\u00f3.<br>Adem\u00e1s, se refiri\u00f3 a la conservaci\u00f3n del patrimonio hist\u00f3rico. \u201cTambi\u00e9n pedimos la intervenci\u00f3n a las autoridades competentes para la conservaci\u00f3n del Castillo del Parque, que es&nbsp; Monumento Hist\u00f3rico Nacional y Patrimonio Provincial\u201d, agreg\u00f3.<br>En tanto, Romero habl\u00f3 del compromiso ambiental que tiene la Reserva con el manejo de los residuos. \u201cLa separaci\u00f3n de los residuos y la remoci\u00f3n de basura hist\u00f3rica que llevamos a cabo mes a mes, para que la Reserva sea un buen ejemplo de manejo ambiental\u201d, concluy\u00f3.<\/p>\n\n\n\n<p><strong>Regalado<\/strong><br>El responsable del concesionario de los servicios dio cuenta que la actividad comenzar\u00e1 ma\u00f1ana. \u201cLos primeros cuatro d\u00edas de la brama est\u00e1n cubiertos por reservas anticipadas desde el a\u00f1o pasado. Ya tenemos gente, fot\u00f3grafos, periodistas de Buenos Aires haciendo videos\u201d, afirm\u00f3.<br>Explic\u00f3 adem\u00e1s que las reservas se pueden realizar al n\u00fameros 2954-646908. Los turnos para las excursiones de brama comienzan a las 5:30 y 17:30; y el costo para las mismas es de $ 2.500 por persona. \u201cLos dos turnos est\u00e1n programados para un recibimiento con desayuno y merienda\u201d, agreg\u00f3.<br>Por \u00faltimo, record\u00f3 que \u201cpudimos cerrar un acuerdo con el Banco de La Pampa por el canje de PampaClub, donde aparece como Turismo Experiencias Pampeanas. El cliente del BLP que acumule puntos por uso de sus tarjetas, podr\u00e1 canjear para el avistaje en la brama, seg\u00fan los puntos que tenga\u201d.<\/p>\n\n\n\n<p><strong>Riesco<\/strong><br>El director de la Reserva fue determinante al decir que los visitantes \u201cno van a salir defraudados de esta experiencia. Tambi\u00e9n hay complementos, porque en el camino tenemos una variedad de especies nativas, estar\u00e1 el bosque en su plenitud\u201d.<br>\u201cEs una caminata de 1,8 kil\u00f3metros por senderos que se abren para esta \u00e9poca. Aconsejamos ponerse ropa c\u00f3moda, zapatillas adecuadas, gorra y siempre un abrigo. Los ciervos est\u00e1n con buena actividad en nuestra reserva.&nbsp;En este tiempo reproductivo podr\u00e1n ver a los machos separando a las hembras, peleando por ellas, es una actividad sujeta al clima y venimos bien. Son distintas las excursiones de la ma\u00f1ana y la de la tarde. No hay una mejor que la otra, son distintas. Duran entre una hora y media y dos, aproximadamente. La actividad se extender\u00e1 aproximadante un mes y medio, son tiempos marcados por la biolog\u00eda del ciervo\u201d, cerr\u00f3.<\/p>\n<div class=\"sharedaddy sd-sharing-enabled\"><div class=\"robots-nocontent sd-block sd-social sd-social-icon sd-sharing\"><h3 class=\"sd-title\">Comparte esto:<\/h3><div class=\"sd-content\"><ul><li class=\"share-twitter\"><a rel=\"nofollow noopener noreferrer\" data-shared=\"sharing-twitter-35840\" class=\"share-twitter sd-button share-icon no-text\" href=\"http:\/\/www.rtvnoticias.com.ar\/?p=35840&amp;share=twitter\" target=\"_blank\" title=\"Haz clic para compartir en Twitter\"><span><\/span><span class=\"sharing-screen-reader-text\">Haz clic para compartir en Twitter (Se abre en una ventana nueva)<\/span><\/a><\/li><li class=\"share-facebook\"><a rel=\"nofollow noopener noreferrer\" data-shared=\"sharing-facebook-35840\" class=\"share-facebook sd-button share-icon no-text\" href=\"http:\/\/www.rtvnoticias.com.ar\/?p=35840&amp;share=facebook\" target=\"_blank\" title=\"Haz clic para compartir en Facebook\"><span><\/span><span class=\"sharing-screen-reader-text\">Haz clic para compartir en Facebook (Se abre en una ventana nueva)<\/span><\/a><\/li><li class=\"share-jetpack-whatsapp\"><a rel=\"nofollow noopener noreferrer\" data-shared=\"\" class=\"share-jetpack-whatsapp sd-button share-icon no-text\" href=\"http:\/\/www.rtvnoticias.com.ar\/?p=35840&amp;share=jetpack-whatsapp\" target=\"_blank\" title=\"Haz clic para compartir en WhatsApp\"><span><\/span><span class=\"sharing-screen-reader-text\">Haz clic para compartir en WhatsApp (Se abre en una ventana nueva)<\/span><\/a><\/li><li class=\"share-telegram\"><a rel=\"nofollow noopener noreferrer\" data-shared=\"\" class=\"share-telegram sd-button share-icon no-text\" href=\"http:\/\/www.rtvnoticias.com.ar\/?p=35840&amp;share=telegram\" target=\"_blank\" title=\"Haz clic para compartir en Telegram\"><span><\/span><span class=\"sharing-screen-reader-text\">Haz clic para compartir en Telegram (Se abre en una ventana nueva)<\/span><\/a><\/li><li class=\"share-end\"><\/li><\/ul><\/div><\/div><\/div>","protected":false},"excerpt":{"rendered":"<p>El Gobierno provincial, a trav\u00e9s de la Secretar\u00eda de Turismo, present\u00f3 la Temporada de Avistaje de Ciervos en Brama 2023, que tendr\u00e1 lugar en los<\/p>\n<div class=\"sharedaddy sd-sharing-enabled\"><div class=\"robots-nocontent sd-block sd-social sd-social-icon sd-sharing\"><h3 class=\"sd-title\">Comparte esto:<\/h3><div class=\"sd-content\"><ul><li class=\"share-twitter\"><a rel=\"nofollow noopener noreferrer\" data-shared=\"sharing-twitter-35840\" class=\"share-twitter sd-button share-icon no-text\" href=\"http:\/\/www.rtvnoticias.com.ar\/?p=35840&amp;share=twitter\" target=\"_blank\" title=\"Haz clic para compartir en Twitter\"><span><\/span><span class=\"sharing-screen-reader-text\">Haz clic para compartir en Twitter (Se abre en una ventana nueva)<\/span><\/a><\/li><li class=\"share-facebook\"><a rel=\"nofollow noopener noreferrer\" data-shared=\"sharing-facebook-35840\" class=\"share-facebook sd-button share-icon no-text\" href=\"http:\/\/www.rtvnoticias.com.ar\/?p=35840&amp;share=facebook\" target=\"_blank\" title=\"Haz clic para compartir en Facebook\"><span><\/span><span class=\"sharing-screen-reader-text\">Haz clic para compartir en Facebook (Se abre en una ventana nueva)<\/span><\/a><\/li><li class=\"share-jetpack-whatsapp\"><a rel=\"nofollow noopener noreferrer\" data-shared=\"\" class=\"share-jetpack-whatsapp sd-button share-icon no-text\" href=\"http:\/\/www.rtvnoticias.com.ar\/?p=35840&amp;share=jetpack-whatsapp\" target=\"_blank\" title=\"Haz clic para compartir en WhatsApp\"><span><\/span><span class=\"sharing-screen-reader-text\">Haz clic para compartir en WhatsApp (Se abre en una ventana nueva)<\/span><\/a><\/li><li class=\"share-telegram\"><a rel=\"nofollow noopener noreferrer\" data-shared=\"\" class=\"share-telegram sd-button share-icon no-text\" href=\"http:\/\/www.rtvnoticias.com.ar\/?p=35840&amp;share=telegram\" target=\"_blank\" title=\"Haz clic para compartir en Telegram\"><span><\/span><span class=\"sharing-screen-reader-text\">Haz clic para compartir en Telegram (Se abre en una ventana nueva)<\/span><\/a><\/li><li class=\"share-end\"><\/li><\/ul><\/div><\/div><\/div>","protected":false},"author":7,"featured_media":35841,"comment_status":"closed","ping_status":"closed","sticky":false,"template":"","format":"standard","meta":{"spay_email":"","jetpack_publicize_message":"","jetpack_is_tweetstorm":false,"jetpack_publicize_feature_enabled":true},"categories":[4],"tags":[],"jetpack_featured_media_url":"http:\/\/www.rtvnoticias.com.ar\/wp-content\/uploads\/2023\/03\/presentacion-avistaje-ciervos.jpg","jetpack_publicize_connections":[],"jetpack_sharing_enabled":true,"_links":{"self":[{"href":"http:\/\/www.rtvnoticias.com.ar\/index.php?rest_route=\/wp\/v2\/posts\/35840"}],"collection":[{"href":"http:\/\/www.rtvnoticias.com.ar\/index.php?rest_route=\/wp\/v2\/posts"}],"about":[{"href":"http:\/\/www.rtvnoticias.com.ar\/index.php?rest_route=\/wp\/v2\/types\/post"}],"author":[{"embeddable":true,"href":"http:\/\/www.rtvnoticias.com.ar\/index.php?rest_route=\/wp\/v2\/users\/7"}],"replies":[{"embeddable":true,"href":"http:\/\/www.rtvnoticias.com.ar\/index.php?rest_route=%2Fwp%2Fv2%2Fcomments&post=35840"}],"version-history":[{"count":1,"href":"http:\/\/www.rtvnoticias.com.ar\/index.php?rest_route=\/wp\/v2\/posts\/35840\/revisions"}],"predecessor-version":[{"id":35842,"href":"http:\/\/www.rtvnoticias.com.ar\/index.php?rest_route=\/wp\/v2\/posts\/35840\/revisions\/35842"}],"wp:featuredmedia":[{"embeddable":true,"href":"http:\/\/www.rtvnoticias.com.ar\/index.php?rest_route=\/wp\/v2\/media\/35841"}],"wp:attachment":[{"href":"http:\/\/www.rtvnoticias.com.ar\/index.php?rest_route=%2Fwp%2Fv2%2Fmedia&parent=35840"}],"wp:term":[{"taxonomy":"category","embeddable":true,"href":"http:\/\/www.rtvnoticias.com.ar\/index.php?rest_route=%2Fwp%2Fv2%2Fcategories&post=35840"},{"taxonomy":"post_tag","embeddable":true,"href":"http:\/\/www.rtvnoticias.com.ar\/index.php?rest_route=%2Fwp%2Fv2%2Ftags&post=35840"}],"curies":[{"name":"wp","href":"https:\/\/api.w.org\/{rel}","templated":true}]}}