{"id":35862,"date":"2023-03-09T10:26:04","date_gmt":"2023-03-09T13:26:04","guid":{"rendered":"http:\/\/www.rtvnoticias.com.ar\/?p=35862"},"modified":"2023-03-09T10:26:07","modified_gmt":"2023-03-09T13:26:07","slug":"el-frejupa-ratifica-el-pedido-de-jury-a-la-jueza-ballester","status":"publish","type":"post","link":"http:\/\/www.rtvnoticias.com.ar\/?p=35862","title":{"rendered":"El FreJuPa ratifica el pedid\u00f3 de jury a la jueza Ballester"},"content":{"rendered":"\n<p class=\"has-text-align-center\"><strong>La acusaci\u00f3n tambi\u00e9n alcanza a la asesora de Menores de General Pico, Elisa Cat\u00e1n, por su participaci\u00f3n en el expediente.<\/strong><\/p>\n\n\n\n<p>El bloque del FreJuPa se present\u00f3 este jueves a las 9 horas en el edificio del STJ. Ya se puede convocar al jury contra la jueza que otorg\u00f3 la tenencia a la madre de Lucio Dupuy. Lo integra la presidenta del organismo judicial y dos abogados y dos legisladores de la c\u00e1mara.<\/p>\n\n\n\n<p>El bloque de diputados y diputadas del FreJuPa ratific\u00f3 este jueves a las 9 horas la presentaci\u00f3n para iniciarle un jury por mal desempe\u00f1o a la jueza de General Pico, Ana Clara P\u00e9rez Ballester, titular del Juzgado de la Familia y el Menor N\u00ba 1 de General Pico, por otorgarle la tenencia de Lucio Dupuy a Magdalena Esp\u00f3sito Valenti y Abigail P\u00e1ez, quienes lo terminaron asesinando.<\/p>\n\n\n\n<p>Desde el bloque oficialista confirmaron que recibieron la notificaci\u00f3n y acudieron este jueves para ratificar la presentaci\u00f3n que hicieron oportunamente. La acusaci\u00f3n tambi\u00e9n alcanza a la asesora de Menores de General Pico, Elisa Cat\u00e1n, por su participaci\u00f3n en el expediente.<\/p>\n\n\n\n<p>El tr\u00e1mite se realiz\u00f3 ante el Superior Tribunal de Justicia. Los legisladores hicieron la denuncia formal a principios de febrero. Tambi\u00e9n hay otra presentaci\u00f3n del bloque de Juntos por el Cambio.<\/p>\n\n\n\n<p>La ley 313 que regula el jury de enjuiciamiento establece que luego de presentada la denuncia por mal desempe\u00f1o, la misma debe ser ratificada.<\/p>\n\n\n\n<p>La presidenta del STJ, Elena Fresco, luego del tr\u00e1mite de este jueves, puede ya convocar al jury. Este podr\u00eda rechazar la denuncia &#8216;in l\u00edmine&#8217; (esto se hace en los casos donde no hay indicios o elementos para una acusaci\u00f3n) o abrir la investigaci\u00f3n.<\/p>\n\n\n\n<p>Tanto el PRO como el oficialismo apuntan al mal desempe\u00f1o en el caso y a la decisi\u00f3n de la magistrada de otorgarle la tenencia del nene a su madre, Magdalena Esp\u00f3sito Valenti, sin haber solicitado un estudio socioambiental.<\/p>\n\n\n\n<p>El jury tiene que ser convocado por la presidenta del STJ. El jurado de enjuiciamiento se integra con la propia Fresco, dos abogados de la matr\u00edcula (que se definen por sorteo en la matr\u00edcula de la Segunda Circunscripci\u00f3n, donde se desempe\u00f1an P\u00e9rez Ballester y Cat\u00e1n) y dos diputadas, Silvia Larreta (Frejupa) y Andrea Valderrama (Frepam). Los suplentes son Julio Gonz\u00e1lez y Mauricio Ag\u00f3n, respectivamente.<\/p>\n\n\n\n<p>El jurado de enjuiciamiento o jury es el tribunal a cargo del juzgamiento de los miembros del Poder Judicial por mal desempe\u00f1o de sus funciones, delitos en el ejercicio de sus funciones, o por delitos comunes. Eventualmente, si las encuentran responsables, la jueza y la asesora pueden ser echadas de sus cargos.<\/p>\n\n\n\n<p>Lucio fue asesinado el 26 de noviembre de 2021. Ahora su madre, Esp\u00f3sito Valenti, y su pareja Abigail P\u00e1ez fueron condenadas a prisi\u00f3n perpetua por el crimen, adem\u00e1s del abuso sexual en el caso de la madrastra.<\/p>\n\n\n\n<p>El jurado de enjuiciamiento o jury, es un procedimiento destinado a establecer el grado de responsabilidad que les cabe a: Jueces de Tribunales inferiores, Fiscales, Contador y Tesorero General y Presidente y vocales del Tribunal de Cuentas, de los hechos, actos u omisiones realizados durante el per\u00edodo de su gesti\u00f3n y cuyo fin es el de separarlos de sus cargos. Lo integran el Presidente Superior Tribunal de Justicia Dos abogados de la matr\u00edcula designados por sorteo Dos diputados designados por la C\u00e1mara de Diputados.<\/p>\n\n\n\n<p>Fuente: El Diario<\/p>\n<div class=\"sharedaddy sd-sharing-enabled\"><div class=\"robots-nocontent sd-block sd-social sd-social-icon sd-sharing\"><h3 class=\"sd-title\">Comparte esto:<\/h3><div class=\"sd-content\"><ul><li class=\"share-twitter\"><a rel=\"nofollow noopener noreferrer\" data-shared=\"sharing-twitter-35862\" class=\"share-twitter sd-button share-icon no-text\" href=\"http:\/\/www.rtvnoticias.com.ar\/?p=35862&amp;share=twitter\" target=\"_blank\" title=\"Haz clic para compartir en Twitter\"><span><\/span><span class=\"sharing-screen-reader-text\">Haz clic para compartir en Twitter (Se abre en una ventana nueva)<\/span><\/a><\/li><li class=\"share-facebook\"><a rel=\"nofollow noopener noreferrer\" data-shared=\"sharing-facebook-35862\" class=\"share-facebook sd-button share-icon no-text\" href=\"http:\/\/www.rtvnoticias.com.ar\/?p=35862&amp;share=facebook\" target=\"_blank\" title=\"Haz clic para compartir en Facebook\"><span><\/span><span class=\"sharing-screen-reader-text\">Haz clic para compartir en Facebook (Se abre en una ventana nueva)<\/span><\/a><\/li><li class=\"share-jetpack-whatsapp\"><a rel=\"nofollow noopener noreferrer\" data-shared=\"\" class=\"share-jetpack-whatsapp sd-button share-icon no-text\" href=\"http:\/\/www.rtvnoticias.com.ar\/?p=35862&amp;share=jetpack-whatsapp\" target=\"_blank\" title=\"Haz clic para compartir en WhatsApp\"><span><\/span><span class=\"sharing-screen-reader-text\">Haz clic para compartir en WhatsApp (Se abre en una ventana nueva)<\/span><\/a><\/li><li class=\"share-telegram\"><a rel=\"nofollow noopener noreferrer\" data-shared=\"\" class=\"share-telegram sd-button share-icon no-text\" href=\"http:\/\/www.rtvnoticias.com.ar\/?p=35862&amp;share=telegram\" target=\"_blank\" title=\"Haz clic para compartir en Telegram\"><span><\/span><span class=\"sharing-screen-reader-text\">Haz clic para compartir en Telegram (Se abre en una ventana nueva)<\/span><\/a><\/li><li class=\"share-end\"><\/li><\/ul><\/div><\/div><\/div>","protected":false},"excerpt":{"rendered":"<p>La acusaci\u00f3n tambi\u00e9n alcanza a la asesora de Menores de General Pico, Elisa Cat\u00e1n, por su participaci\u00f3n en el expediente. El bloque del FreJuPa se<\/p>\n<div class=\"sharedaddy sd-sharing-enabled\"><div class=\"robots-nocontent sd-block sd-social sd-social-icon sd-sharing\"><h3 class=\"sd-title\">Comparte esto:<\/h3><div class=\"sd-content\"><ul><li class=\"share-twitter\"><a rel=\"nofollow noopener noreferrer\" data-shared=\"sharing-twitter-35862\" class=\"share-twitter sd-button share-icon no-text\" href=\"http:\/\/www.rtvnoticias.com.ar\/?p=35862&amp;share=twitter\" target=\"_blank\" title=\"Haz clic para compartir en Twitter\"><span><\/span><span class=\"sharing-screen-reader-text\">Haz clic para compartir en Twitter (Se abre en una ventana nueva)<\/span><\/a><\/li><li class=\"share-facebook\"><a rel=\"nofollow noopener noreferrer\" data-shared=\"sharing-facebook-35862\" class=\"share-facebook sd-button share-icon no-text\" href=\"http:\/\/www.rtvnoticias.com.ar\/?p=35862&amp;share=facebook\" target=\"_blank\" title=\"Haz clic para compartir en Facebook\"><span><\/span><span class=\"sharing-screen-reader-text\">Haz clic para compartir en Facebook (Se abre en una ventana nueva)<\/span><\/a><\/li><li class=\"share-jetpack-whatsapp\"><a rel=\"nofollow noopener noreferrer\" data-shared=\"\" class=\"share-jetpack-whatsapp sd-button share-icon no-text\" href=\"http:\/\/www.rtvnoticias.com.ar\/?p=35862&amp;share=jetpack-whatsapp\" target=\"_blank\" title=\"Haz clic para compartir en WhatsApp\"><span><\/span><span class=\"sharing-screen-reader-text\">Haz clic para compartir en WhatsApp (Se abre en una ventana nueva)<\/span><\/a><\/li><li class=\"share-telegram\"><a rel=\"nofollow noopener noreferrer\" data-shared=\"\" class=\"share-telegram sd-button share-icon no-text\" href=\"http:\/\/www.rtvnoticias.com.ar\/?p=35862&amp;share=telegram\" target=\"_blank\" title=\"Haz clic para compartir en Telegram\"><span><\/span><span class=\"sharing-screen-reader-text\">Haz clic para compartir en Telegram (Se abre en una ventana nueva)<\/span><\/a><\/li><li class=\"share-end\"><\/li><\/ul><\/div><\/div><\/div>","protected":false},"author":7,"featured_media":35863,"comment_status":"closed","ping_status":"closed","sticky":false,"template":"","format":"standard","meta":{"spay_email":"","jetpack_publicize_message":"","jetpack_is_tweetstorm":false,"jetpack_publicize_feature_enabled":true},"categories":[4],"tags":[],"jetpack_featured_media_url":"http:\/\/www.rtvnoticias.com.ar\/wp-content\/uploads\/2023\/03\/jury-ratificacion.jpg","jetpack_publicize_connections":[],"jetpack_sharing_enabled":true,"_links":{"self":[{"href":"http:\/\/www.rtvnoticias.com.ar\/index.php?rest_route=\/wp\/v2\/posts\/35862"}],"collection":[{"href":"http:\/\/www.rtvnoticias.com.ar\/index.php?rest_route=\/wp\/v2\/posts"}],"about":[{"href":"http:\/\/www.rtvnoticias.com.ar\/index.php?rest_route=\/wp\/v2\/types\/post"}],"author":[{"embeddable":true,"href":"http:\/\/www.rtvnoticias.com.ar\/index.php?rest_route=\/wp\/v2\/users\/7"}],"replies":[{"embeddable":true,"href":"http:\/\/www.rtvnoticias.com.ar\/index.php?rest_route=%2Fwp%2Fv2%2Fcomments&post=35862"}],"version-history":[{"count":1,"href":"http:\/\/www.rtvnoticias.com.ar\/index.php?rest_route=\/wp\/v2\/posts\/35862\/revisions"}],"predecessor-version":[{"id":35864,"href":"http:\/\/www.rtvnoticias.com.ar\/index.php?rest_route=\/wp\/v2\/posts\/35862\/revisions\/35864"}],"wp:featuredmedia":[{"embeddable":true,"href":"http:\/\/www.rtvnoticias.com.ar\/index.php?rest_route=\/wp\/v2\/media\/35863"}],"wp:attachment":[{"href":"http:\/\/www.rtvnoticias.com.ar\/index.php?rest_route=%2Fwp%2Fv2%2Fmedia&parent=35862"}],"wp:term":[{"taxonomy":"category","embeddable":true,"href":"http:\/\/www.rtvnoticias.com.ar\/index.php?rest_route=%2Fwp%2Fv2%2Fcategories&post=35862"},{"taxonomy":"post_tag","embeddable":true,"href":"http:\/\/www.rtvnoticias.com.ar\/index.php?rest_route=%2Fwp%2Fv2%2Ftags&post=35862"}],"curies":[{"name":"wp","href":"https:\/\/api.w.org\/{rel}","templated":true}]}}