{"id":35870,"date":"2023-03-10T09:55:15","date_gmt":"2023-03-10T12:55:15","guid":{"rendered":"http:\/\/www.rtvnoticias.com.ar\/?p=35870"},"modified":"2023-03-10T09:55:18","modified_gmt":"2023-03-10T12:55:18","slug":"cristina-kirchner-recupera-el-centro-de-la-escena-en-el-frente-de-todos-y-reaparece-en-publico","status":"publish","type":"post","link":"http:\/\/www.rtvnoticias.com.ar\/?p=35870","title":{"rendered":"Cristina Kirchner recupera el centro de la escena en el Frente de Todos y reaparece en p\u00fablico"},"content":{"rendered":"\n<p class=\"has-text-align-center\"><strong>La vicepresidenta dar\u00e1 una conferencia en la Universidad Nacional de R\u00edo Negro, en la que recibir\u00e1 un doctorado honoris causa.<\/strong><\/p>\n\n\n\n<p>La vicepresidenta Cristina Kirchner reaparecer\u00e1 el viernes durante una conferencia en la Universidad Nacional de R\u00edo Negro, en la que recibir\u00e1 un doctorado honoris causa, en medio de la interna oficialista.<\/p>\n\n\n\n<p>El evento lleva como t\u00edtulo \u00ab\u00bfHegemon\u00eda o consenso? Ruptura del pacto democr\u00e1tico en una econom\u00eda bimonetaria: inflaci\u00f3n y FMI, crisis de deuda y fragmentaci\u00f3n pol\u00edtica\u00bb.<\/p>\n\n\n\n<p>La ex mandataria romper\u00e1 el silencio en medio del operativo clamor que lanzar\u00e1 La C\u00e1mpora este s\u00e1bado, tras compartir la apertura de sesiones ordinarias junto al presidente Alberto Fern\u00e1ndez.<\/p>\n\n\n\n<p>El acto que organiza el ala kirchnerista m\u00e1s dura tendr\u00e1 formato de plenario y se realizar\u00e1 a las 16 en la sede de la Universidad Tecnol\u00f3gica Nacional (UTN) de Avellaneda, ubicada en la calle Ram\u00f3n Franco 5050.<\/p>\n\n\n\n<p>Su objetivo es que la titular del Senado revise su decisi\u00f3n de no ser candidata a nada, algo que hab\u00eda anunciado tras ser condenada a seis a\u00f1os de c\u00e1rcel e inhabilitaci\u00f3n de por vida para ejercer cargos p\u00fablicos por delitos contra la administraci\u00f3n p\u00fablica en la adjudicaci\u00f3n de obra p\u00fablica en Santa Cruz.<\/p>\n\n\n\n<p>Despu\u00e9s de la mesa del Frente de Todos, y en la que sus integrantes coincidieron en el repudio a la situaci\u00f3n judicial de Cristina Kirchner, el oficialismo volvi\u00f3 a sacarse chispas con declaraciones cruzadas en torno a la precandidatura presidencial que representar\u00e1 a la coalici\u00f3n.<\/p>\n<div class=\"sharedaddy sd-sharing-enabled\"><div class=\"robots-nocontent sd-block sd-social sd-social-icon sd-sharing\"><h3 class=\"sd-title\">Comparte esto:<\/h3><div class=\"sd-content\"><ul><li class=\"share-twitter\"><a rel=\"nofollow noopener noreferrer\" data-shared=\"sharing-twitter-35870\" class=\"share-twitter sd-button share-icon no-text\" href=\"http:\/\/www.rtvnoticias.com.ar\/?p=35870&amp;share=twitter\" target=\"_blank\" title=\"Haz clic para compartir en Twitter\"><span><\/span><span class=\"sharing-screen-reader-text\">Haz clic para compartir en Twitter (Se abre en una ventana nueva)<\/span><\/a><\/li><li class=\"share-facebook\"><a rel=\"nofollow noopener noreferrer\" data-shared=\"sharing-facebook-35870\" class=\"share-facebook sd-button share-icon no-text\" href=\"http:\/\/www.rtvnoticias.com.ar\/?p=35870&amp;share=facebook\" target=\"_blank\" title=\"Haz clic para compartir en Facebook\"><span><\/span><span class=\"sharing-screen-reader-text\">Haz clic para compartir en Facebook (Se abre en una ventana nueva)<\/span><\/a><\/li><li class=\"share-jetpack-whatsapp\"><a rel=\"nofollow noopener noreferrer\" data-shared=\"\" class=\"share-jetpack-whatsapp sd-button share-icon no-text\" href=\"http:\/\/www.rtvnoticias.com.ar\/?p=35870&amp;share=jetpack-whatsapp\" target=\"_blank\" title=\"Haz clic para compartir en WhatsApp\"><span><\/span><span class=\"sharing-screen-reader-text\">Haz clic para compartir en WhatsApp (Se abre en una ventana nueva)<\/span><\/a><\/li><li class=\"share-telegram\"><a rel=\"nofollow noopener noreferrer\" data-shared=\"\" class=\"share-telegram sd-button share-icon no-text\" href=\"http:\/\/www.rtvnoticias.com.ar\/?p=35870&amp;share=telegram\" target=\"_blank\" title=\"Haz clic para compartir en Telegram\"><span><\/span><span class=\"sharing-screen-reader-text\">Haz clic para compartir en Telegram (Se abre en una ventana nueva)<\/span><\/a><\/li><li class=\"share-end\"><\/li><\/ul><\/div><\/div><\/div>","protected":false},"excerpt":{"rendered":"<p>La vicepresidenta dar\u00e1 una conferencia en la Universidad Nacional de R\u00edo Negro, en la que recibir\u00e1 un doctorado honoris causa. La vicepresidenta Cristina Kirchner reaparecer\u00e1<\/p>\n<div class=\"sharedaddy sd-sharing-enabled\"><div class=\"robots-nocontent sd-block sd-social sd-social-icon sd-sharing\"><h3 class=\"sd-title\">Comparte esto:<\/h3><div class=\"sd-content\"><ul><li class=\"share-twitter\"><a rel=\"nofollow noopener noreferrer\" data-shared=\"sharing-twitter-35870\" class=\"share-twitter sd-button share-icon no-text\" href=\"http:\/\/www.rtvnoticias.com.ar\/?p=35870&amp;share=twitter\" target=\"_blank\" title=\"Haz clic para compartir en Twitter\"><span><\/span><span class=\"sharing-screen-reader-text\">Haz clic para compartir en Twitter (Se abre en una ventana nueva)<\/span><\/a><\/li><li class=\"share-facebook\"><a rel=\"nofollow noopener noreferrer\" data-shared=\"sharing-facebook-35870\" class=\"share-facebook sd-button share-icon no-text\" href=\"http:\/\/www.rtvnoticias.com.ar\/?p=35870&amp;share=facebook\" target=\"_blank\" title=\"Haz clic para compartir en Facebook\"><span><\/span><span class=\"sharing-screen-reader-text\">Haz clic para compartir en Facebook (Se abre en una ventana nueva)<\/span><\/a><\/li><li class=\"share-jetpack-whatsapp\"><a rel=\"nofollow noopener noreferrer\" data-shared=\"\" class=\"share-jetpack-whatsapp sd-button share-icon no-text\" href=\"http:\/\/www.rtvnoticias.com.ar\/?p=35870&amp;share=jetpack-whatsapp\" target=\"_blank\" title=\"Haz clic para compartir en WhatsApp\"><span><\/span><span class=\"sharing-screen-reader-text\">Haz clic para compartir en WhatsApp (Se abre en una ventana nueva)<\/span><\/a><\/li><li class=\"share-telegram\"><a rel=\"nofollow noopener noreferrer\" data-shared=\"\" class=\"share-telegram sd-button share-icon no-text\" href=\"http:\/\/www.rtvnoticias.com.ar\/?p=35870&amp;share=telegram\" target=\"_blank\" title=\"Haz clic para compartir en Telegram\"><span><\/span><span class=\"sharing-screen-reader-text\">Haz clic para compartir en Telegram (Se abre en una ventana nueva)<\/span><\/a><\/li><li class=\"share-end\"><\/li><\/ul><\/div><\/div><\/div>","protected":false},"author":7,"featured_media":16227,"comment_status":"closed","ping_status":"closed","sticky":false,"template":"","format":"standard","meta":{"spay_email":"","jetpack_publicize_message":"","jetpack_is_tweetstorm":false,"jetpack_publicize_feature_enabled":true},"categories":[5],"tags":[],"jetpack_featured_media_url":"http:\/\/www.rtvnoticias.com.ar\/wp-content\/uploads\/2019\/10\/cfk.jpg","jetpack_publicize_connections":[],"jetpack_sharing_enabled":true,"_links":{"self":[{"href":"http:\/\/www.rtvnoticias.com.ar\/index.php?rest_route=\/wp\/v2\/posts\/35870"}],"collection":[{"href":"http:\/\/www.rtvnoticias.com.ar\/index.php?rest_route=\/wp\/v2\/posts"}],"about":[{"href":"http:\/\/www.rtvnoticias.com.ar\/index.php?rest_route=\/wp\/v2\/types\/post"}],"author":[{"embeddable":true,"href":"http:\/\/www.rtvnoticias.com.ar\/index.php?rest_route=\/wp\/v2\/users\/7"}],"replies":[{"embeddable":true,"href":"http:\/\/www.rtvnoticias.com.ar\/index.php?rest_route=%2Fwp%2Fv2%2Fcomments&post=35870"}],"version-history":[{"count":1,"href":"http:\/\/www.rtvnoticias.com.ar\/index.php?rest_route=\/wp\/v2\/posts\/35870\/revisions"}],"predecessor-version":[{"id":35871,"href":"http:\/\/www.rtvnoticias.com.ar\/index.php?rest_route=\/wp\/v2\/posts\/35870\/revisions\/35871"}],"wp:featuredmedia":[{"embeddable":true,"href":"http:\/\/www.rtvnoticias.com.ar\/index.php?rest_route=\/wp\/v2\/media\/16227"}],"wp:attachment":[{"href":"http:\/\/www.rtvnoticias.com.ar\/index.php?rest_route=%2Fwp%2Fv2%2Fmedia&parent=35870"}],"wp:term":[{"taxonomy":"category","embeddable":true,"href":"http:\/\/www.rtvnoticias.com.ar\/index.php?rest_route=%2Fwp%2Fv2%2Fcategories&post=35870"},{"taxonomy":"post_tag","embeddable":true,"href":"http:\/\/www.rtvnoticias.com.ar\/index.php?rest_route=%2Fwp%2Fv2%2Ftags&post=35870"}],"curies":[{"name":"wp","href":"https:\/\/api.w.org\/{rel}","templated":true}]}}